{"id":10078,"date":"2024-06-09T03:24:00","date_gmt":"2024-06-09T03:24:00","guid":{"rendered":"http:\/\/samanoticiasdurango.com\/?p=10078"},"modified":"2024-06-09T03:24:01","modified_gmt":"2024-06-09T03:24:01","slug":"crimen-organizado-en-tila-chiapas-ha-desplazado-a-mas-de-4-mil-indigenas","status":"publish","type":"post","link":"https:\/\/samanoticiasdurango.com\/index.php\/2024\/06\/09\/crimen-organizado-en-tila-chiapas-ha-desplazado-a-mas-de-4-mil-indigenas\/","title":{"rendered":"<a href=\"https:\/\/lopezdoriga.com\/nacional\/crimen-organizado-tila-chiapas-desplazado-mas-4-mil-indigenas\/\">Crimen organizado en Tila, Chiapas, ha desplazado a m\u00e1s de 4 mil ind\u00edgenas<\/a>"},"content":{"rendered":"\n<p>M\u00e1s de&nbsp;<strong>cuatro mil ind\u00edgenas choles<\/strong>&nbsp;fueron&nbsp;<strong>desplazados<\/strong>&nbsp;por la&nbsp;<strong>violencia<\/strong>&nbsp;que azota a la localidad de&nbsp;<strong>Tila<\/strong>, en&nbsp;<strong>Chiapas<\/strong>, ante la presencia del grupo armado denominado&nbsp;<strong>Los Aut\u00f3nomos<\/strong>, quienes tambi\u00e9n son reconocidos como \u2018karma\u2019 y la&nbsp;<strong>Fuerza Armada de Tila<\/strong>&nbsp;(FAT).<\/p>\n\n\n\n<blockquote class=\"wp-block-quote is-layout-flow wp-block-quote-is-layout-flow\">\n<p>Salieron de la antigua cabecera municipal de Tila. No nos esper\u00e1bamos que saliera mucha gente, sab\u00edamos que iba a haber una evacuaci\u00f3n como de 10 o 15 familias, nada m\u00e1s; sin embargo, fueron camiones, camiones y m\u00e1s camiones de personas que llegaron\u201d, dijo&nbsp;<strong>Juan N\u00fa\u00f1ez Cancino<\/strong>, delegado de<strong>&nbsp;Protecci\u00f3n Civil regi\u00f3n Cho\u2019l.<\/strong><\/p>\n<\/blockquote>\n\n\n\n<p>A\u00f1adi\u00f3 que tan solo en la unidad deportiva de Petlalcingo alcanzaron a dar albergue a m\u00e1s de tres mil ind\u00edgenas desplazados de la sure\u00f1a localidad.<\/p>\n\n\n\n<p>El delegado detall\u00f3 que muchas de las personas exiliadas no se contabilizaron porque se refugiaron en casas solidarias en Tumbal\u00e1, Yajal\u00f3n, Sabanilla, Ocosingo, Comit\u00e1n, en el mismo Chiapas.<\/p>\n\n\n\n<p>Otros m\u00e1s, abund\u00f3, se fueron a la ciudad de Tuxtla Guti\u00e9rrez, San Crist\u00f3bal de Las Casas, ambos municipios chiapanecos; y Canc\u00fan, en el estado de Quintana Roo.<\/p>\n\n\n\n<blockquote class=\"wp-block-quote is-layout-flow wp-block-quote-is-layout-flow\">\n<p>En este momento pr\u00e1cticamente Tila est\u00e1 abandonado\u201d, lament\u00f3 el funcionario.<\/p>\n<\/blockquote>\n\n\n\n<p>El \u00e9xodo de las familias de Tila se da luego de que los pobladores vivieran casi cinco d\u00edas atrincherados en la zozobra y el terror infundado por los grupos delincuenciales.<\/p>\n\n\n\n<p>Por ello, con la llegada de&nbsp;<strong>500 miembros<\/strong>&nbsp;de las&nbsp;<strong>fuerzas federales y estatales<\/strong>&nbsp;ayer, los ind\u00edgenas choles no dudaron en huir de su localidad.<\/p>\n\n\n\n<p>En tanto, los militares y agentes ministeriales de la&nbsp;<a href=\"https:\/\/www.fge.chiapas.gob.mx\/\" target=\"_blank\" rel=\"noreferrer noopener\"><strong>Fiscal\u00eda de Chiapas<\/strong><\/a>&nbsp;realizaron un recorrido por las calles para levantar evidencias y a su vez llevar a cabo las diligencias correspondientes por los delitos de homicidio, atentado contra la paz, entre otros.<\/p>\n\n\n\n<p>Los elementos de seguridad federal, estatal y municipales tambi\u00e9n se enfrentaron a un reducido grupo de la etnia de choles, denominados los \u2018Aut\u00f3nomos\u2019 e identificados como generadores de la violencia en esta localidad. Mismos que encararon y protestaron con palos en mano al Ej\u00e9rcito, Guardia Nacional, bajo la consigna: \u201cfuera Ej\u00e9rcito, fuera Ej\u00e9rcito\u201d.<\/p>\n\n\n\n<p>De acuerdo con fuentes oficiales, reportaron el hallazgo de dos muertos y cinco heridos en el lugar de los hechos, uno m\u00e1s que muri\u00f3 antes de llegar al nosocomio.<\/p>\n\n\n\n<p>No obstante, de forma extraoficial, los habitantes registran m\u00e1s de 10 muertos, as\u00ed como violaciones a mujeres y ni\u00f1as, quienes defend\u00edan su patrimonio.<\/p>\n\n\n\n<h3 class=\"wp-block-heading\">Tila, un pueblo desolado<\/h3>\n\n\n\n<p>Ahora, el pueblo luce desolado, en las calles se encuentran las evidencias de la violencia que vivieron los pobladores de esta localidad en el sur de M\u00e9xico por al menos 120 horas que, algunos entrevistados por EFE, calificaron \u201cde terror\u201d, como lo expres\u00f3 Mar\u00eda L\u00f3pez.<\/p>\n\n\n\n<blockquote class=\"wp-block-quote is-layout-flow wp-block-quote-is-layout-flow\">\n<p>Nos desalojaron de nuestra casa, dejamos nuestros animales, m\u00e1s nuestra casa, no tenemos donde ir, es el \u00fanico refugio que tenemos. Ellos nos sacaron a la fuerza, sin coraz\u00f3n, no pensaron en los ni\u00f1os, no piensan en los enfermos\u201d, sostuvo.<\/p>\n<\/blockquote>\n\n\n\n<p>Al cuestionar sobre alguna advertencia previo al ataque, Mar\u00eda respondi\u00f3 que recibieron amenazas, pero llegaron al punto en el que delincuentes cumplieron su palabra.<\/p>\n\n\n\n<p>La mayor\u00eda de las personas salieron en cuanto pudieron, un grupo amplio de adultos mayores decidieron quedarse de forma voluntaria para resguardar sus pertenencias o por enfermedad, mientras que otros no lograron salir debido a las agresiones.<\/p>\n\n\n\n<p>Ante el \u00e9xodo inesperado, las autoridades municipales de Yajal\u00f3n instalaron albergues municipales en los auditorios deportivos, donde los desplazados recibieron alimentos, cobijas, vestido, colchonetas y atenciones m\u00e9dicas.<\/p>\n\n\n\n<p>Durante el operativo, las fuerzas federales y estatales localizaron a cinco personas lesionadas, que responden a los nombres de Alejandro \u201cN\u201d, Edilberto \u201cN\u201d, Bel\u00e9n \u201cN\u201d, Ang\u00e9lica \u201cN\u201d y un adolescente de identidad resguardada, quienes fueron trasladados a diversos hospitales v\u00eda terrestre y a\u00e9rea para su atenci\u00f3n m\u00e9dica.<\/p>\n\n\n\n<p>De acuerdo con los registros hist\u00f3ricos, este es el segundo episodio m\u00e1s violento que vive el municipio de Tila. El primero ocurri\u00f3 en noviembre de 2023, cuando tambi\u00e9n la cabecera municipal permaneci\u00f3 sitiada por casi 15 d\u00edas y dej\u00f3 como salado ocho j\u00f3venes muertos.<\/p>\n\n\n\n<p><strong>Con informaci\u00f3n de EFE<\/strong><\/p>\n","protected":false},"excerpt":{"rendered":"<p>M\u00e1s de&nbsp;cuatro mil ind\u00edgenas choles&nbsp;fueron&nbsp;desplazados&nbsp;por la&nbsp;violencia&nbsp;que azota a la localidad de&nbsp;Tila, en&nbsp;Chiapas, ante la presencia<\/p>\n","protected":false},"author":1,"featured_media":10079,"comment_status":"open","ping_status":"open","sticky":false,"template":"","format":"standard","meta":{"om_disable_all_campaigns":false,"_monsterinsights_skip_tracking":false,"_monsterinsights_sitenote_active":false,"_monsterinsights_sitenote_note":"","_monsterinsights_sitenote_category":0,"_jetpack_memberships_contains_paid_content":false,"footnotes":"","jetpack_publicize_message":"","jetpack_publicize_feature_enabled":true,"jetpack_social_post_already_shared":false,"jetpack_social_options":{"image_generator_settings":{"template":"highway","enabled":false},"version":2}},"categories":[5],"tags":[],"class_list":["post-10078","post","type-post","status-publish","format-standard","has-post-thumbnail","hentry","category-nacional"],"jetpack_publicize_connections":[],"aioseo_notices":[],"jetpack_featured_media_url":"https:\/\/samanoticiasdurango.com\/wp-content\/uploads\/tila-chiapas-violencia-1536x1024-1.jpg","featured_image_urls":{"full":["https:\/\/samanoticiasdurango.com\/wp-content\/uploads\/tila-chiapas-violencia-1536x1024-1.jpg",1536,1024,false],"thumbnail":["https:\/\/samanoticiasdurango.com\/wp-content\/uploads\/tila-chiapas-violencia-1536x1024-1-150x150.jpg",150,150,true],"medium":["https:\/\/samanoticiasdurango.com\/wp-content\/uploads\/tila-chiapas-violencia-1536x1024-1-300x200.jpg",300,200,true],"medium_large":["https:\/\/samanoticiasdurango.com\/wp-content\/uploads\/tila-chiapas-violencia-1536x1024-1-768x512.jpg",640,427,true],"large":["https:\/\/samanoticiasdurango.com\/wp-content\/uploads\/tila-chiapas-violencia-1536x1024-1-1024x683.jpg",640,427,true],"1536x1536":["https:\/\/samanoticiasdurango.com\/wp-content\/uploads\/tila-chiapas-violencia-1536x1024-1.jpg",1536,1024,false],"2048x2048":["https:\/\/samanoticiasdurango.com\/wp-content\/uploads\/tila-chiapas-violencia-1536x1024-1.jpg",1536,1024,false],"chromenews-featured":["https:\/\/samanoticiasdurango.com\/wp-content\/uploads\/tila-chiapas-violencia-1536x1024-1-1024x683.jpg",1024,683,true],"chromenews-large":["https:\/\/samanoticiasdurango.com\/wp-content\/uploads\/tila-chiapas-violencia-1536x1024-1-825x575.jpg",825,575,true],"chromenews-medium":["https:\/\/samanoticiasdurango.com\/wp-content\/uploads\/tila-chiapas-violencia-1536x1024-1-590x410.jpg",590,410,true]},"author_info":{"display_name":"Redacci\u00f3n","author_link":"https:\/\/samanoticiasdurango.com\/index.php\/author\/jjsama13gmail-com\/"},"category_info":"<a href=\"https:\/\/samanoticiasdurango.com\/index.php\/category\/nacional\/\" rel=\"category tag\">NACIONAL<\/a>","tag_info":"NACIONAL","comment_count":"0","jetpack_sharing_enabled":true,"_links":{"self":[{"href":"https:\/\/samanoticiasdurango.com\/index.php\/wp-json\/wp\/v2\/posts\/10078","targetHints":{"allow":["GET"]}}],"collection":[{"href":"https:\/\/samanoticiasdurango.com\/index.php\/wp-json\/wp\/v2\/posts"}],"about":[{"href":"https:\/\/samanoticiasdurango.com\/index.php\/wp-json\/wp\/v2\/types\/post"}],"author":[{"embeddable":true,"href":"https:\/\/samanoticiasdurango.com\/index.php\/wp-json\/wp\/v2\/users\/1"}],"replies":[{"embeddable":true,"href":"https:\/\/samanoticiasdurango.com\/index.php\/wp-json\/wp\/v2\/comments?post=10078"}],"version-history":[{"count":1,"href":"https:\/\/samanoticiasdurango.com\/index.php\/wp-json\/wp\/v2\/posts\/10078\/revisions"}],"predecessor-version":[{"id":10080,"href":"https:\/\/samanoticiasdurango.com\/index.php\/wp-json\/wp\/v2\/posts\/10078\/revisions\/10080"}],"wp:featuredmedia":[{"embeddable":true,"href":"https:\/\/samanoticiasdurango.com\/index.php\/wp-json\/wp\/v2\/media\/10079"}],"wp:attachment":[{"href":"https:\/\/samanoticiasdurango.com\/index.php\/wp-json\/wp\/v2\/media?parent=10078"}],"wp:term":[{"taxonomy":"category","embeddable":true,"href":"https:\/\/samanoticiasdurango.com\/index.php\/wp-json\/wp\/v2\/categories?post=10078"},{"taxonomy":"post_tag","embeddable":true,"href":"https:\/\/samanoticiasdurango.com\/index.php\/wp-json\/wp\/v2\/tags?post=10078"}],"curies":[{"name":"wp","href":"https:\/\/api.w.org\/{rel}","templated":true}]}}