{"id":10183,"date":"2024-06-24T02:20:39","date_gmt":"2024-06-24T02:20:39","guid":{"rendered":"http:\/\/samanoticiasdurango.com\/?p=10183"},"modified":"2024-06-24T02:22:53","modified_gmt":"2024-06-24T02:22:53","slug":"vinicius-vs-messi-lucha-por-el-balon-de-oro-se-disputa-en-la-copa-america","status":"publish","type":"post","link":"https:\/\/samanoticiasdurango.com\/index.php\/2024\/06\/24\/vinicius-vs-messi-lucha-por-el-balon-de-oro-se-disputa-en-la-copa-america\/","title":{"rendered":"Vin\u00edcius vs. Messi, lucha por el Bal\u00f3n de Oro se disputa en la Copa Am\u00e9rica"},"content":{"rendered":"\n<p>La&nbsp;<strong>Copa Am\u00e9rica de Estados Unidos<\/strong>&nbsp;ser\u00e1 el escenario donde se librar\u00e1 una de las grandes batallas por el&nbsp;<strong>Bal\u00f3n de Oro<\/strong>&nbsp;entre&nbsp;<strong>Vin\u00edcius J\u00fanior<\/strong>, el futbolista m\u00e1s en forma del momento, y&nbsp;<strong>Lionel Messi<\/strong>, considerado por muchos el mejor del mundo mientras siga en activo.<\/p>\n\n\n\n<p>El delantero del&nbsp;<strong>Real Madrid<\/strong>&nbsp;lidera a una selecci\u00f3n brasile\u00f1a sin&nbsp;<strong>Neymar<\/strong>, a\u00fan de baja por una rotura del ligamento cruzado y el menisco de la rodilla izquierda, y en proceso de reconstrucci\u00f3n tras un 2023 repleto de malas noticias.<\/p>\n\n\n\n<p><strong>Messi<\/strong>&nbsp;vive en&nbsp;<strong>Inter Miami<\/strong>&nbsp;sus \u00faltimos a\u00f1os de corto, pero como jefe absoluto de&nbsp;<strong>Argentina<\/strong>, la mejor selecci\u00f3n del planeta en la actualidad, seg\u00fan la clasificaci\u00f3n de la&nbsp;<strong>FIFA<\/strong>, despu\u00e9s de coronarse en el Mundial de Catar 2022.<\/p>\n\n\n\n<p>El duelo est\u00e1 servido. El vencedor se acercar\u00e1 al&nbsp;<strong>Bal\u00f3n de Oro<\/strong>. Messi gan\u00f3 el \u00faltimo, su octavo.&nbsp;<strong>Vinicius<\/strong>&nbsp;persigue el primero para \u00e9l y el primero para Brasil desde que Kak\u00e1 lo gan\u00f3 en 2007.<\/p>\n\n\n\n<h3 class=\"wp-block-heading\">Vin\u00edcius total: goles, asistencias y t\u00edtulos<\/h3>\n\n\n\n<p>El jugador de&nbsp;<strong>S\u00e3o Gon\u00e7alo<\/strong>&nbsp;viene de firmar una temporada excepcional con Real Madrid: campe\u00f3n de Liga, de la Supercopa de Espa\u00f1a y de la Liga de Campeones de Europa, siendo fundamental en semifinales y en la final contra el&nbsp;<strong>Borussia Dortmund<\/strong>.<\/p>\n\n\n\n<p>En total, 24 goles y 9 asistencias en 39 partidos.<\/p>\n\n\n\n<p>Su valor de mercado alcanza los 180 millones de euros. Es uno de los cuatro jugadores m\u00e1s valiosos junto con el noruego Erling Haaland (<strong>Manchester City<\/strong>), el ingl\u00e9s Jude Bellingham (Real Madrid) y el franc\u00e9s Kylian Mbapp\u00e9 (Real Madrid), con el que compartir\u00e1 vestuario a partir del pr\u00f3ximo curso.<\/p>\n\n\n\n<figure class=\"wp-block-image\" id=\"attachment_1609809\"><img decoding=\"async\" src=\"https:\/\/i0.wp.com\/lopezdoriga.com\/wp-content\/uploads\/2024\/04\/manchester-city-sale-vivo-del-santiago-bernabeu-2.jpg?resize=1024%2C684&amp;ssl=1\" alt=\"Vin\u00edcius vs. Messi, lucha por el Bal\u00f3n de Oro se disputa en la Copa Am\u00e9rica - manchester-city-sale-vivo-del-santiago-bernabeu-2-1024x684\" class=\"wp-image-1609809\" title=\"\"\/><figcaption class=\"wp-element-caption\">MADRID, 09\/04\/2024.- El delantero brasile\u00f1o del Real Madrid Vinicius Jr. se lamenta durante el partido de ida de cuartos de final de la Liga de Campeones que Real Madrid y Manchester City disputan este martes en el estadio Santiago Bernab\u00e9u. EFE\/Kiko Huesca<\/figcaption><\/figure>\n\n\n\n<p>Pero a Vin\u00edcius, cerca de cumplir 24 a\u00f1os, le falta mostrar en la selecci\u00f3n el nivel sobresaliente alcanzado con su club.<br>Suma unos 1.700 minutos con la absoluta repartidos en 30 partidos en los que apenas ha transformado 3 goles. Pas\u00f3 de puntillas en la Copa Am\u00e9rica de 2021, siendo suplente, y en Catar no brill\u00f3.<\/p>\n\n\n\n<p>En&nbsp;<strong>Estados Unidos<\/strong>, todos los focos est\u00e1n puestos en \u00e9l.<\/p>\n\n\n\n<h3 class=\"wp-block-heading\">El aura eterna de Messi<\/h3>\n\n\n\n<p>A sus casi 37 a\u00f1os,&nbsp;<strong>Messi<\/strong>&nbsp;afronta esta&nbsp;<strong>Copa Am\u00e9rica<\/strong>&nbsp;sin la presi\u00f3n que supon\u00eda enfundarse la Albiceleste antes de Catar 2022.<\/p>\n\n\n\n<p>Llega liberado y con un grupo m\u00e1s que consolidado que ya ha mostrado su fortaleza en las eliminatorias suramericanas para el Mundial de 2026, que lidera con cinco victorias y una derrota en las seis jornadas disputadas hasta el momento.<\/p>\n\n\n\n<p>A nivel de clubes, en lo que va de campa\u00f1a ha marcado 14 goles y dado 11 asistencias en 15 partidos con Inter Miami entre \u2018<strong>Concachampions<\/strong>\u2018 y la&nbsp;<strong>MLS<\/strong>, un campeonato de menor exigencia que los europeos, pero cada vez m\u00e1s competitivo.<\/p>\n\n\n\n<figure class=\"wp-block-image\" id=\"attachment_1627331\"><img decoding=\"async\" src=\"https:\/\/i0.wp.com\/lopezdoriga.com\/wp-content\/uploads\/2024\/06\/inter-miami-lionel-messi.jpg?resize=1024%2C683&amp;ssl=1\" alt=\"Vin\u00edcius vs. Messi, lucha por el Bal\u00f3n de Oro se disputa en la Copa Am\u00e9rica - inter-miami-lionel-messi-1024x683\" class=\"wp-image-1627331\" title=\"\"\/><figcaption class=\"wp-element-caption\">Imagen de archivo del futbolista argentino del Inter Miamim Lionel Messi. Foto de EFE\/CJ GUNTHER<\/figcaption><\/figure>\n\n\n\n<p>Y en la selecci\u00f3n mantiene el tono. En el amistoso del pasado viernes ganado por 4-1 a Guatemala dio una nueva exhibici\u00f3n al anotar dos goles en 90 minutos de participaci\u00f3n.<\/p>\n\n\n\n<p>De retener el t\u00edtulo conseguido en 2021 a expensas de Brasil y conquistar su segunda Copa Am\u00e9rica, no faltar\u00e1n los debates sobre si Messi merece ser candidato al Bal\u00f3n de Oro junto con Vin\u00edcius, Bellingham, Mbapp\u00e9 y el alem\u00e1n Toni Kroos.<\/p>\n\n\n\n<p>El \u00faltimo que gan\u00f3, en 2023, fundamentado en el recuerdo de Catar 2022, ya gener\u00f3 una intensa pol\u00e9mica en un a\u00f1o en el que&nbsp;<strong>Haaland<\/strong>&nbsp;lo gan\u00f3 todo con el City.<\/p>\n\n\n\n<p>Pero para muchos entrenadores, jugadores y periodistas, el de Rosario ser\u00e1 el mejor de siempre juegue en Espa\u00f1a, Estados Unidos o en Marte.<\/p>\n\n\n\n<p><strong>Con informaci\u00f3n de EFE, por Carlos Meneses<\/strong><\/p>\n","protected":false},"excerpt":{"rendered":"<p>La&nbsp;Copa Am\u00e9rica de Estados Unidos&nbsp;ser\u00e1 el escenario donde se librar\u00e1 una de las grandes batallas<\/p>\n","protected":false},"author":1,"featured_media":10186,"comment_status":"open","ping_status":"open","sticky":false,"template":"","format":"standard","meta":{"om_disable_all_campaigns":false,"_monsterinsights_skip_tracking":false,"_monsterinsights_sitenote_active":false,"_monsterinsights_sitenote_note":"","_monsterinsights_sitenote_category":0,"_jetpack_memberships_contains_paid_content":false,"footnotes":"","jetpack_publicize_message":"","jetpack_publicize_feature_enabled":true,"jetpack_social_post_already_shared":false,"jetpack_social_options":{"image_generator_settings":{"template":"highway","enabled":false},"version":2}},"categories":[10],"tags":[],"class_list":["post-10183","post","type-post","status-publish","format-standard","has-post-thumbnail","hentry","category-deportes"],"jetpack_publicize_connections":[],"aioseo_notices":[],"jetpack_featured_media_url":"https:\/\/samanoticiasdurango.com\/wp-content\/uploads\/18.jpg","featured_image_urls":{"full":["https:\/\/samanoticiasdurango.com\/wp-content\/uploads\/18.jpg",680,383,false],"thumbnail":["https:\/\/samanoticiasdurango.com\/wp-content\/uploads\/18-150x150.jpg",150,150,true],"medium":["https:\/\/samanoticiasdurango.com\/wp-content\/uploads\/18-300x169.jpg",300,169,true],"medium_large":["https:\/\/samanoticiasdurango.com\/wp-content\/uploads\/18.jpg",640,360,false],"large":["https:\/\/samanoticiasdurango.com\/wp-content\/uploads\/18.jpg",640,360,false],"1536x1536":["https:\/\/samanoticiasdurango.com\/wp-content\/uploads\/18.jpg",680,383,false],"2048x2048":["https:\/\/samanoticiasdurango.com\/wp-content\/uploads\/18.jpg",680,383,false],"chromenews-featured":["https:\/\/samanoticiasdurango.com\/wp-content\/uploads\/18.jpg",680,383,false],"chromenews-large":["https:\/\/samanoticiasdurango.com\/wp-content\/uploads\/18.jpg",680,383,false],"chromenews-medium":["https:\/\/samanoticiasdurango.com\/wp-content\/uploads\/18-590x383.jpg",590,383,true]},"author_info":{"display_name":"Redacci\u00f3n","author_link":"https:\/\/samanoticiasdurango.com\/index.php\/author\/jjsama13gmail-com\/"},"category_info":"<a href=\"https:\/\/samanoticiasdurango.com\/index.php\/category\/deportes\/\" rel=\"category tag\">DEPORTES<\/a>","tag_info":"DEPORTES","comment_count":"0","jetpack_sharing_enabled":true,"_links":{"self":[{"href":"https:\/\/samanoticiasdurango.com\/index.php\/wp-json\/wp\/v2\/posts\/10183","targetHints":{"allow":["GET"]}}],"collection":[{"href":"https:\/\/samanoticiasdurango.com\/index.php\/wp-json\/wp\/v2\/posts"}],"about":[{"href":"https:\/\/samanoticiasdurango.com\/index.php\/wp-json\/wp\/v2\/types\/post"}],"author":[{"embeddable":true,"href":"https:\/\/samanoticiasdurango.com\/index.php\/wp-json\/wp\/v2\/users\/1"}],"replies":[{"embeddable":true,"href":"https:\/\/samanoticiasdurango.com\/index.php\/wp-json\/wp\/v2\/comments?post=10183"}],"version-history":[{"count":1,"href":"https:\/\/samanoticiasdurango.com\/index.php\/wp-json\/wp\/v2\/posts\/10183\/revisions"}],"predecessor-version":[{"id":10184,"href":"https:\/\/samanoticiasdurango.com\/index.php\/wp-json\/wp\/v2\/posts\/10183\/revisions\/10184"}],"wp:featuredmedia":[{"embeddable":true,"href":"https:\/\/samanoticiasdurango.com\/index.php\/wp-json\/wp\/v2\/media\/10186"}],"wp:attachment":[{"href":"https:\/\/samanoticiasdurango.com\/index.php\/wp-json\/wp\/v2\/media?parent=10183"}],"wp:term":[{"taxonomy":"category","embeddable":true,"href":"https:\/\/samanoticiasdurango.com\/index.php\/wp-json\/wp\/v2\/categories?post=10183"},{"taxonomy":"post_tag","embeddable":true,"href":"https:\/\/samanoticiasdurango.com\/index.php\/wp-json\/wp\/v2\/tags?post=10183"}],"curies":[{"name":"wp","href":"https:\/\/api.w.org\/{rel}","templated":true}]}}