{"id":10208,"date":"2024-06-27T14:00:43","date_gmt":"2024-06-27T14:00:43","guid":{"rendered":"http:\/\/samanoticiasdurango.com\/?p=10208"},"modified":"2024-06-27T14:00:44","modified_gmt":"2024-06-27T14:00:44","slug":"ong-reporta-36-aspirantes-asesinados-y-tres-candidatos-ya-electos","status":"publish","type":"post","link":"https:\/\/samanoticiasdurango.com\/index.php\/2024\/06\/27\/ong-reporta-36-aspirantes-asesinados-y-tres-candidatos-ya-electos\/","title":{"rendered":"<a href=\"https:\/\/lopezdoriga.com\/nacional\/ong-reporta-36-aspirantes-asesinados-tres-candidatos-ya-electos\/\">ONG reporta 36 aspirantes asesinados y tres candidatos ya electos<\/a>"},"content":{"rendered":"\n<p>Un total de&nbsp;<strong>36 aspirantes<\/strong>&nbsp;y&nbsp;<strong>tres candidatos ya electos<\/strong>&nbsp;fueron&nbsp;<strong>asesinados<\/strong>&nbsp;durante el proceso electoral 2024 en M\u00e9xico, lo que se convirti\u00f3 en los comicios m\u00e1s violentos de la historia moderna del pa\u00eds, report\u00f3 la organizaci\u00f3n civil Causa en Com\u00fan.<\/p>\n\n\n\n<p>El&nbsp;<strong>proceso electoral<\/strong>, que comenz\u00f3 en junio de 2023 y acab\u00f3 el 2 de junio pasado con la victoria de la candidata presidencial oficialista, Claudia Sheinbaum, pasar\u00e1 a la historia como el&nbsp;<strong>m\u00e1s violento<\/strong>&nbsp;con un total de 67 actores pol\u00edticos muertos, como cifr\u00f3 la organizaci\u00f3n en su&nbsp;<a href=\"https:\/\/x.com\/causaencomun\/status\/1806034579305779231\" target=\"_blank\" rel=\"noreferrer noopener\">informe<\/a>.<\/p>\n\n\n\n<p>De las 32 entidades del pa\u00eds, 17 registraron el asesinato de al menos un pol\u00edtico y, principalmente, la violencia se concentr\u00f3 en&nbsp;<strong>Guerrero<\/strong>, con 15 muertes;&nbsp;<strong>Chiapas<\/strong>&nbsp;con 11, y&nbsp;<strong>Michoac\u00e1n<\/strong>&nbsp;con nueve.<\/p>\n\n\n\n<p>La mayor\u00eda de los asesinatos reportados, 92 por ciento, fueron en el \u00e1mbito municipal y afectaron a todos los partidos pol\u00edticos.<\/p>\n\n\n\n<p>Estas cifras superan los 30 homicidios de aspirantes en la elecci\u00f3n de 2021 y los 24 de 2018.<\/p>\n\n\n\n<p>Casi el 42 por ciento de los&nbsp;<strong>homicidios pol\u00edticos<\/strong>&nbsp;afect\u00f3 al partido oficialista, Movimiento Regeneraci\u00f3n Nacional (<strong>Morena<\/strong>), seguido de un 14.9 por ciento del opositor Partido Revolucionario Institucional (<strong>PRI<\/strong>), y el 13.4 por ciento del Partido Acci\u00f3n Nacional (<strong>PAN<\/strong>), la mayor fuerza opositora.<\/p>\n\n\n\n<p>En tanto, 7.5 por ciento eran del oficialista Partido Verde Ecologista (<strong>PVEM<\/strong>), 6 por ciento del opositor Partido de la Revoluci\u00f3n Democr\u00e1tica (<strong>PRD<\/strong>); mientras que el oficialista Partido Encuentro Solidario (<strong>PES<\/strong>), el opositor Movimiento Ciudadano y agrupaciones locales acumularon 4.5 por ciento.<\/p>\n\n\n\n<p>Por \u00faltimo, el oficialista Partido del Trabajo represent\u00f3 el 3 por ciento.<\/p>\n\n\n\n<p>La violencia estuvo presente incluso en la misma jornada electoral, cuando horas antes de la apertura de los centros de votaci\u00f3n mataron al candidato a s\u00edndico por Cuitzeo, Michoac\u00e1n, Israel Delgado, del oficialista PT.<\/p>\n\n\n\n<p>Ese mismo d\u00eda la sede del Instituto Nacional Electoral (INE) en Ac\u00e1mbaro, Guanajuato, sufri\u00f3 un ataque con explosivos y, en Coyomeapan, Puebla, se suspendieron las votaciones por la irrupci\u00f3n de un grupo armado.<\/p>\n\n\n\n<p>La organizaci\u00f3n tambi\u00e9n registr\u00f3 tres asesinatos contra ganadores de los comicios.<\/p>\n\n\n\n<p>El 3 de junio el de Yonis Ba\u00f1os, ganador de la presidencia municipal de Santo Domingo Armenta, Oaxaca, por el PRI, y el 9 de junio el de Mario L\u00e1zaro Mendoza, regidor electo de Morena en Jacona, Michoac\u00e1n.<\/p>\n\n\n\n<p>El homicidio m\u00e1s reciente fue el 17 de junio, el de Salvador Villalba, de un partido local en Copala, Guerrero, que hab\u00eda logrado el triunfo para la presidencia municipal.<\/p>\n\n\n\n<p>El reporte se divulga luego de que el Gobierno de M\u00e9xico reconoci\u00f3 solo el&nbsp;<a href=\"https:\/\/lopezdoriga.com\/nacional\/sspc-reconoce-12-candidatos-asesinados-niega-sea-eleccion-mas-violenta\/\" target=\"_blank\" rel=\"noreferrer noopener\">asesinato de 12 candidatos<\/a>, por lo que neg\u00f3 que hayan sido las elecciones m\u00e1s violentas en la historia del pa\u00eds.<\/p>\n\n\n\n<p>M\u00e9xico tuvo la elecci\u00f3n m\u00e1s grande de su historia el 2 de junio, cuando 98 millones de mexicanos estuvieron llamados a renovar m\u00e1s de 20 mil cargos, incluyendo la Presidencia, que gan\u00f3 la oficialista Claudia Sheinbaum.<\/p>\n\n\n\n<p><strong>Con informaci\u00f3n de EFE<\/strong><\/p>\n","protected":false},"excerpt":{"rendered":"<p>Un total de&nbsp;36 aspirantes&nbsp;y&nbsp;tres candidatos ya electos&nbsp;fueron&nbsp;asesinados&nbsp;durante el proceso electoral 2024 en M\u00e9xico, lo que<\/p>\n","protected":false},"author":1,"featured_media":10209,"comment_status":"open","ping_status":"open","sticky":false,"template":"","format":"standard","meta":{"om_disable_all_campaigns":false,"_monsterinsights_skip_tracking":false,"_monsterinsights_sitenote_active":false,"_monsterinsights_sitenote_note":"","_monsterinsights_sitenote_category":0,"_jetpack_memberships_contains_paid_content":false,"footnotes":"","jetpack_publicize_message":"","jetpack_publicize_feature_enabled":true,"jetpack_social_post_already_shared":false,"jetpack_social_options":{"image_generator_settings":{"template":"highway","enabled":false},"version":2}},"categories":[5],"tags":[],"class_list":["post-10208","post","type-post","status-publish","format-standard","has-post-thumbnail","hentry","category-nacional"],"jetpack_publicize_connections":[],"aioseo_notices":[],"jetpack_featured_media_url":"https:\/\/samanoticiasdurango.com\/wp-content\/uploads\/asesinato-de-candidato-en-guerrero.webp","featured_image_urls":{"full":["https:\/\/samanoticiasdurango.com\/wp-content\/uploads\/asesinato-de-candidato-en-guerrero.webp",1920,1280,false],"thumbnail":["https:\/\/samanoticiasdurango.com\/wp-content\/uploads\/asesinato-de-candidato-en-guerrero-150x150.webp",150,150,true],"medium":["https:\/\/samanoticiasdurango.com\/wp-content\/uploads\/asesinato-de-candidato-en-guerrero-300x200.webp",300,200,true],"medium_large":["https:\/\/samanoticiasdurango.com\/wp-content\/uploads\/asesinato-de-candidato-en-guerrero-768x512.webp",640,427,true],"large":["https:\/\/samanoticiasdurango.com\/wp-content\/uploads\/asesinato-de-candidato-en-guerrero-1024x683.webp",640,427,true],"1536x1536":["https:\/\/samanoticiasdurango.com\/wp-content\/uploads\/asesinato-de-candidato-en-guerrero-1536x1024.webp",1536,1024,true],"2048x2048":["https:\/\/samanoticiasdurango.com\/wp-content\/uploads\/asesinato-de-candidato-en-guerrero.webp",1920,1280,false],"chromenews-featured":["https:\/\/samanoticiasdurango.com\/wp-content\/uploads\/asesinato-de-candidato-en-guerrero-1024x683.webp",1024,683,true],"chromenews-large":["https:\/\/samanoticiasdurango.com\/wp-content\/uploads\/asesinato-de-candidato-en-guerrero-825x575.webp",825,575,true],"chromenews-medium":["https:\/\/samanoticiasdurango.com\/wp-content\/uploads\/asesinato-de-candidato-en-guerrero-590x410.webp",590,410,true]},"author_info":{"display_name":"Redacci\u00f3n","author_link":"https:\/\/samanoticiasdurango.com\/index.php\/author\/jjsama13gmail-com\/"},"category_info":"<a href=\"https:\/\/samanoticiasdurango.com\/index.php\/category\/nacional\/\" rel=\"category tag\">NACIONAL<\/a>","tag_info":"NACIONAL","comment_count":"0","jetpack_sharing_enabled":true,"_links":{"self":[{"href":"https:\/\/samanoticiasdurango.com\/index.php\/wp-json\/wp\/v2\/posts\/10208","targetHints":{"allow":["GET"]}}],"collection":[{"href":"https:\/\/samanoticiasdurango.com\/index.php\/wp-json\/wp\/v2\/posts"}],"about":[{"href":"https:\/\/samanoticiasdurango.com\/index.php\/wp-json\/wp\/v2\/types\/post"}],"author":[{"embeddable":true,"href":"https:\/\/samanoticiasdurango.com\/index.php\/wp-json\/wp\/v2\/users\/1"}],"replies":[{"embeddable":true,"href":"https:\/\/samanoticiasdurango.com\/index.php\/wp-json\/wp\/v2\/comments?post=10208"}],"version-history":[{"count":1,"href":"https:\/\/samanoticiasdurango.com\/index.php\/wp-json\/wp\/v2\/posts\/10208\/revisions"}],"predecessor-version":[{"id":10210,"href":"https:\/\/samanoticiasdurango.com\/index.php\/wp-json\/wp\/v2\/posts\/10208\/revisions\/10210"}],"wp:featuredmedia":[{"embeddable":true,"href":"https:\/\/samanoticiasdurango.com\/index.php\/wp-json\/wp\/v2\/media\/10209"}],"wp:attachment":[{"href":"https:\/\/samanoticiasdurango.com\/index.php\/wp-json\/wp\/v2\/media?parent=10208"}],"wp:term":[{"taxonomy":"category","embeddable":true,"href":"https:\/\/samanoticiasdurango.com\/index.php\/wp-json\/wp\/v2\/categories?post=10208"},{"taxonomy":"post_tag","embeddable":true,"href":"https:\/\/samanoticiasdurango.com\/index.php\/wp-json\/wp\/v2\/tags?post=10208"}],"curies":[{"name":"wp","href":"https:\/\/api.w.org\/{rel}","templated":true}]}}