{"id":10282,"date":"2024-07-03T13:21:59","date_gmt":"2024-07-03T13:21:59","guid":{"rendered":"http:\/\/samanoticiasdurango.com\/?p=10282"},"modified":"2024-07-03T13:22:01","modified_gmt":"2024-07-03T13:22:01","slug":"sedena-activa-los-planes-dn-iii-e-y-gn-a-en-tres-estados-con-motivo-del-huracan-beryl","status":"publish","type":"post","link":"https:\/\/samanoticiasdurango.com\/index.php\/2024\/07\/03\/sedena-activa-los-planes-dn-iii-e-y-gn-a-en-tres-estados-con-motivo-del-huracan-beryl\/","title":{"rendered":"<a href=\"https:\/\/lopezdoriga.com\/nacional\/sedena-activa-planes-dn-iii-e-gn-a-tres-estados-motivo-huracan-beryl\/\">Sedena activa los planes DN-III-E y GN-A en tres estados con motivo del hurac\u00e1n \u201cBeryl\u201d<\/a>"},"content":{"rendered":"\n<p>La<strong>&nbsp;Secretar\u00eda de la Defensa Nacional<\/strong>&nbsp;(<strong>Sedena<\/strong>) inform\u00f3 que como prevenci\u00f3n a las afectaciones que posiblemente originar\u00e1 el&nbsp;<strong>hurac\u00e1n \u201cBeryl\u201d<\/strong>,&nbsp; fueron activados los&nbsp;<strong>planes DN-III-E y GN-A<\/strong>&nbsp;en&nbsp;<strong>Campeche, Quintana Roo y Yucat\u00e1n<\/strong>.<\/p>\n\n\n\n<p>Por medio de un&nbsp;<a href=\"https:\/\/www.gob.mx\/sedena\/prensa\/ejercito-fuerza-aerea-y-guardia-nacional-activan-los-planes-dn-iii-e-y-gn-a-con-motivo-del-huracan-beryl\" target=\"_blank\" rel=\"noreferrer noopener\">comunicado<\/a>, la Sedena indic\u00f3 que en la&nbsp;<strong>Pen\u00ednsula de Yucat\u00e1n<\/strong>&nbsp;se activaron 120 instalaciones como albergues y se cuenta con una fuerza conformada por dos mil 392 militares del Ej\u00e9rcito y Fuerza A\u00e9rea y dos mil 501 elementos de la Guardia Nacional.<\/p>\n\n\n\n<p>Adem\u00e1s, se tienen listas dos Cocinas Comunitarias con capacidades para preparar conjuntamente m\u00e1s de seis mil raciones calientes diarias, maquinaria pesada, cisternas para agua con capacidad de 10 mil litros, ambulancias militares, camiones de volteo de carga y montacargas para su empleo inmediato en beneficio de la poblaci\u00f3n.<\/p>\n\n\n\n<p>De igual forma, un avi\u00f3n C-130 \u201cH\u00e9rcules\u201d de la Fuerza A\u00e9rea Mexicana traslad\u00f3 del Centro Estrat\u00e9gico de Acopio de la Secretar\u00eda de la Defensa Nacional ubicado en la Base A\u00e9rea Militar No. 1, en Santa Luc\u00eda, Estado de M\u00e9xico. al Aeropuerto Internacional de Chetumal, Q. Roo, a personal, despensas, material y equipo para el establecimiento del Centro Coordinador de Operaciones DN-III-E y GN-A contra Huracanes Pen\u00ednsula de Yucat\u00e1n, con lo que se est\u00e1 en condiciones de iniciar un puente a\u00e9reo y terrestre permanente con aeronaves de la Fuerza A\u00e9rea Mexicana y tractocamiones del Ej\u00e9rcito mexicano y Guardia Nacional.<\/p>\n\n\n\n<p>Sumado a lo anterior, se encuentra en situaci\u00f3n de alerta en el Valle de M\u00e9xico un efectivo de 1,334 elementos de la Fuerza de Apoyo para Caso de Desastres, del Batall\u00f3n de Atenci\u00f3n a Emergencias, aeronaves y helic\u00f3pteros de la Fuerza A\u00e9rea Mexicana, contando con m\u00e1s de 15 mil despensas y 123 mil litros de agua embotellada de la reserva estrat\u00e9gica de la Sedena.<\/p>\n\n\n\n<p>El\u00a0<strong>Servicio Meteorol\u00f3gico Nacional<\/strong>\u00a0(<strong>SMN<\/strong>) indic\u00f3 este mi\u00e9rcoles a primera hora que el centro del hurac\u00e1n \u201cBeryl\u201d de\u00a0<a href=\"https:\/\/lopezdoriga.com\/internacional\/huracan-beryl-baja-categoria-4-rumbo-quintana-roo\/\" target=\"_blank\" rel=\"noreferrer noopener\">categor\u00eda 4<\/a>\u00a0en la escala Saffir-Simpson, se localiza en la regi\u00f3n central del Mar Caribe, mantiene su r\u00e1pido desplazamiento hacia el oeste-noroeste con trayectoria hacia la Pen\u00ednsula de Yucat\u00e1n.<\/p>\n\n\n\n<p>\u201cBeryl\u201d&nbsp; se localiza a 200 kil\u00f3metros al sureste de Kingston, en Jamaica, y a mil 300 kil\u00f3metros al este-sureste de Canc\u00fan, Quintana Roo.<\/p>\n\n\n\n<p>Por el momento, el sistema no afecta costas nacionales, sin embargo, se prev\u00e9 que a partir del d\u00eda jueves, sus bandas nubosas ocasionen lluvias intensas a puntuales torrenciales, rachas fuertes de viento y oleaje elevado en la Pen\u00ednsula de Yucat\u00e1n.<\/p>\n\n\n\n<p><strong>Con informaci\u00f3n de L\u00f3pez-D\u00f3riga Digital<\/strong><\/p>\n","protected":false},"excerpt":{"rendered":"<p>La&nbsp;Secretar\u00eda de la Defensa Nacional&nbsp;(Sedena) inform\u00f3 que como prevenci\u00f3n a las afectaciones que posiblemente originar\u00e1<\/p>\n","protected":false},"author":1,"featured_media":10283,"comment_status":"open","ping_status":"open","sticky":false,"template":"","format":"standard","meta":{"om_disable_all_campaigns":false,"_monsterinsights_skip_tracking":false,"_monsterinsights_sitenote_active":false,"_monsterinsights_sitenote_note":"","_monsterinsights_sitenote_category":0,"_jetpack_memberships_contains_paid_content":false,"footnotes":"","jetpack_publicize_message":"","jetpack_publicize_feature_enabled":true,"jetpack_social_post_already_shared":false,"jetpack_social_options":{"image_generator_settings":{"template":"highway","enabled":false},"version":2}},"categories":[5],"tags":[],"class_list":["post-10282","post","type-post","status-publish","format-standard","has-post-thumbnail","hentry","category-nacional"],"jetpack_publicize_connections":[],"aioseo_notices":[],"jetpack_featured_media_url":"https:\/\/samanoticiasdurango.com\/wp-content\/uploads\/beryl-sedena-planes-ayuda-poblacion.webp","featured_image_urls":{"full":["https:\/\/samanoticiasdurango.com\/wp-content\/uploads\/beryl-sedena-planes-ayuda-poblacion.webp",1920,1280,false],"thumbnail":["https:\/\/samanoticiasdurango.com\/wp-content\/uploads\/beryl-sedena-planes-ayuda-poblacion-150x150.webp",150,150,true],"medium":["https:\/\/samanoticiasdurango.com\/wp-content\/uploads\/beryl-sedena-planes-ayuda-poblacion-300x200.webp",300,200,true],"medium_large":["https:\/\/samanoticiasdurango.com\/wp-content\/uploads\/beryl-sedena-planes-ayuda-poblacion-768x512.webp",640,427,true],"large":["https:\/\/samanoticiasdurango.com\/wp-content\/uploads\/beryl-sedena-planes-ayuda-poblacion-1024x683.webp",640,427,true],"1536x1536":["https:\/\/samanoticiasdurango.com\/wp-content\/uploads\/beryl-sedena-planes-ayuda-poblacion-1536x1024.webp",1536,1024,true],"2048x2048":["https:\/\/samanoticiasdurango.com\/wp-content\/uploads\/beryl-sedena-planes-ayuda-poblacion.webp",1920,1280,false],"chromenews-featured":["https:\/\/samanoticiasdurango.com\/wp-content\/uploads\/beryl-sedena-planes-ayuda-poblacion-1024x683.webp",1024,683,true],"chromenews-large":["https:\/\/samanoticiasdurango.com\/wp-content\/uploads\/beryl-sedena-planes-ayuda-poblacion-825x575.webp",825,575,true],"chromenews-medium":["https:\/\/samanoticiasdurango.com\/wp-content\/uploads\/beryl-sedena-planes-ayuda-poblacion-590x410.webp",590,410,true]},"author_info":{"display_name":"Redacci\u00f3n","author_link":"https:\/\/samanoticiasdurango.com\/index.php\/author\/jjsama13gmail-com\/"},"category_info":"<a href=\"https:\/\/samanoticiasdurango.com\/index.php\/category\/nacional\/\" rel=\"category tag\">NACIONAL<\/a>","tag_info":"NACIONAL","comment_count":"0","jetpack_sharing_enabled":true,"_links":{"self":[{"href":"https:\/\/samanoticiasdurango.com\/index.php\/wp-json\/wp\/v2\/posts\/10282","targetHints":{"allow":["GET"]}}],"collection":[{"href":"https:\/\/samanoticiasdurango.com\/index.php\/wp-json\/wp\/v2\/posts"}],"about":[{"href":"https:\/\/samanoticiasdurango.com\/index.php\/wp-json\/wp\/v2\/types\/post"}],"author":[{"embeddable":true,"href":"https:\/\/samanoticiasdurango.com\/index.php\/wp-json\/wp\/v2\/users\/1"}],"replies":[{"embeddable":true,"href":"https:\/\/samanoticiasdurango.com\/index.php\/wp-json\/wp\/v2\/comments?post=10282"}],"version-history":[{"count":1,"href":"https:\/\/samanoticiasdurango.com\/index.php\/wp-json\/wp\/v2\/posts\/10282\/revisions"}],"predecessor-version":[{"id":10284,"href":"https:\/\/samanoticiasdurango.com\/index.php\/wp-json\/wp\/v2\/posts\/10282\/revisions\/10284"}],"wp:featuredmedia":[{"embeddable":true,"href":"https:\/\/samanoticiasdurango.com\/index.php\/wp-json\/wp\/v2\/media\/10283"}],"wp:attachment":[{"href":"https:\/\/samanoticiasdurango.com\/index.php\/wp-json\/wp\/v2\/media?parent=10282"}],"wp:term":[{"taxonomy":"category","embeddable":true,"href":"https:\/\/samanoticiasdurango.com\/index.php\/wp-json\/wp\/v2\/categories?post=10282"},{"taxonomy":"post_tag","embeddable":true,"href":"https:\/\/samanoticiasdurango.com\/index.php\/wp-json\/wp\/v2\/tags?post=10282"}],"curies":[{"name":"wp","href":"https:\/\/api.w.org\/{rel}","templated":true}]}}