{"id":10427,"date":"2024-07-16T22:34:33","date_gmt":"2024-07-16T22:34:33","guid":{"rendered":"http:\/\/samanoticiasdurango.com\/?p=10427"},"modified":"2024-07-16T22:34:34","modified_gmt":"2024-07-16T22:34:34","slug":"anuncia-sheinbaum-apoyos-economicos-para-mujeres-de-60-a-64-anos","status":"publish","type":"post","link":"https:\/\/samanoticiasdurango.com\/index.php\/2024\/07\/16\/anuncia-sheinbaum-apoyos-economicos-para-mujeres-de-60-a-64-anos\/","title":{"rendered":"<a href=\"https:\/\/lopezdoriga.com\/nacional\/anuncia-sheinbaum-apoyos-economicos-para-mujeres-de-60-a-64-anos\/\">Anuncia Sheinbaum apoyos econ\u00f3micos para mujeres de 60 a 64 a\u00f1os<\/a>"},"content":{"rendered":"\n<p>La virtual presidenta electa de M\u00e9xico,&nbsp;<strong>Claudia Sheinbaum<\/strong>, destac\u00f3 este martes el trabajo de cuidados que hist\u00f3ricamente han desempe\u00f1ado las&nbsp;<strong>mujeres mexicanas<\/strong>&nbsp;en el hogar, al anunciar apoyos econ\u00f3micos para las de entre&nbsp;<strong>60 y 64 a\u00f1os<\/strong>; y prometi\u00f3 impulsar reformas para erradicar la&nbsp;<strong>violencia de g\u00e9nero<\/strong>&nbsp;y&nbsp;<strong>promover la igualdad<\/strong>.<\/p>\n\n\n\n<p>La pr\u00f3xima mandataria mexicana, la&nbsp;<strong>primera mujer<\/strong>&nbsp;que ocupar\u00e1 la&nbsp;<strong>Presidencia<\/strong>&nbsp;en el pa\u00eds, se\u00f1al\u00f3 que su gobierno ofrecer\u00e1 apoyos econ\u00f3micos de 3 mil pesos bimestrales a las mujeres de 60 a 64 a\u00f1os, en reconocimiento formal del&nbsp;<strong>trabajo dom\u00e9stico<\/strong>&nbsp;realizado por&nbsp;<strong>mujeres<\/strong>.<\/p>\n\n\n\n<p>Sheinbaum puntualiz\u00f3 que este apoyo no busca reivindicar que las mujeres sean las \u00fanicas a cargo de las labores de cuidado, sino retribuir a \u201ctodas las mujeres que sencillamente por cuidar el hogar permitieron que hoy&nbsp;<strong>M\u00e9xico<\/strong>&nbsp;sea lo que es, nuestra patria\u201d.<\/p>\n\n\n\n<p>\u201cPor eso, este reconocimiento tiene un s\u00edmbolo enorme. Quiere decir que por primera vez y porque lleg\u00f3 una mujer presidenta vamos a reconocer el trabajo de las&nbsp;<strong>mujeres mexicanas<\/strong>&nbsp;en el hogar\u201d, afirm\u00f3 Sheinbaum en un evento con adultas mayores en la capital mexicana.<\/p>\n\n\n\n<p>Asimismo, se\u00f1al\u00f3 que de esta manera tambi\u00e9n se reconocer\u00e1 su autonom\u00eda, al permitirles tener recursos propios, sin depender de la pareja o los hijos, al mismo tiempo que podr\u00e1n ejercer su derecho a tener tiempo libre.<\/p>\n\n\n\n<p>La futura mandataria, que asumir\u00e1 la presidencia a partir del 1 de octubre, reconoci\u00f3 tambi\u00e9n las diferencias entre las mujeres y subray\u00f3 que aquellas con menos recursos han enfrentado mayores dificultades.<\/p>\n\n\n\n<p>\u201cEn este sal\u00f3n y en cada mujer mexicana hay una historia de lucha, de salir adelante. Porque nos ha costado el doble de trabajo (que a los hombres), a veces m\u00e1s, a veces menos,\u201d expres\u00f3.<\/p>\n\n\n\n<p>Sin dar m\u00e1s detalles, Sheinbaum propuso \u201cuna visi\u00f3n de un sistema de cuidados\u201d donde el Estado tambi\u00e9n participe, facilitando la creaci\u00f3n de guarder\u00edas y centros de educaci\u00f3n inicial \u201cpara que las mujeres podamos dejar a los hijos en un lugar bien cuidado y podamos salir a contribuir y tengamos nuestra autonom\u00eda econ\u00f3mica\u201d.<\/p>\n\n\n\n<h3 class=\"wp-block-heading\">Anuncia m\u00e1s reformas para mujeres<\/h3>\n\n\n\n<p>Como pistas de lo que ser\u00e1 el primer Gobierno encabezado por una mujer en M\u00e9xico, Sheinbaum mencion\u00f3 que en su mandato se implementar\u00e1n reformas y programas para promover la igualdad sustantiva y erradicar la violencia contra las mujeres.<\/p>\n\n\n\n<p>\u201cVamos a desarrollar varias acciones para las mujeres, desde llevar a la Constituci\u00f3n la igualdad sustantiva y que debe erradicarse la violencia contra las mujeres, sino tambi\u00e9n todo aquello que nos permita desarrollarnos a plenitud y acabar con toda forma de machismo en nuestro pa\u00eds\u201d, asever\u00f3 la exjefa de Gobierno de Ciudad de M\u00e9xico (2018-2023).<\/p>\n\n\n\n<p>Adem\u00e1s, coment\u00f3 que no le gusta \u201cmucho\u201d el t\u00e9rmino del \u201ctecho de cristal\u201d porque parece que romperlo es el esfuerzo \u201cpersonal\u201d de una mujer.<\/p>\n\n\n\n<p>Y, en su caso, llegar por primera vez al m\u00e1ximo puesto de decisi\u00f3n en el pa\u00eds, es realidad fruto del esfuerzo de \u201cmillones de mujeres, de siglos que han luchado por su emancipaci\u00f3n\u201d.<\/p>\n\n\n\n<p>En ese sentido, asegur\u00f3 que va a \u201c<strong>gobernar con ojos de mujer<\/strong>\u201d y para que \u201ctodas las mujeres puedan sentirse representadas\u201d.<\/p>\n\n\n\n<p><strong>Con informaci\u00f3n de EFE<\/strong><\/p>\n","protected":false},"excerpt":{"rendered":"<p>La virtual presidenta electa de M\u00e9xico,&nbsp;Claudia Sheinbaum, destac\u00f3 este martes el trabajo de cuidados que<\/p>\n","protected":false},"author":1,"featured_media":10429,"comment_status":"open","ping_status":"open","sticky":false,"template":"","format":"standard","meta":{"om_disable_all_campaigns":false,"_monsterinsights_skip_tracking":false,"_monsterinsights_sitenote_active":false,"_monsterinsights_sitenote_note":"","_monsterinsights_sitenote_category":0,"_jetpack_memberships_contains_paid_content":false,"footnotes":"","jetpack_publicize_message":"","jetpack_publicize_feature_enabled":true,"jetpack_social_post_already_shared":false,"jetpack_social_options":{"image_generator_settings":{"template":"highway","enabled":false},"version":2}},"categories":[5],"tags":[],"class_list":["post-10427","post","type-post","status-publish","format-standard","has-post-thumbnail","hentry","category-nacional"],"jetpack_publicize_connections":[],"aioseo_notices":[],"jetpack_featured_media_url":"https:\/\/samanoticiasdurango.com\/wp-content\/uploads\/Secuencia-01.00_00_03_21.Imagen-fija019.jpg","featured_image_urls":{"full":["https:\/\/samanoticiasdurango.com\/wp-content\/uploads\/Secuencia-01.00_00_03_21.Imagen-fija019.jpg",680,383,false],"thumbnail":["https:\/\/samanoticiasdurango.com\/wp-content\/uploads\/Secuencia-01.00_00_03_21.Imagen-fija019-150x150.jpg",150,150,true],"medium":["https:\/\/samanoticiasdurango.com\/wp-content\/uploads\/Secuencia-01.00_00_03_21.Imagen-fija019-300x169.jpg",300,169,true],"medium_large":["https:\/\/samanoticiasdurango.com\/wp-content\/uploads\/Secuencia-01.00_00_03_21.Imagen-fija019.jpg",640,360,false],"large":["https:\/\/samanoticiasdurango.com\/wp-content\/uploads\/Secuencia-01.00_00_03_21.Imagen-fija019.jpg",640,360,false],"1536x1536":["https:\/\/samanoticiasdurango.com\/wp-content\/uploads\/Secuencia-01.00_00_03_21.Imagen-fija019.jpg",680,383,false],"2048x2048":["https:\/\/samanoticiasdurango.com\/wp-content\/uploads\/Secuencia-01.00_00_03_21.Imagen-fija019.jpg",680,383,false],"chromenews-featured":["https:\/\/samanoticiasdurango.com\/wp-content\/uploads\/Secuencia-01.00_00_03_21.Imagen-fija019.jpg",680,383,false],"chromenews-large":["https:\/\/samanoticiasdurango.com\/wp-content\/uploads\/Secuencia-01.00_00_03_21.Imagen-fija019.jpg",680,383,false],"chromenews-medium":["https:\/\/samanoticiasdurango.com\/wp-content\/uploads\/Secuencia-01.00_00_03_21.Imagen-fija019-590x383.jpg",590,383,true]},"author_info":{"display_name":"Redacci\u00f3n","author_link":"https:\/\/samanoticiasdurango.com\/index.php\/author\/jjsama13gmail-com\/"},"category_info":"<a href=\"https:\/\/samanoticiasdurango.com\/index.php\/category\/nacional\/\" rel=\"category tag\">NACIONAL<\/a>","tag_info":"NACIONAL","comment_count":"0","jetpack_sharing_enabled":true,"_links":{"self":[{"href":"https:\/\/samanoticiasdurango.com\/index.php\/wp-json\/wp\/v2\/posts\/10427","targetHints":{"allow":["GET"]}}],"collection":[{"href":"https:\/\/samanoticiasdurango.com\/index.php\/wp-json\/wp\/v2\/posts"}],"about":[{"href":"https:\/\/samanoticiasdurango.com\/index.php\/wp-json\/wp\/v2\/types\/post"}],"author":[{"embeddable":true,"href":"https:\/\/samanoticiasdurango.com\/index.php\/wp-json\/wp\/v2\/users\/1"}],"replies":[{"embeddable":true,"href":"https:\/\/samanoticiasdurango.com\/index.php\/wp-json\/wp\/v2\/comments?post=10427"}],"version-history":[{"count":1,"href":"https:\/\/samanoticiasdurango.com\/index.php\/wp-json\/wp\/v2\/posts\/10427\/revisions"}],"predecessor-version":[{"id":10430,"href":"https:\/\/samanoticiasdurango.com\/index.php\/wp-json\/wp\/v2\/posts\/10427\/revisions\/10430"}],"wp:featuredmedia":[{"embeddable":true,"href":"https:\/\/samanoticiasdurango.com\/index.php\/wp-json\/wp\/v2\/media\/10429"}],"wp:attachment":[{"href":"https:\/\/samanoticiasdurango.com\/index.php\/wp-json\/wp\/v2\/media?parent=10427"}],"wp:term":[{"taxonomy":"category","embeddable":true,"href":"https:\/\/samanoticiasdurango.com\/index.php\/wp-json\/wp\/v2\/categories?post=10427"},{"taxonomy":"post_tag","embeddable":true,"href":"https:\/\/samanoticiasdurango.com\/index.php\/wp-json\/wp\/v2\/tags?post=10427"}],"curies":[{"name":"wp","href":"https:\/\/api.w.org\/{rel}","templated":true}]}}