{"id":10458,"date":"2024-07-18T15:01:30","date_gmt":"2024-07-18T15:01:30","guid":{"rendered":"http:\/\/samanoticiasdurango.com\/?p=10458"},"modified":"2024-07-18T15:01:31","modified_gmt":"2024-07-18T15:01:31","slug":"sheinbaum-subraya-que-su-gobierno-sera-feminista-con-enfoque-social","status":"publish","type":"post","link":"https:\/\/samanoticiasdurango.com\/index.php\/2024\/07\/18\/sheinbaum-subraya-que-su-gobierno-sera-feminista-con-enfoque-social\/","title":{"rendered":"<a href=\"https:\/\/lopezdoriga.com\/nacional\/sheinbaum-subraya-que-su-gobierno-sera-feminista-con-enfoque-social\/\">Sheinbaum subraya que su gobierno ser\u00e1 \u201cfeminista\u201d con enfoque \u201csocial\u201d<\/a>"},"content":{"rendered":"\n<p>La&nbsp;<a href=\"https:\/\/x.com\/Claudiashein\" target=\"_blank\" rel=\"noreferrer noopener\">presidenta<\/a>&nbsp;electa de&nbsp;<a href=\"https:\/\/lopezdoriga.com\/nacional\/renovacion-poder-judicial-es-buena-insiste-claudia-sheinbaum\/\" target=\"_blank\" rel=\"noreferrer noopener\">M\u00e9xico<\/a>,&nbsp;<strong>Claudia Sheinbaum<\/strong>, proyect\u00f3 que su Gobierno ser\u00e1 \u201c<strong>feminista<\/strong>\u201d con&nbsp;<strong>enfoque<\/strong>&nbsp;\u201c<strong>social<\/strong>\u201c, a la vez que refrend\u00f3 su&nbsp;<strong>propuesta<\/strong>&nbsp;de&nbsp;<strong>reforma<\/strong>&nbsp;para elevar a rango constitucional la&nbsp;<strong>igualdad sustantiva<\/strong>&nbsp;y erradicar la&nbsp;<strong>violencia<\/strong>&nbsp;contra las mujeres en el pa\u00eds.<\/p>\n\n\n\n<p>\u201cNo puede ser que la&nbsp;<strong>primera<\/strong>&nbsp;<strong>mujer<\/strong>&nbsp;<strong>presidenta<\/strong>&nbsp;solamente sea un s\u00edmbolo\u201d, indic\u00f3 en rueda de prensa.<\/p>\n\n\n\n<p>La pr\u00f3xima mandataria mexicana, que asumir\u00e1 la&nbsp;<strong>presidencia<\/strong>&nbsp;el 1 de octubre, explic\u00f3 que enviar\u00e1 dos reformas al&nbsp;<strong>Congreso<\/strong>&nbsp;en su primer d\u00eda de&nbsp;<strong>Gobierno<\/strong>, pues hay mucho que avanzar en la&nbsp;<strong>agenda<\/strong>&nbsp;de&nbsp;<strong>g\u00e9nero<\/strong>.<\/p>\n\n\n\n<p>Sheinbaum apunt\u00f3 que buscar\u00e1 que se vuelva a redactar el&nbsp;<strong>Art\u00edculo 4 Constitucional<\/strong>&nbsp;\u201cen t\u00e9rminos de la igualdad sustantiva y la no discriminaci\u00f3n\u201d, y se\u00f1al\u00f3 la urgencia de \u201cllevar a nivel constitucional el asunto de la violencia contra las mujeres\u201d.<\/p>\n\n\n\n<p>\u201cMe parece que es la m\u00e1xima atenci\u00f3n que tenemos que tener, y de ah\u00ed, una serie de&nbsp;<strong>leyes<\/strong>&nbsp;<strong>secundarias<\/strong>&nbsp;que buscar\u00edamos que algunas fueran generales, es decir, que impactaran a todo el pa\u00eds, y otras, pues que fueran de car\u00e1cter federal\u201d, detall\u00f3.<\/p>\n\n\n\n<p>Asimismo, afirm\u00f3 que su mandato ser\u00e1&nbsp;<strong>feminista<\/strong>&nbsp;y plante\u00f3 el concepto de \u201cfeminismo social\u201d, con el que buscar\u00e1 \u201cjusticia para las mujeres\u201d, y al mismo tiempo, continuar con la \u201ctransformaci\u00f3n\u201d, un t\u00e9rmino asociado al Gobierno actual.<\/p>\n\n\n\n<p>\u201cEs transformaci\u00f3n y es&nbsp;<strong>feminismo<\/strong>, porque(\u2026) tambi\u00e9n decimos \u2018por el bien de todos y de todas, primero las pobres\u2019, porque a veces las mujeres en condiciones de pobreza sufren m\u00e1s que los hombres\u201d, expuso.<\/p>\n\n\n\n<p><strong>Feminicidio en Baja California<\/strong><\/p>\n\n\n\n<p>Sobre las pol\u00e9micas declaraciones de la fiscal de Baja California (norte de M\u00e9xico), quien recomend\u00f3 a las mujeres no viajar solas tras el reciente feminicidio de&nbsp;<strong>Paola Andrea Ba\u00f1uelos<\/strong>, una joven de 23 a\u00f1os asesinada tras abordar un taxi de aplicaci\u00f3n en Mexicali,&nbsp;<strong>Sheinbaum<\/strong>&nbsp;critic\u00f3 la&nbsp;<strong>revictimizaci\u00f3n<\/strong>&nbsp;en el caso.<\/p>\n\n\n\n<p>\u201cNo es un asunto de&nbsp;<strong>victimizar<\/strong>&nbsp;a la&nbsp;<strong>v\u00edctima<\/strong>, siempre se pueden hacer recomendaciones, pero yo creo que siempre tiene que haber una responsabilidad para que las mujeres seamos&nbsp;<strong>libres<\/strong>&nbsp;y tengamos&nbsp;<strong>autonom\u00eda<\/strong>\u201c, se\u00f1al\u00f3.<\/p>\n\n\n\n<p>En ese sentido, la exjefa de Gobierno de Ciudad de M\u00e9xico (2018-2023) mencion\u00f3 que aunque \u201cno es de un d\u00eda a otro\u201d, es importante avanzar en la garant\u00eda de seguridad para las mujeres en \u201cdos&nbsp;<strong>grandes<\/strong>&nbsp;<strong>temas<\/strong>\u201c: la prevenci\u00f3n y la cero impunidad.<\/p>\n\n\n\n<p>\u201cQue feminicidio que se cometa,&nbsp;<strong>feminicidio<\/strong>&nbsp;que sea sancionado\u201d, subray\u00f3, y critic\u00f3 que \u201ca\u00fan haya fiscales que cataloguen como suicidio un feminicidio, cuando hay pruebas suficientes\u201d.<\/p>\n\n\n\n<p>Adem\u00e1s, destac\u00f3 que en su mandato en la&nbsp;<strong>Ciudad de M\u00e9xico<\/strong>&nbsp;se estableci\u00f3 que toda muerte violenta de una mujer se clasifique primero como feminicidio y despu\u00e9s de la investigaci\u00f3n se determine si lo fue.<\/p>\n\n\n\n<p>\u201cFeminicidio quiere decir que la muerte o el asesinato de una&nbsp;<strong>mujer<\/strong>&nbsp;es por el hecho de ser mujer, a lo mejor, puede haber otro caso en el que estuvo involucrada en un asunto de delincuencia u otra cosa, y particip\u00f3 una mujer, es distinto, pero estas son cosas que deben quedar en la legislaci\u00f3n\u201d, zanj\u00f3.<\/p>\n\n\n\n<p>En los \u00faltimos seis a\u00f1os, 5 mil 894&nbsp;<strong>feminicidios<\/strong>&nbsp;han ocurrido en M\u00e9xico, seg\u00fan datos del Secretariado Ejecutivo del Sistema Nacional de Seguridad P\u00fablica (SESNSP), de 2018 a mayo de 2024.<\/p>\n\n\n\n<p><strong>Con informaci\u00f3n de EFE<\/strong><\/p>\n","protected":false},"excerpt":{"rendered":"<p>La&nbsp;presidenta&nbsp;electa de&nbsp;M\u00e9xico,&nbsp;Claudia Sheinbaum, proyect\u00f3 que su Gobierno ser\u00e1 \u201cfeminista\u201d con&nbsp;enfoque&nbsp;\u201csocial\u201c, a la vez que refrend\u00f3<\/p>\n","protected":false},"author":1,"featured_media":10460,"comment_status":"open","ping_status":"open","sticky":false,"template":"","format":"standard","meta":{"om_disable_all_campaigns":false,"_monsterinsights_skip_tracking":false,"_monsterinsights_sitenote_active":false,"_monsterinsights_sitenote_note":"","_monsterinsights_sitenote_category":0,"_jetpack_memberships_contains_paid_content":false,"footnotes":"","jetpack_publicize_message":"","jetpack_publicize_feature_enabled":true,"jetpack_social_post_already_shared":false,"jetpack_social_options":{"image_generator_settings":{"template":"highway","enabled":false},"version":2}},"categories":[5],"tags":[],"class_list":["post-10458","post","type-post","status-publish","format-standard","has-post-thumbnail","hentry","category-nacional"],"jetpack_publicize_connections":[],"aioseo_notices":[],"jetpack_featured_media_url":"https:\/\/samanoticiasdurango.com\/wp-content\/uploads\/clau-1.jpg","featured_image_urls":{"full":["https:\/\/samanoticiasdurango.com\/wp-content\/uploads\/clau-1.jpg",680,383,false],"thumbnail":["https:\/\/samanoticiasdurango.com\/wp-content\/uploads\/clau-1-150x150.jpg",150,150,true],"medium":["https:\/\/samanoticiasdurango.com\/wp-content\/uploads\/clau-1-300x169.jpg",300,169,true],"medium_large":["https:\/\/samanoticiasdurango.com\/wp-content\/uploads\/clau-1.jpg",640,360,false],"large":["https:\/\/samanoticiasdurango.com\/wp-content\/uploads\/clau-1.jpg",640,360,false],"1536x1536":["https:\/\/samanoticiasdurango.com\/wp-content\/uploads\/clau-1.jpg",680,383,false],"2048x2048":["https:\/\/samanoticiasdurango.com\/wp-content\/uploads\/clau-1.jpg",680,383,false],"chromenews-featured":["https:\/\/samanoticiasdurango.com\/wp-content\/uploads\/clau-1.jpg",680,383,false],"chromenews-large":["https:\/\/samanoticiasdurango.com\/wp-content\/uploads\/clau-1.jpg",680,383,false],"chromenews-medium":["https:\/\/samanoticiasdurango.com\/wp-content\/uploads\/clau-1-590x383.jpg",590,383,true]},"author_info":{"display_name":"Redacci\u00f3n","author_link":"https:\/\/samanoticiasdurango.com\/index.php\/author\/jjsama13gmail-com\/"},"category_info":"<a href=\"https:\/\/samanoticiasdurango.com\/index.php\/category\/nacional\/\" rel=\"category tag\">NACIONAL<\/a>","tag_info":"NACIONAL","comment_count":"0","jetpack_sharing_enabled":true,"_links":{"self":[{"href":"https:\/\/samanoticiasdurango.com\/index.php\/wp-json\/wp\/v2\/posts\/10458","targetHints":{"allow":["GET"]}}],"collection":[{"href":"https:\/\/samanoticiasdurango.com\/index.php\/wp-json\/wp\/v2\/posts"}],"about":[{"href":"https:\/\/samanoticiasdurango.com\/index.php\/wp-json\/wp\/v2\/types\/post"}],"author":[{"embeddable":true,"href":"https:\/\/samanoticiasdurango.com\/index.php\/wp-json\/wp\/v2\/users\/1"}],"replies":[{"embeddable":true,"href":"https:\/\/samanoticiasdurango.com\/index.php\/wp-json\/wp\/v2\/comments?post=10458"}],"version-history":[{"count":1,"href":"https:\/\/samanoticiasdurango.com\/index.php\/wp-json\/wp\/v2\/posts\/10458\/revisions"}],"predecessor-version":[{"id":10461,"href":"https:\/\/samanoticiasdurango.com\/index.php\/wp-json\/wp\/v2\/posts\/10458\/revisions\/10461"}],"wp:featuredmedia":[{"embeddable":true,"href":"https:\/\/samanoticiasdurango.com\/index.php\/wp-json\/wp\/v2\/media\/10460"}],"wp:attachment":[{"href":"https:\/\/samanoticiasdurango.com\/index.php\/wp-json\/wp\/v2\/media?parent=10458"}],"wp:term":[{"taxonomy":"category","embeddable":true,"href":"https:\/\/samanoticiasdurango.com\/index.php\/wp-json\/wp\/v2\/categories?post=10458"},{"taxonomy":"post_tag","embeddable":true,"href":"https:\/\/samanoticiasdurango.com\/index.php\/wp-json\/wp\/v2\/tags?post=10458"}],"curies":[{"name":"wp","href":"https:\/\/api.w.org\/{rel}","templated":true}]}}