{"id":10462,"date":"2024-07-18T15:07:56","date_gmt":"2024-07-18T15:07:56","guid":{"rendered":"http:\/\/samanoticiasdurango.com\/?p=10462"},"modified":"2024-07-18T15:07:57","modified_gmt":"2024-07-18T15:07:57","slug":"sera-prioridad-ley-de-fiscalizacion-alejandro-mojica","status":"publish","type":"post","link":"https:\/\/samanoticiasdurango.com\/index.php\/2024\/07\/18\/sera-prioridad-ley-de-fiscalizacion-alejandro-mojica\/","title":{"rendered":"Ser\u00e1 prioridad Ley de Fiscalizaci\u00f3n: Alejandro Mojica"},"content":{"rendered":"\n<p>Durante el pr\u00f3ximo Periodo Extraordinario de Sesiones se buscar\u00e1 sacar adelante la Ley de Fiscalizaci\u00f3n del Estado, para cuidar cada peso de los ciudadanos y que estos se apliquen correctamente en beneficio de la gente, inform\u00f3 el diputado Alejandro Mojica Narv\u00e1ez.<\/p>\n\n\n\n<p>El coordinador del Grupo Parlamentario del PAN, dio a conocer que actualmente se encuentran muy avanzados los trabajos del dictamen que armonizar\u00e1 la legislaci\u00f3n local a lo que plasma la Ley General de Fiscalizaci\u00f3n, para mejorar los procedimientos de transparencia y rendici\u00f3n de cuentas de los recursos p\u00fablicos.<\/p>\n\n\n\n<p>\u201cEs importante ser m\u00e1s eficientes en la investigaci\u00f3n, en los procesos y sustanciaci\u00f3n, para que la Auditor\u00eda Superior del Estado tenga autonom\u00eda t\u00e9cnica, de gesti\u00f3n y presupuestal. Que tengan los dientes para que pueda realizar sus funciones de mejor manera\u201d, precis\u00f3 ante los medios de comunicaci\u00f3n.<\/p>\n\n\n\n<p>Al destacar algunos aspectos de la Ley de Fiscalizaci\u00f3n, explic\u00f3 que en el caso de que se presenten irregularidades, se busca la manera de que se tengan en tiempo real para que se puedan corregir a tiempo y que no sea un hecho que genere alguna consecuencia administrativa, que no se pueda corregir.<\/p>\n\n\n\n<p>Otro de los puntos que resalt\u00f3 es la necesidad de utilizar la firma electr\u00f3nica avanzada en los mecanismos fiscalizaci\u00f3n, adem\u00e1s que quienes asesoren a los municipios, al Estado o que trabajen en la Auditor\u00eda Superior del Estado cuente con la capacidad suficientes para realizar un trabajo de fondo en materia fiscal, contable y administrativa, por lo que se busca tener un padr\u00f3n de especialistas en la materia.<\/p>\n\n\n\n<p>En este sentido, subray\u00f3 que se prev\u00e9 sea en el mes de agosto cuando la Sexag\u00e9sima Novena Legislatura realice el Periodo Extraordinario de Sesiones.<\/p>\n","protected":false},"excerpt":{"rendered":"<p>Durante el pr\u00f3ximo Periodo Extraordinario de Sesiones se buscar\u00e1 sacar adelante la Ley de Fiscalizaci\u00f3n<\/p>\n","protected":false},"author":1,"featured_media":10463,"comment_status":"open","ping_status":"open","sticky":false,"template":"","format":"standard","meta":{"om_disable_all_campaigns":false,"_monsterinsights_skip_tracking":false,"_monsterinsights_sitenote_active":false,"_monsterinsights_sitenote_note":"","_monsterinsights_sitenote_category":0,"_jetpack_memberships_contains_paid_content":false,"footnotes":"","jetpack_publicize_message":"","jetpack_publicize_feature_enabled":true,"jetpack_social_post_already_shared":false,"jetpack_social_options":{"image_generator_settings":{"template":"highway","enabled":false},"version":2}},"categories":[1],"tags":[],"class_list":["post-10462","post","type-post","status-publish","format-standard","has-post-thumbnail","hentry","category-archivo"],"jetpack_publicize_connections":[],"aioseo_notices":[],"jetpack_featured_media_url":"https:\/\/samanoticiasdurango.com\/wp-content\/uploads\/congre.jpg","featured_image_urls":{"full":["https:\/\/samanoticiasdurango.com\/wp-content\/uploads\/congre.jpg",680,383,false],"thumbnail":["https:\/\/samanoticiasdurango.com\/wp-content\/uploads\/congre-150x150.jpg",150,150,true],"medium":["https:\/\/samanoticiasdurango.com\/wp-content\/uploads\/congre-300x169.jpg",300,169,true],"medium_large":["https:\/\/samanoticiasdurango.com\/wp-content\/uploads\/congre.jpg",640,360,false],"large":["https:\/\/samanoticiasdurango.com\/wp-content\/uploads\/congre.jpg",640,360,false],"1536x1536":["https:\/\/samanoticiasdurango.com\/wp-content\/uploads\/congre.jpg",680,383,false],"2048x2048":["https:\/\/samanoticiasdurango.com\/wp-content\/uploads\/congre.jpg",680,383,false],"chromenews-featured":["https:\/\/samanoticiasdurango.com\/wp-content\/uploads\/congre.jpg",680,383,false],"chromenews-large":["https:\/\/samanoticiasdurango.com\/wp-content\/uploads\/congre.jpg",680,383,false],"chromenews-medium":["https:\/\/samanoticiasdurango.com\/wp-content\/uploads\/congre-590x383.jpg",590,383,true]},"author_info":{"display_name":"Redacci\u00f3n","author_link":"https:\/\/samanoticiasdurango.com\/index.php\/author\/jjsama13gmail-com\/"},"category_info":"<a href=\"https:\/\/samanoticiasdurango.com\/index.php\/category\/archivo\/\" rel=\"category tag\">DURANGO<\/a>","tag_info":"DURANGO","comment_count":"0","jetpack_sharing_enabled":true,"_links":{"self":[{"href":"https:\/\/samanoticiasdurango.com\/index.php\/wp-json\/wp\/v2\/posts\/10462","targetHints":{"allow":["GET"]}}],"collection":[{"href":"https:\/\/samanoticiasdurango.com\/index.php\/wp-json\/wp\/v2\/posts"}],"about":[{"href":"https:\/\/samanoticiasdurango.com\/index.php\/wp-json\/wp\/v2\/types\/post"}],"author":[{"embeddable":true,"href":"https:\/\/samanoticiasdurango.com\/index.php\/wp-json\/wp\/v2\/users\/1"}],"replies":[{"embeddable":true,"href":"https:\/\/samanoticiasdurango.com\/index.php\/wp-json\/wp\/v2\/comments?post=10462"}],"version-history":[{"count":1,"href":"https:\/\/samanoticiasdurango.com\/index.php\/wp-json\/wp\/v2\/posts\/10462\/revisions"}],"predecessor-version":[{"id":10464,"href":"https:\/\/samanoticiasdurango.com\/index.php\/wp-json\/wp\/v2\/posts\/10462\/revisions\/10464"}],"wp:featuredmedia":[{"embeddable":true,"href":"https:\/\/samanoticiasdurango.com\/index.php\/wp-json\/wp\/v2\/media\/10463"}],"wp:attachment":[{"href":"https:\/\/samanoticiasdurango.com\/index.php\/wp-json\/wp\/v2\/media?parent=10462"}],"wp:term":[{"taxonomy":"category","embeddable":true,"href":"https:\/\/samanoticiasdurango.com\/index.php\/wp-json\/wp\/v2\/categories?post=10462"},{"taxonomy":"post_tag","embeddable":true,"href":"https:\/\/samanoticiasdurango.com\/index.php\/wp-json\/wp\/v2\/tags?post=10462"}],"curies":[{"name":"wp","href":"https:\/\/api.w.org\/{rel}","templated":true}]}}