{"id":10498,"date":"2024-07-20T15:23:56","date_gmt":"2024-07-20T15:23:56","guid":{"rendered":"http:\/\/samanoticiasdurango.com\/?p=10498"},"modified":"2024-07-20T15:23:57","modified_gmt":"2024-07-20T15:23:57","slug":"este-es-el-penal-de-durango-al-que-fue-trasladado-el-marro-lider-y-fundador-del-cartel-de-santa-rosa-de-lima","status":"publish","type":"post","link":"https:\/\/samanoticiasdurango.com\/index.php\/2024\/07\/20\/este-es-el-penal-de-durango-al-que-fue-trasladado-el-marro-lider-y-fundador-del-cartel-de-santa-rosa-de-lima\/","title":{"rendered":"Este es el penal de Durango al que fue trasladado El Marro, l\u00edder y fundador del C\u00e1rtel de Santa Rosa de Lima"},"content":{"rendered":"\n<p>El helic\u00f3ptero Black Hawk de la Secretar\u00eda de la Defensa Nacional (Sedena) vol\u00f3 m\u00e1s de 900 kil\u00f3metros para trasladar a<a rel=\"noreferrer noopener\" href=\"https:\/\/www.infobae.com\/mexico\/2024\/07\/19\/golpe-al-narco-en-baja-california-frenan-mas-de-medio-millon-de-dolares-en-cargamentos-de-metanfetamina-y-cocaina\/\" target=\"_blank\">&nbsp;<strong>Jos\u00e9 Antonio Y\u00e9pez Ortiz, alias \u201cEl Marro\u201d,<\/strong><\/a>&nbsp;del penal de \u2018El Altiplano\u2019 en el Estado de M\u00e9xico al Centro Federal de Readaptaci\u00f3n Social (Cefereso) N\u00famero 14 en G\u00f3mez Palacio, Durango.<\/p>\n\n\n\n<p>El peligroso l\u00edder criminal de Guanajuato y fundador del<strong>&nbsp;C\u00e1rtel de Santa Rosa de Lima (CSRL)&nbsp;<\/strong>cumplir\u00e1 el resto de su condena en el penal que se desplanta sobre el desierto del norte de M\u00e9xico, cerca de la frontera entre Durango y Coahuila y a kil\u00f3metros de donde erigi\u00f3 su imperio de huachicol.<\/p>\n\n\n\n<p>La nueva casa de \u201cEl Marro\u201d es capaz de albergar a reos de alta peligrosidad que requieren un nivel m\u00e1ximo de seguridad. Quien fuera uno de los criminales m\u00e1s poderosos de Guanajuato dormir\u00e1 en una de las celdas individuales del&nbsp;<strong>Cefereso N\u00famero 14.<\/strong><\/p>\n\n\n\n<p>\u201cEl Marro\u201d dormir\u00e1 en una cama dura de acero inoxidable, su lavabo, ba\u00f1o, escritorio, banco y repisa, son del mismo material; frente a \u00e9l tendr\u00e1 las rejas de una pulgada de acero de su celda, una de las 24 que hay en cada m\u00f3dulo.<\/p>\n\n\n\n<p><img loading=\"lazy\" decoding=\"async\" alt=\"Cefereso 14 G\u00f3mez Palacio, Durango\" height=\"324\" width=\"478\" class=\"\" src=\"https:\/\/www.infobae.com\/new-resizer\/5GHdYhh-hImLOJfx3SSU5oc1Frs=\/420x280\/filters:format(webp):quality(85)\/cloudfront-us-east-1.images.arcpublishing.com\/infobae\/QALP5AWIJVFQTCKDGH5Y3WZOZ4.jpg%20420w\" srcset=\"https:\/\/www.infobae.com\/new-resizer\/5GHdYhh-hImLOJfx3SSU5oc1Frs=\/420x280\/filters:format(webp):quality(85)\/cloudfront-us-east-1.images.arcpublishing.com\/infobae\/QALP5AWIJVFQTCKDGH5Y3WZOZ4.jpg 420w,https:\/\/www.infobae.com\/new-resizer\/Wv5at3BE5fuEqkgwluB_u9pHwQQ=\/768x512\/filters:format(webp):quality(85)\/cloudfront-us-east-1.images.arcpublishing.com\/infobae\/QALP5AWIJVFQTCKDGH5Y3WZOZ4.jpg 768w,https:\/\/www.infobae.com\/new-resizer\/v9QP1d9CTJSM9vTlwNnTI89b4ic=\/992x661\/filters:format(webp):quality(85)\/cloudfront-us-east-1.images.arcpublishing.com\/infobae\/QALP5AWIJVFQTCKDGH5Y3WZOZ4.jpg 992w,https:\/\/www.infobae.com\/new-resizer\/dIYDsXz8g9B2qUybOJS3WZJlskQ=\/1200x800\/filters:format(webp):quality(85)\/cloudfront-us-east-1.images.arcpublishing.com\/infobae\/QALP5AWIJVFQTCKDGH5Y3WZOZ4.jpg 1200w,https:\/\/www.infobae.com\/new-resizer\/ASkol2qg9V7qmGmImgCb8I9gVX4=\/1440x960\/filters:format(webp):quality(85)\/cloudfront-us-east-1.images.arcpublishing.com\/infobae\/QALP5AWIJVFQTCKDGH5Y3WZOZ4.jpg 1440w\">Cefereso 14 G\u00f3mez Palacio, Durango<\/p>\n\n\n\n<p>El fundador del CSRL no podr\u00e1 tener contacto con otros reclusos, ser\u00e1 vigilado por m\u00e1s de<strong>&nbsp;50 c\u00e1maras y 12 torres de vigilancia<\/strong>; \u201cEl Marr\u00f3\u201d estar\u00e1 dentro de paredes de 6 metros de altura y bajo resguardo de cuatro filtros de seguridad antes de poder entrar a la celdas.<\/p>\n\n\n\n<p>El Cefereso 14 de<a rel=\"noreferrer noopener\" href=\"https:\/\/www.infobae.com\/mexico\/2024\/07\/19\/reportan-traslado-de-el-marro-lider-del-cartel-de-santa-rosa-de-lima-estaba-recluido-en-el-altiplano\/\" target=\"_blank\"><strong>G\u00f3mez Palacio, Durango<\/strong>,&nbsp;<\/a>tiene capacidad para 2 mil 500 reclusos y ser\u00e1 la pr\u00f3xima casa de \u201cEl Marro\u201d justo cuando acaba de cumplir 10 a\u00f1os en operaci\u00f3n, pues abri\u00f3 sus puertas en marzo de 2014.<\/p>\n\n\n\n<h2 class=\"wp-block-heading\">La nueva casa de \u201cEl Marro\u201d<\/h2>\n\n\n\n<p>Dos a\u00f1os despu\u00e9s de su inauguraci\u00f3n, el Cefereso 14 de Durango se convirti\u00f3 en el hogar de secuestradores, as\u00ed lo inform\u00f3 el entonces Comisionado Nacional de Seguridad, Renato Sales Heredia.<\/p>\n\n\n\n<p>Por sus niveles de seguridad, es considerada como una de las<strong>&nbsp;c\u00e1rceles m\u00e1s duras del pa\u00eds<\/strong>, una situaci\u00f3n que ha provocado suicidios y denuncias por presuntas extorsiones de parte de los custodios a los reos.<\/p>\n\n\n\n<p><img loading=\"lazy\" decoding=\"async\" alt=\"Cefereso 14 G\u00f3mez Palacio, Durango\" height=\"324\" width=\"478\" class=\"\" src=\"https:\/\/www.infobae.com\/new-resizer\/R-SXSbNk7wGzWmFFkDSk5W10SVI=\/420x280\/filters:format(webp):quality(85)\/cloudfront-us-east-1.images.arcpublishing.com\/infobae\/LZENPMSTINGDJFORZILVYOXI4Y.jpg%20420w\" srcset=\"https:\/\/www.infobae.com\/new-resizer\/R-SXSbNk7wGzWmFFkDSk5W10SVI=\/420x280\/filters:format(webp):quality(85)\/cloudfront-us-east-1.images.arcpublishing.com\/infobae\/LZENPMSTINGDJFORZILVYOXI4Y.jpg 420w,https:\/\/www.infobae.com\/new-resizer\/AChEM0qCrxjrNwYVBssoK-lNKiw=\/768x512\/filters:format(webp):quality(85)\/cloudfront-us-east-1.images.arcpublishing.com\/infobae\/LZENPMSTINGDJFORZILVYOXI4Y.jpg 768w,https:\/\/www.infobae.com\/new-resizer\/ZFP5mmJEmXqydp7joiQxlt2GdFA=\/992x661\/filters:format(webp):quality(85)\/cloudfront-us-east-1.images.arcpublishing.com\/infobae\/LZENPMSTINGDJFORZILVYOXI4Y.jpg 992w,https:\/\/www.infobae.com\/new-resizer\/BB5liaG9MA66uar1ZBLYZguIEPc=\/1200x800\/filters:format(webp):quality(85)\/cloudfront-us-east-1.images.arcpublishing.com\/infobae\/LZENPMSTINGDJFORZILVYOXI4Y.jpg 1200w,https:\/\/www.infobae.com\/new-resizer\/BNk4XGfSpgJN2vi_E0Eg7NhGSfg=\/1440x960\/filters:format(webp):quality(85)\/cloudfront-us-east-1.images.arcpublishing.com\/infobae\/LZENPMSTINGDJFORZILVYOXI4Y.jpg 1440w\">Cefereso 14 G\u00f3mez Palacio, Durango<\/p>\n\n\n\n<p>Conviene recordar que en julio de 2021 un reo decidi\u00f3 atentar contra su vida tras la dura vida detr\u00e1s del Cefereso N\u00famero 14. El caso fue atendido por la&nbsp;<strong>Comisi\u00f3n Nacional de los Derechos Humanos (CNDH)<\/strong>&nbsp;porque se consider\u00f3 que las autoridades penitenciarios no respetaron los derechos a la salud f\u00edsica y emocional de la v\u00edctima, quien en m\u00e1s de una ocasi\u00f3n manifest\u00f3 deseos de quitarse la vida e intent\u00f3 suicidarse previamente.<\/p>\n\n\n\n<p>Pese a su alto nivel de seguridad, en el mismo 2021 se report\u00f3 una ri\u00f1a al interior del penal de G\u00f3mez Palacio; algunos reclusos con armas punzocortantes intentaron ingresar a otros m\u00f3dulos para atacar a los integrantes de un grupo criminal rival. En respuesta al actuar de los reos, personal de la Guardia Nacional y del&nbsp;<strong>Cefereso 14<\/strong>&nbsp;realizaron una inspecci\u00f3n en la que agredieron con gases lacrim\u00f3genos a los presos, los desnudaron, les quitaron sus art\u00edculos personales, cobijas y colchonetas y los dejaron incomunicados como \u201ccastigo\u201d. Al final la CNDH determin\u00f3 que se violaron los derechos de 672 reclusos.<\/p>\n\n\n\n<p>Uno de los \u00faltimos eventos que involucra a los reos del penal de G\u00f3mez Palacio, Durango, estuvo relacionado con las elecciones presidenciales, pues el Instituto Nacional Electoral (INE) les permiti\u00f3 a&nbsp;<strong>416 internos ejercer su derecho al voto.<\/strong><\/p>\n\n\n\n<p>As\u00ed es la nueva casa de \u201cEl Marro\u201d, el criminal que construy\u00f3 un imperio criminal con el robo de hidrocarburos y extorsiones, pero que vio la luz de la libertad por \u00faltima vez en agosto de 2020, justo cuando ten\u00eda secuestrada a una empresaria y fuerzas federales lo capturaron en Guanajuato.<\/p>\n","protected":false},"excerpt":{"rendered":"<p>El helic\u00f3ptero Black Hawk de la Secretar\u00eda de la Defensa Nacional (Sedena) vol\u00f3 m\u00e1s de<\/p>\n","protected":false},"author":1,"featured_media":10499,"comment_status":"open","ping_status":"open","sticky":false,"template":"","format":"standard","meta":{"om_disable_all_campaigns":false,"_monsterinsights_skip_tracking":false,"_monsterinsights_sitenote_active":false,"_monsterinsights_sitenote_note":"","_monsterinsights_sitenote_category":0,"_jetpack_memberships_contains_paid_content":false,"footnotes":"","jetpack_publicize_message":"","jetpack_publicize_feature_enabled":true,"jetpack_social_post_already_shared":false,"jetpack_social_options":{"image_generator_settings":{"template":"highway","enabled":false},"version":2}},"categories":[5],"tags":[],"class_list":["post-10498","post","type-post","status-publish","format-standard","has-post-thumbnail","hentry","category-nacional"],"jetpack_publicize_connections":[],"aioseo_notices":[],"jetpack_featured_media_url":"https:\/\/samanoticiasdurango.com\/wp-content\/uploads\/Secuencia-01.00_00_02_24.Imagen-fija038.jpg","featured_image_urls":{"full":["https:\/\/samanoticiasdurango.com\/wp-content\/uploads\/Secuencia-01.00_00_02_24.Imagen-fija038.jpg",680,383,false],"thumbnail":["https:\/\/samanoticiasdurango.com\/wp-content\/uploads\/Secuencia-01.00_00_02_24.Imagen-fija038-150x150.jpg",150,150,true],"medium":["https:\/\/samanoticiasdurango.com\/wp-content\/uploads\/Secuencia-01.00_00_02_24.Imagen-fija038-300x169.jpg",300,169,true],"medium_large":["https:\/\/samanoticiasdurango.com\/wp-content\/uploads\/Secuencia-01.00_00_02_24.Imagen-fija038.jpg",640,360,false],"large":["https:\/\/samanoticiasdurango.com\/wp-content\/uploads\/Secuencia-01.00_00_02_24.Imagen-fija038.jpg",640,360,false],"1536x1536":["https:\/\/samanoticiasdurango.com\/wp-content\/uploads\/Secuencia-01.00_00_02_24.Imagen-fija038.jpg",680,383,false],"2048x2048":["https:\/\/samanoticiasdurango.com\/wp-content\/uploads\/Secuencia-01.00_00_02_24.Imagen-fija038.jpg",680,383,false],"chromenews-featured":["https:\/\/samanoticiasdurango.com\/wp-content\/uploads\/Secuencia-01.00_00_02_24.Imagen-fija038.jpg",680,383,false],"chromenews-large":["https:\/\/samanoticiasdurango.com\/wp-content\/uploads\/Secuencia-01.00_00_02_24.Imagen-fija038.jpg",680,383,false],"chromenews-medium":["https:\/\/samanoticiasdurango.com\/wp-content\/uploads\/Secuencia-01.00_00_02_24.Imagen-fija038-590x383.jpg",590,383,true]},"author_info":{"display_name":"Redacci\u00f3n","author_link":"https:\/\/samanoticiasdurango.com\/index.php\/author\/jjsama13gmail-com\/"},"category_info":"<a href=\"https:\/\/samanoticiasdurango.com\/index.php\/category\/nacional\/\" rel=\"category tag\">NACIONAL<\/a>","tag_info":"NACIONAL","comment_count":"0","jetpack_sharing_enabled":true,"_links":{"self":[{"href":"https:\/\/samanoticiasdurango.com\/index.php\/wp-json\/wp\/v2\/posts\/10498","targetHints":{"allow":["GET"]}}],"collection":[{"href":"https:\/\/samanoticiasdurango.com\/index.php\/wp-json\/wp\/v2\/posts"}],"about":[{"href":"https:\/\/samanoticiasdurango.com\/index.php\/wp-json\/wp\/v2\/types\/post"}],"author":[{"embeddable":true,"href":"https:\/\/samanoticiasdurango.com\/index.php\/wp-json\/wp\/v2\/users\/1"}],"replies":[{"embeddable":true,"href":"https:\/\/samanoticiasdurango.com\/index.php\/wp-json\/wp\/v2\/comments?post=10498"}],"version-history":[{"count":1,"href":"https:\/\/samanoticiasdurango.com\/index.php\/wp-json\/wp\/v2\/posts\/10498\/revisions"}],"predecessor-version":[{"id":10500,"href":"https:\/\/samanoticiasdurango.com\/index.php\/wp-json\/wp\/v2\/posts\/10498\/revisions\/10500"}],"wp:featuredmedia":[{"embeddable":true,"href":"https:\/\/samanoticiasdurango.com\/index.php\/wp-json\/wp\/v2\/media\/10499"}],"wp:attachment":[{"href":"https:\/\/samanoticiasdurango.com\/index.php\/wp-json\/wp\/v2\/media?parent=10498"}],"wp:term":[{"taxonomy":"category","embeddable":true,"href":"https:\/\/samanoticiasdurango.com\/index.php\/wp-json\/wp\/v2\/categories?post=10498"},{"taxonomy":"post_tag","embeddable":true,"href":"https:\/\/samanoticiasdurango.com\/index.php\/wp-json\/wp\/v2\/tags?post=10498"}],"curies":[{"name":"wp","href":"https:\/\/api.w.org\/{rel}","templated":true}]}}