{"id":10510,"date":"2024-07-20T23:05:48","date_gmt":"2024-07-20T23:05:48","guid":{"rendered":"http:\/\/samanoticiasdurango.com\/?p=10510"},"modified":"2024-07-20T23:05:50","modified_gmt":"2024-07-20T23:05:50","slug":"se-desata-balacera-en-badiraguato-reportan-muertos-y-heridos-por-enfrentamiento-entre-grupos-rivales","status":"publish","type":"post","link":"https:\/\/samanoticiasdurango.com\/index.php\/2024\/07\/20\/se-desata-balacera-en-badiraguato-reportan-muertos-y-heridos-por-enfrentamiento-entre-grupos-rivales\/","title":{"rendered":"Se desata balacera en Badiraguato; reportan muertos y heridos por enfrentamiento entre grupos rivales"},"content":{"rendered":"\n<p>Esta tarde se report\u00f3 una intensa balacera en el municipio de Badiraguato, cuna del&nbsp;<a rel=\"noreferrer noopener\" href=\"https:\/\/www.infobae.com\/mexico\/2024\/03\/21\/gente-del-guano-deja-cuerpos-decapitados-tras-enfrentamiento-en-badiraguato-sinaloa\/\" target=\"_blank\"><strong>C\u00e1rtel de Sinaloa<\/strong><\/a>; como saldo preliminar se informa sobre al menos una persona muerta y varias heridas.<\/p>\n\n\n\n<p>De acuerdo con los primeros informes, todos extraoficiales, se indica que la balacera comenz\u00f3 durante la noche del viernes y que se prolong\u00f3 hasta la madrugada y ma\u00f1ana de este s\u00e1bado, teniendo como protagonistas a dos grupos criminales antag\u00f3nicos con presencia en la<strong>&nbsp;Sierra de Badiraguato.<\/strong><\/p>\n\n\n\n<p>Luego de recibir el reporte de los pobladores respecto a la escucha de disparos, agentes de la Fiscal\u00eda General de Justicia (FGJ) de Guerrero acudieron a la regi\u00f3n para verificar los hechos, encontrando a&nbsp;<strong>una persona sin vida y una m\u00e1s herida&nbsp;<\/strong>junto a un camino de terracer\u00eda que conecta los poblados de San Jos\u00e9 del Llano y El Saucito; tambi\u00e9n hallaron un auto con varios impactos de bala.<\/p>\n\n\n\n<p>Informaci\u00f3n recogida por el medio&nbsp;<em>R\u00edo Doce<\/em>&nbsp;refiere que en la balacera participaron civiles armados con rifles de asalto y Barret calibre 50 mm; adem\u00e1s reportan la localizaci\u00f3n de&nbsp;<strong>varios autos incendiados&nbsp;<\/strong>y con impactos de bala en las comunidades de San Jos\u00e9 del Llano, La Boca, Los Amoles y Soyatita.<\/p>\n\n\n\n<p>Hasta el momento las autoridades no se han pronunciado al respecto, por lo que se desconoce el n\u00famero total de&nbsp;<strong>v\u00edctimas y heridos,<\/strong>&nbsp;as\u00ed como la identidad de los grupos que participaron en la balacera.<\/p>\n\n\n\n<p><img loading=\"lazy\" decoding=\"async\" alt=\"Veh\u00edculos calcinados en Badiraguato. (Captura de pantalla)\" height=\"1080\" width=\"1920\" class=\"\" src=\"https:\/\/www.infobae.com\/new-resizer\/BiWeH6EFHS6c324nG4XpFk5MZK8=\/420x236\/filters:format(webp):quality(85)\/cloudfront-us-east-1.images.arcpublishing.com\/infobae\/VYT3RFTNIJEYHPRMCI2QYOK2JA.jpg%20420w\" srcset=\"https:\/\/www.infobae.com\/new-resizer\/BiWeH6EFHS6c324nG4XpFk5MZK8=\/420x236\/filters:format(webp):quality(85)\/cloudfront-us-east-1.images.arcpublishing.com\/infobae\/VYT3RFTNIJEYHPRMCI2QYOK2JA.jpg 420w,https:\/\/www.infobae.com\/new-resizer\/R5AzsLBmqZkIo_UNmoRnbPYnS5w=\/768x432\/filters:format(webp):quality(85)\/cloudfront-us-east-1.images.arcpublishing.com\/infobae\/VYT3RFTNIJEYHPRMCI2QYOK2JA.jpg 768w,https:\/\/www.infobae.com\/new-resizer\/HYqmgw6a6-oVyqyoPCXPWZIFnw4=\/992x558\/filters:format(webp):quality(85)\/cloudfront-us-east-1.images.arcpublishing.com\/infobae\/VYT3RFTNIJEYHPRMCI2QYOK2JA.jpg 992w,https:\/\/www.infobae.com\/new-resizer\/gnKwED36LCOyssPv-uMP-0A5vkw=\/1200x675\/filters:format(webp):quality(85)\/cloudfront-us-east-1.images.arcpublishing.com\/infobae\/VYT3RFTNIJEYHPRMCI2QYOK2JA.jpg 1200w,https:\/\/www.infobae.com\/new-resizer\/JSksLgU0VdHUCk_iUj02trCWyr8=\/1440x810\/filters:format(webp):quality(85)\/cloudfront-us-east-1.images.arcpublishing.com\/infobae\/VYT3RFTNIJEYHPRMCI2QYOK2JA.jpg 1440w\">Veh\u00edculos calcinados en Badiraguato. (Captura de pantalla)<\/p>\n\n\n\n<h2 class=\"wp-block-heading\">Badiraguato bajo fuego<\/h2>\n\n\n\n<p>En los \u00faltimos meses han ocurrido al menos dos sucesos de importancia para el C\u00e1rtel de Sinaloa y que est\u00e1n relacionados con hechos violentos en la Sierra de Badiraguato. El primero de ellos, el 21 de marzo pasado, cuando se registr\u00f3 un enfrentamiento entre presuntos sicarios de&nbsp;<a rel=\"noreferrer noopener\" href=\"https:\/\/www.infobae.com\/mexico\/2024\/07\/09\/detienen-al-r8-jefe-de-seguridad-de-aureliano-el-guano-guzman-tras-fuerte-operativo-en-badiraguato\/\" target=\"_blank\"><strong>Aureliano Guzm\u00e1n Loera, alias \u201cEl Guano\u201d<\/strong><\/a><strong>,&nbsp;<\/strong>con pistoleros de sus sobrinos: Los Chapitos.<\/p>\n\n\n\n<p>Una camioneta calcinada y con varios impactos de bala junto a los cuerpos de tres personas -dos de ellas decapitadas- fueron localizadas en un tramo carretero entre las comunidades de<strong>&nbsp;San Jos\u00e9 del Llano y Soyatita<\/strong>, muy cerca de la balacera reportada esta ma\u00f1ana; cerca de las v\u00edctimas los responsables del ataque dejaron un narcomensjae:<\/p>\n\n\n\n<blockquote class=\"wp-block-quote is-layout-flow wp-block-quote-is-layout-flow\">\n<p>\u201cAs\u00ed se va a pasar a toda la bola de v*ergas que le busquen al \u2018Guano\u2019, se le\u00eda en una cartulinas firmadas con las siglas GDG (Gente del Guano).<\/p>\n<\/blockquote>\n\n\n\n<p>El segundo hecho de relevancia ocurrido en Badiraguato fue la detenci\u00f3n de Luis \u201cN\u201d, mejor conocido como<strong>&nbsp;\u2018El R-8\u2032,&nbsp;<\/strong>identificado como jefe de seguridad de \u201cEl Guano\u201d y uno de los principales generadores de violencia de la regi\u00f3n.<\/p>\n\n\n\n<p>Elementos de la Guardian Nacional y del Ej\u00e9rcito Mexicano capturaron a \u2018El R-8\u2032 despu\u00e9s de un intenso operativo que, de manera extraoficial, se dijo ten\u00eda como prop\u00f3sito la detenci\u00f3n de<strong>&nbsp;Aureliano Guzm\u00e1n Loera<\/strong>&nbsp;-hermano de Joaqu\u00edn El Chapo Guzm\u00e1n- y que se desarroll\u00f3 entre la frontera de Sinaloa con Durango.<\/p>\n\n\n\n<p>Junto a \u2018El R-8\u2032 fueron detenidas otras tres personas y se report\u00f3 la quema de varios veh\u00edculos en los caminos que conectan a&nbsp;<strong>Badiraguato con Tamazula, Durango<\/strong>. Seg\u00fan el reporte oficial el operativo inici\u00f3 en Sinaloa y alarg\u00f3 hasta la comunidad duranguense de El Durazno, ambas dentro del llamado Tri\u00e1ngulo Dorado de la droga.<\/p>\n","protected":false},"excerpt":{"rendered":"<p>Esta tarde se report\u00f3 una intensa balacera en el municipio de Badiraguato, cuna del&nbsp;C\u00e1rtel de<\/p>\n","protected":false},"author":1,"featured_media":10511,"comment_status":"open","ping_status":"open","sticky":false,"template":"","format":"standard","meta":{"om_disable_all_campaigns":false,"_monsterinsights_skip_tracking":false,"_monsterinsights_sitenote_active":false,"_monsterinsights_sitenote_note":"","_monsterinsights_sitenote_category":0,"_jetpack_memberships_contains_paid_content":false,"footnotes":"","jetpack_publicize_message":"","jetpack_publicize_feature_enabled":true,"jetpack_social_post_already_shared":false,"jetpack_social_options":{"image_generator_settings":{"template":"highway","enabled":false},"version":2}},"categories":[5],"tags":[],"class_list":["post-10510","post","type-post","status-publish","format-standard","has-post-thumbnail","hentry","category-nacional"],"jetpack_publicize_connections":[],"aioseo_notices":[],"jetpack_featured_media_url":"https:\/\/samanoticiasdurango.com\/wp-content\/uploads\/0-5.jpg","featured_image_urls":{"full":["https:\/\/samanoticiasdurango.com\/wp-content\/uploads\/0-5.jpg",680,383,false],"thumbnail":["https:\/\/samanoticiasdurango.com\/wp-content\/uploads\/0-5-150x150.jpg",150,150,true],"medium":["https:\/\/samanoticiasdurango.com\/wp-content\/uploads\/0-5-300x169.jpg",300,169,true],"medium_large":["https:\/\/samanoticiasdurango.com\/wp-content\/uploads\/0-5.jpg",640,360,false],"large":["https:\/\/samanoticiasdurango.com\/wp-content\/uploads\/0-5.jpg",640,360,false],"1536x1536":["https:\/\/samanoticiasdurango.com\/wp-content\/uploads\/0-5.jpg",680,383,false],"2048x2048":["https:\/\/samanoticiasdurango.com\/wp-content\/uploads\/0-5.jpg",680,383,false],"chromenews-featured":["https:\/\/samanoticiasdurango.com\/wp-content\/uploads\/0-5.jpg",680,383,false],"chromenews-large":["https:\/\/samanoticiasdurango.com\/wp-content\/uploads\/0-5.jpg",680,383,false],"chromenews-medium":["https:\/\/samanoticiasdurango.com\/wp-content\/uploads\/0-5-590x383.jpg",590,383,true]},"author_info":{"display_name":"Redacci\u00f3n","author_link":"https:\/\/samanoticiasdurango.com\/index.php\/author\/jjsama13gmail-com\/"},"category_info":"<a href=\"https:\/\/samanoticiasdurango.com\/index.php\/category\/nacional\/\" rel=\"category tag\">NACIONAL<\/a>","tag_info":"NACIONAL","comment_count":"0","jetpack_sharing_enabled":true,"_links":{"self":[{"href":"https:\/\/samanoticiasdurango.com\/index.php\/wp-json\/wp\/v2\/posts\/10510","targetHints":{"allow":["GET"]}}],"collection":[{"href":"https:\/\/samanoticiasdurango.com\/index.php\/wp-json\/wp\/v2\/posts"}],"about":[{"href":"https:\/\/samanoticiasdurango.com\/index.php\/wp-json\/wp\/v2\/types\/post"}],"author":[{"embeddable":true,"href":"https:\/\/samanoticiasdurango.com\/index.php\/wp-json\/wp\/v2\/users\/1"}],"replies":[{"embeddable":true,"href":"https:\/\/samanoticiasdurango.com\/index.php\/wp-json\/wp\/v2\/comments?post=10510"}],"version-history":[{"count":1,"href":"https:\/\/samanoticiasdurango.com\/index.php\/wp-json\/wp\/v2\/posts\/10510\/revisions"}],"predecessor-version":[{"id":10512,"href":"https:\/\/samanoticiasdurango.com\/index.php\/wp-json\/wp\/v2\/posts\/10510\/revisions\/10512"}],"wp:featuredmedia":[{"embeddable":true,"href":"https:\/\/samanoticiasdurango.com\/index.php\/wp-json\/wp\/v2\/media\/10511"}],"wp:attachment":[{"href":"https:\/\/samanoticiasdurango.com\/index.php\/wp-json\/wp\/v2\/media?parent=10510"}],"wp:term":[{"taxonomy":"category","embeddable":true,"href":"https:\/\/samanoticiasdurango.com\/index.php\/wp-json\/wp\/v2\/categories?post=10510"},{"taxonomy":"post_tag","embeddable":true,"href":"https:\/\/samanoticiasdurango.com\/index.php\/wp-json\/wp\/v2\/tags?post=10510"}],"curies":[{"name":"wp","href":"https:\/\/api.w.org\/{rel}","templated":true}]}}