{"id":10529,"date":"2024-07-21T18:35:03","date_gmt":"2024-07-21T18:35:03","guid":{"rendered":"http:\/\/samanoticiasdurango.com\/?p=10529"},"modified":"2024-07-21T18:35:04","modified_gmt":"2024-07-21T18:35:04","slug":"joe-biden-anuncio-que-retira-su-candidatura-a-la-reeleccion-en-eeuu","status":"publish","type":"post","link":"https:\/\/samanoticiasdurango.com\/index.php\/2024\/07\/21\/joe-biden-anuncio-que-retira-su-candidatura-a-la-reeleccion-en-eeuu\/","title":{"rendered":"Joe Biden anunci\u00f3 que retira su candidatura a la reelecci\u00f3n en EEUU"},"content":{"rendered":"\n<p>Tras varios d\u00edas de presi\u00f3n desde el seno del propio Partido Dem\u00f3crata, este domingo el presidente&nbsp;<strong>Joe Bien<\/strong>&nbsp;anunci\u00f3 formalmente que retira su candidatura a la reelecci\u00f3n de cara a las elecciones generales del pr\u00f3ximo 8 de noviembre.<\/p>\n\n\n\n<p><strong>\u201cCreo que lo mejor para mi partido y el pa\u00eds es que me retire y me concentre \u00fanicamente en cumplir con mis deberes como presidente durante el resto de mi mandato\u201d<\/strong>, se\u00f1al\u00f3 el jefe de Estado en un comunicado.<\/p>\n\n\n\n<p><img loading=\"lazy\" decoding=\"async\" alt=\"El comunicado de Joe Biden (X)\" height=\"1478\" width=\"1182\" class=\"\" src=\"https:\/\/www.infobae.com\/new-resizer\/YNx8lpQFoIFv1Dg4DGDLqfYkJvY=\/420x560\/filters:format(webp):quality(85)\/cloudfront-us-east-1.images.arcpublishing.com\/infobae\/J2TFDGQEBZAV3P2WXMUPE257Z4.png%20420w\" srcset=\"https:\/\/www.infobae.com\/new-resizer\/YNx8lpQFoIFv1Dg4DGDLqfYkJvY=\/420x560\/filters:format(webp):quality(85)\/cloudfront-us-east-1.images.arcpublishing.com\/infobae\/J2TFDGQEBZAV3P2WXMUPE257Z4.png 420w,https:\/\/www.infobae.com\/new-resizer\/IWNhyFkDrlXSC09B6c4jgIBbdWs=\/768x1024\/filters:format(webp):quality(85)\/cloudfront-us-east-1.images.arcpublishing.com\/infobae\/J2TFDGQEBZAV3P2WXMUPE257Z4.png 768w,https:\/\/www.infobae.com\/new-resizer\/YIa6_463qNRs1cIdj1rSkZ-me6o=\/992x1323\/filters:format(webp):quality(85)\/cloudfront-us-east-1.images.arcpublishing.com\/infobae\/J2TFDGQEBZAV3P2WXMUPE257Z4.png 992w,https:\/\/www.infobae.com\/new-resizer\/DhwKMlzQdORuUGzykz2NInLJs9A=\/1200x1600\/filters:format(webp):quality(85)\/cloudfront-us-east-1.images.arcpublishing.com\/infobae\/J2TFDGQEBZAV3P2WXMUPE257Z4.png 1200w\">El comunicado de Joe Biden (X)<\/p>\n\n\n\n<p>El jefe de Estado hab\u00eda recibido fuertes cuestionamientos por su performance en el debate con el republicano&nbsp;<strong>Donald Trump<\/strong>&nbsp;del pasado 27 de junio.<\/p>\n\n\n\n<p>Desde entonces, varios funcionarios dem\u00f3cratas y donadores de la campa\u00f1a ven\u00edan reclamando que&nbsp;<strong>el presidente desistiera de su candidatura.<\/strong>&nbsp;Sin embargo, hasta este domingo, el mandatario sosten\u00eda que s\u00f3lo reconsiderar\u00eda su candidatura presidencial si un diagn\u00f3stico m\u00e9dico grave pon\u00eda en riesgo su salud.<\/p>\n\n\n\n<p>De esta manera, es la primera vez que un candidato se retira despu\u00e9s de alcanzar la mayor\u00eda de los delegados en el proceso de primarias y a menos de un mes de que se celebre la Convenci\u00f3n Dem\u00f3crata, fijada para entre el 19 y 22 de agosto en Chicago.<\/p>\n\n\n\n<p>En el pasado, los presidentes&nbsp;<strong>Harry Truman (1952) y Lyndon B. Johnson (1968)<\/strong>, ambos dem\u00f3cratas, hab\u00edan decidido no presentarse a la reelecci\u00f3n en marzo del a\u00f1o en que se celebraba la votaci\u00f3n.<\/p>\n\n\n\n<p><img loading=\"lazy\" decoding=\"async\" alt=\"Las presiones sobre el presidente Joe Biden comenzaron tras el debate con Donald Trump (REUTERS\/Brian Snyder)\" height=\"3619\" width=\"5429\" class=\"\" src=\"https:\/\/www.infobae.com\/new-resizer\/82r1L14SNcwmL_nGhjyu0eKy5N0=\/420x280\/filters:format(webp):quality(85)\/cloudfront-us-east-1.images.arcpublishing.com\/infobae\/4TBBHDFXBDPHKXG6CFVZJBQEOA.jpg%20420w\" srcset=\"https:\/\/www.infobae.com\/new-resizer\/82r1L14SNcwmL_nGhjyu0eKy5N0=\/420x280\/filters:format(webp):quality(85)\/cloudfront-us-east-1.images.arcpublishing.com\/infobae\/4TBBHDFXBDPHKXG6CFVZJBQEOA.jpg 420w,https:\/\/www.infobae.com\/new-resizer\/LbeTF2-m-rS7qUyJJ7B3aUP0whI=\/768x512\/filters:format(webp):quality(85)\/cloudfront-us-east-1.images.arcpublishing.com\/infobae\/4TBBHDFXBDPHKXG6CFVZJBQEOA.jpg 768w,https:\/\/www.infobae.com\/new-resizer\/qoQ-Nqs3EYzbTgObpAohauPEoRE=\/992x661\/filters:format(webp):quality(85)\/cloudfront-us-east-1.images.arcpublishing.com\/infobae\/4TBBHDFXBDPHKXG6CFVZJBQEOA.jpg 992w,https:\/\/www.infobae.com\/new-resizer\/e380Yr4wsbsuVhJMQmsI60Z46Nw=\/1200x800\/filters:format(webp):quality(85)\/cloudfront-us-east-1.images.arcpublishing.com\/infobae\/4TBBHDFXBDPHKXG6CFVZJBQEOA.jpg 1200w,https:\/\/www.infobae.com\/new-resizer\/_TIBn-6oJ5vXBs1SyukQkz6CkWM=\/1440x960\/filters:format(webp):quality(85)\/cloudfront-us-east-1.images.arcpublishing.com\/infobae\/4TBBHDFXBDPHKXG6CFVZJBQEOA.jpg 1440w\">Las presiones sobre el presidente Joe Biden comenzaron tras el debate con Donald Trump (REUTERS\/Brian Snyder)<\/p>\n\n\n\n<p>Con su retiro, Biden se convirti\u00f3 en el mandatario que lo hace m\u00e1s tarde en el proceso electoral.<\/p>\n\n\n\n<p>Ya oficializado el retiro de su candidatura, ahora el Comit\u00e9 Nacional Dem\u00f3crata (DNC, por sus siglas en ingl\u00e9s) deber\u00e1 celebrar una reuni\u00f3n de emergencia en la que su comit\u00e9 de normas y reglamento establecer\u00e1 el proceso para efectuar el reemplazo.<\/p>\n\n\n\n<p>Como Biden se retir\u00f3 antes de la convenci\u00f3n de agosto, el sustituto se decidir\u00e1 all\u00ed. Por eso, se prev\u00e9 que el presidente podr\u00eda tener una gran capacidad de determinar su sustituto ya que controla en estos momentos 3.908 de los 3.939 delegados. Las leyes de cada estado deciden c\u00f3mo deben elegir esos delegados y 14 de ellos fuerzan, inicialmente, a votar al candidato que gan\u00f3 la primaria estatal.<\/p>\n\n\n\n<p>Biden tambi\u00e9n puede liberar a sus delegados para que voten con libertad a los posibles aspirantes que se presenten. El ganador ser\u00eda el candidato que obtuviese el apoyo de al menos 1.976 delegados.<\/p>\n\n\n\n<p><img loading=\"lazy\" decoding=\"async\" alt=\"Biden adelant\u00f3 que en la semana hablar\u00e1 ante la Naci\u00f3n (EFE\/EPA\/Michael Reynolds)\n\" height=\"2709\" width=\"4062\" class=\"\" src=\"https:\/\/www.infobae.com\/new-resizer\/t9zz-x3Zv8mmCyGK4JfuJVFsWRw=\/420x280\/filters:format(webp):quality(85)\/cloudfront-us-east-1.images.arcpublishing.com\/infobae\/CK5WQ6DHBBEDXH6UITF5J5HUKU.jpg%20420w\" srcset=\"https:\/\/www.infobae.com\/new-resizer\/t9zz-x3Zv8mmCyGK4JfuJVFsWRw=\/420x280\/filters:format(webp):quality(85)\/cloudfront-us-east-1.images.arcpublishing.com\/infobae\/CK5WQ6DHBBEDXH6UITF5J5HUKU.jpg 420w,https:\/\/www.infobae.com\/new-resizer\/V8yhgnlKZ1eu0XYnwOeQWs8z9cA=\/768x512\/filters:format(webp):quality(85)\/cloudfront-us-east-1.images.arcpublishing.com\/infobae\/CK5WQ6DHBBEDXH6UITF5J5HUKU.jpg 768w,https:\/\/www.infobae.com\/new-resizer\/TW8Q8E_laAXyD4F7YeN1vUxunk4=\/992x661\/filters:format(webp):quality(85)\/cloudfront-us-east-1.images.arcpublishing.com\/infobae\/CK5WQ6DHBBEDXH6UITF5J5HUKU.jpg 992w,https:\/\/www.infobae.com\/new-resizer\/DUxaQsvA91_MeQzr1Rg9oYjibSw=\/1200x800\/filters:format(webp):quality(85)\/cloudfront-us-east-1.images.arcpublishing.com\/infobae\/CK5WQ6DHBBEDXH6UITF5J5HUKU.jpg 1200w,https:\/\/www.infobae.com\/new-resizer\/imt9jg4iD0EQvQ16obSXR70BDM0=\/1440x960\/filters:format(webp):quality(85)\/cloudfront-us-east-1.images.arcpublishing.com\/infobae\/CK5WQ6DHBBEDXH6UITF5J5HUKU.jpg 1440w\">Biden adelant\u00f3 que en la semana hablar\u00e1 ante la Naci\u00f3n (EFE\/EPA\/Michael Reynolds)<\/p>\n\n\n\n<p><strong>A continuaci\u00f3n, la carta completa de Biden:<\/strong><\/p>\n\n\n\n<p><em>Mis compatriotas estadounidenses,<\/em><\/p>\n\n\n\n<p><em>Durante los \u00faltimos tres a\u00f1os y medio, hemos logrado grandes avances como Naci\u00f3n.<\/em><\/p>\n\n\n\n<p><em>Hoy, Estados Unidos tiene la econom\u00eda m\u00e1s fuerte del mundo. Hemos realizado inversiones hist\u00f3ricas en la reconstrucci\u00f3n de nuestro pa\u00eds, en la reducci\u00f3n de los costos de medicamentos recetados para los ancianos y en la expansi\u00f3n del cuidado de salud asequible a un n\u00famero r\u00e9cord de estadounidenses. Hemos brindado atenci\u00f3n cr\u00edtica a un mill\u00f3n de veteranos expuestos a sustancias t\u00f3xicas. Aprobamos la primera ley de seguridad de armas en 30 a\u00f1os. Nombramos a la primera mujer afroamericana en la Corte Suprema. Y aprobamos la legislaci\u00f3n clim\u00e1tica m\u00e1s significativa en la historia del mundo. Estados Unidos nunca ha estado mejor posicionado para liderar que hoy.<\/em><\/p>\n\n\n\n<p><em>S\u00e9 que nada de esto podr\u00eda haberse logrado sin ustedes, el pueblo estadounidense. Juntos, superamos una pandemia de una vez en un siglo y la peor crisis econ\u00f3mica desde la Gran Depresi\u00f3n. Hemos protegido y preservado nuestra Democracia. Y hemos revitalizado y fortalecido nuestras alianzas en todo el mundo.<\/em><\/p>\n\n\n\n<p><em>Ha sido el mayor honor de mi vida servir como su Presidente. Y aunque ha sido mi intenci\u00f3n buscar la reelecci\u00f3n, creo que es en el mejor inter\u00e9s de mi partido y del pa\u00eds que me retire y me concentre \u00fanicamente en cumplir con mis deberes como Presidente durante el resto de mi mandato.<\/em><\/p>\n\n\n\n<p><em>Hablar\u00e9 a la Naci\u00f3n m\u00e1s adelante esta semana con m\u00e1s detalles sobre mi decisi\u00f3n.<\/em><\/p>\n\n\n\n<p><em>Por ahora, perm\u00edtanme expresar mi m\u00e1s profundo agradecimiento a todos aquellos que han trabajado tan arduamente para verme reelegido. Quiero agradecer a la Vicepresidenta Kamala Harris por ser una socia extraordinaria en todo este trabajo. Y perm\u00edtanme expresar mi sincero agradecimiento al pueblo estadounidense por la fe y la confianza que han depositado en m\u00ed.<\/em><\/p>\n\n\n\n<p><em>Creo hoy lo que siempre he cre\u00eddo: que no hay nada que Estados Unidos no pueda hacer cuando lo hacemos juntos. Solo tenemos que recordar que somos los Estados Unidos de Am\u00e9rica.<\/em><\/p>\n","protected":false},"excerpt":{"rendered":"<p>Tras varios d\u00edas de presi\u00f3n desde el seno del propio Partido Dem\u00f3crata, este domingo el<\/p>\n","protected":false},"author":1,"featured_media":10530,"comment_status":"open","ping_status":"open","sticky":false,"template":"","format":"standard","meta":{"om_disable_all_campaigns":false,"_monsterinsights_skip_tracking":false,"_monsterinsights_sitenote_active":false,"_monsterinsights_sitenote_note":"","_monsterinsights_sitenote_category":0,"_jetpack_memberships_contains_paid_content":false,"footnotes":"","jetpack_publicize_message":"","jetpack_publicize_feature_enabled":true,"jetpack_social_post_already_shared":false,"jetpack_social_options":{"image_generator_settings":{"template":"highway","enabled":false},"version":2}},"categories":[6],"tags":[],"class_list":["post-10529","post","type-post","status-publish","format-standard","has-post-thumbnail","hentry","category-internacional"],"jetpack_publicize_connections":[],"aioseo_notices":[],"jetpack_featured_media_url":"https:\/\/samanoticiasdurango.com\/wp-content\/uploads\/4T4GEXX2KFCKBMBCQ6KP7F257E.jpg","featured_image_urls":{"full":["https:\/\/samanoticiasdurango.com\/wp-content\/uploads\/4T4GEXX2KFCKBMBCQ6KP7F257E.jpg",420,236,false],"thumbnail":["https:\/\/samanoticiasdurango.com\/wp-content\/uploads\/4T4GEXX2KFCKBMBCQ6KP7F257E-150x150.jpg",150,150,true],"medium":["https:\/\/samanoticiasdurango.com\/wp-content\/uploads\/4T4GEXX2KFCKBMBCQ6KP7F257E-300x169.jpg",300,169,true],"medium_large":["https:\/\/samanoticiasdurango.com\/wp-content\/uploads\/4T4GEXX2KFCKBMBCQ6KP7F257E.jpg",420,236,false],"large":["https:\/\/samanoticiasdurango.com\/wp-content\/uploads\/4T4GEXX2KFCKBMBCQ6KP7F257E.jpg",420,236,false],"1536x1536":["https:\/\/samanoticiasdurango.com\/wp-content\/uploads\/4T4GEXX2KFCKBMBCQ6KP7F257E.jpg",420,236,false],"2048x2048":["https:\/\/samanoticiasdurango.com\/wp-content\/uploads\/4T4GEXX2KFCKBMBCQ6KP7F257E.jpg",420,236,false],"chromenews-featured":["https:\/\/samanoticiasdurango.com\/wp-content\/uploads\/4T4GEXX2KFCKBMBCQ6KP7F257E.jpg",420,236,false],"chromenews-large":["https:\/\/samanoticiasdurango.com\/wp-content\/uploads\/4T4GEXX2KFCKBMBCQ6KP7F257E.jpg",420,236,false],"chromenews-medium":["https:\/\/samanoticiasdurango.com\/wp-content\/uploads\/4T4GEXX2KFCKBMBCQ6KP7F257E.jpg",420,236,false]},"author_info":{"display_name":"Redacci\u00f3n","author_link":"https:\/\/samanoticiasdurango.com\/index.php\/author\/jjsama13gmail-com\/"},"category_info":"<a href=\"https:\/\/samanoticiasdurango.com\/index.php\/category\/internacional\/\" rel=\"category tag\">INTERNACIONAL<\/a>","tag_info":"INTERNACIONAL","comment_count":"0","jetpack_sharing_enabled":true,"_links":{"self":[{"href":"https:\/\/samanoticiasdurango.com\/index.php\/wp-json\/wp\/v2\/posts\/10529","targetHints":{"allow":["GET"]}}],"collection":[{"href":"https:\/\/samanoticiasdurango.com\/index.php\/wp-json\/wp\/v2\/posts"}],"about":[{"href":"https:\/\/samanoticiasdurango.com\/index.php\/wp-json\/wp\/v2\/types\/post"}],"author":[{"embeddable":true,"href":"https:\/\/samanoticiasdurango.com\/index.php\/wp-json\/wp\/v2\/users\/1"}],"replies":[{"embeddable":true,"href":"https:\/\/samanoticiasdurango.com\/index.php\/wp-json\/wp\/v2\/comments?post=10529"}],"version-history":[{"count":1,"href":"https:\/\/samanoticiasdurango.com\/index.php\/wp-json\/wp\/v2\/posts\/10529\/revisions"}],"predecessor-version":[{"id":10531,"href":"https:\/\/samanoticiasdurango.com\/index.php\/wp-json\/wp\/v2\/posts\/10529\/revisions\/10531"}],"wp:featuredmedia":[{"embeddable":true,"href":"https:\/\/samanoticiasdurango.com\/index.php\/wp-json\/wp\/v2\/media\/10530"}],"wp:attachment":[{"href":"https:\/\/samanoticiasdurango.com\/index.php\/wp-json\/wp\/v2\/media?parent=10529"}],"wp:term":[{"taxonomy":"category","embeddable":true,"href":"https:\/\/samanoticiasdurango.com\/index.php\/wp-json\/wp\/v2\/categories?post=10529"},{"taxonomy":"post_tag","embeddable":true,"href":"https:\/\/samanoticiasdurango.com\/index.php\/wp-json\/wp\/v2\/tags?post=10529"}],"curies":[{"name":"wp","href":"https:\/\/api.w.org\/{rel}","templated":true}]}}