{"id":10532,"date":"2024-07-21T19:49:19","date_gmt":"2024-07-21T19:49:19","guid":{"rendered":"http:\/\/samanoticiasdurango.com\/?p=10532"},"modified":"2024-07-21T19:49:20","modified_gmt":"2024-07-21T19:49:20","slug":"ahorran-hasta-1-mdp-en-procesos-terapeuticos-en-el-instituto-para-el-desarrollo-humano-y-valores","status":"publish","type":"post","link":"https:\/\/samanoticiasdurango.com\/index.php\/2024\/07\/21\/ahorran-hasta-1-mdp-en-procesos-terapeuticos-en-el-instituto-para-el-desarrollo-humano-y-valores\/","title":{"rendered":"Ahorran hasta 1 mdp en procesos terap\u00e9uticos en el Instituto para el Desarrollo Humano y Valores"},"content":{"rendered":"\n<p>La atenci\u00f3n al bienestar integral de la gran familia duranguense que To\u00f1o Ochoa<br>ha priorizado con la creaci\u00f3n del INDEHVAL, impacta no solo en su salud<br>emocional, sino tambi\u00e9n en su econom\u00eda, ya que los servicios se ofrecen de<br>manera gratuita.<\/p>\n\n\n\n<p>\u201cEs necesario que lo m\u00e1s importante para nuestra gran familia sea la salud<br>emocional, que siempre sea una prioridad, y que la econom\u00eda no sea un<br>obst\u00e1culo; por eso los servicios en el Instituto son gratuitos\u201d, resalt\u00f3 To\u00f1o Ochoa.<\/p>\n\n\n\n<p>El director general del Instituto, Giovanni Rosso, confirm\u00f3 la importancia de estos<br>servicios accesibles para todos y asegur\u00f3 que el apoyo en terapias familiares e<br>individuales que recibe la gran familia duranguense a trav\u00e9s del INDEHVAL<br>equivale a m\u00e1s de 1 mdp.<\/p>\n\n\n\n<p>Destac\u00f3 que, en el sector privado, la terapia familiar puede costar hasta 800 pesos<br>por sesi\u00f3n y la terapia individual cerca de 500 pesos, siendo necesarias hasta 12<br>sesiones. Estos servicios gratuitos brindados a m\u00e1s de 370 personas se traducen<br>en un ahorro significativo.<\/p>\n\n\n\n<p>La relevancia de la atenci\u00f3n a la salud mental que To\u00f1o Ochoa ha tomado como<br>una prioridad para los duranguenses es evidente. Trabaja en aumentar la<br>cobertura de estos servicios con m\u00e1s psic\u00f3logos y terapeutas que puedan atender<br>a la gran familia, incluso en d\u00edas festivos y fines de semana.<\/p>\n","protected":false},"excerpt":{"rendered":"<p>La atenci\u00f3n al bienestar integral de la gran familia duranguense que To\u00f1o Ochoaha priorizado con<\/p>\n","protected":false},"author":1,"featured_media":10536,"comment_status":"open","ping_status":"open","sticky":false,"template":"","format":"standard","meta":{"om_disable_all_campaigns":false,"_monsterinsights_skip_tracking":false,"_monsterinsights_sitenote_active":false,"_monsterinsights_sitenote_note":"","_monsterinsights_sitenote_category":0,"_jetpack_memberships_contains_paid_content":false,"footnotes":"","jetpack_publicize_message":"","jetpack_publicize_feature_enabled":true,"jetpack_social_post_already_shared":false,"jetpack_social_options":{"image_generator_settings":{"template":"highway","enabled":false},"version":2}},"categories":[1],"tags":[],"class_list":["post-10532","post","type-post","status-publish","format-standard","has-post-thumbnail","hentry","category-archivo"],"jetpack_publicize_connections":[],"aioseo_notices":[],"jetpack_featured_media_url":"https:\/\/samanoticiasdurango.com\/wp-content\/uploads\/01.-ATENCION-INDEHVAL-3.jpeg","featured_image_urls":{"full":["https:\/\/samanoticiasdurango.com\/wp-content\/uploads\/01.-ATENCION-INDEHVAL-3.jpeg",1280,678,false],"thumbnail":["https:\/\/samanoticiasdurango.com\/wp-content\/uploads\/01.-ATENCION-INDEHVAL-3-150x150.jpeg",150,150,true],"medium":["https:\/\/samanoticiasdurango.com\/wp-content\/uploads\/01.-ATENCION-INDEHVAL-3-300x159.jpeg",300,159,true],"medium_large":["https:\/\/samanoticiasdurango.com\/wp-content\/uploads\/01.-ATENCION-INDEHVAL-3-768x407.jpeg",640,339,true],"large":["https:\/\/samanoticiasdurango.com\/wp-content\/uploads\/01.-ATENCION-INDEHVAL-3-1024x542.jpeg",640,339,true],"1536x1536":["https:\/\/samanoticiasdurango.com\/wp-content\/uploads\/01.-ATENCION-INDEHVAL-3.jpeg",1280,678,false],"2048x2048":["https:\/\/samanoticiasdurango.com\/wp-content\/uploads\/01.-ATENCION-INDEHVAL-3.jpeg",1280,678,false],"chromenews-featured":["https:\/\/samanoticiasdurango.com\/wp-content\/uploads\/01.-ATENCION-INDEHVAL-3-1024x542.jpeg",1024,542,true],"chromenews-large":["https:\/\/samanoticiasdurango.com\/wp-content\/uploads\/01.-ATENCION-INDEHVAL-3-825x575.jpeg",825,575,true],"chromenews-medium":["https:\/\/samanoticiasdurango.com\/wp-content\/uploads\/01.-ATENCION-INDEHVAL-3-590x410.jpeg",590,410,true]},"author_info":{"display_name":"Redacci\u00f3n","author_link":"https:\/\/samanoticiasdurango.com\/index.php\/author\/jjsama13gmail-com\/"},"category_info":"<a href=\"https:\/\/samanoticiasdurango.com\/index.php\/category\/archivo\/\" rel=\"category tag\">DURANGO<\/a>","tag_info":"DURANGO","comment_count":"0","jetpack_sharing_enabled":true,"_links":{"self":[{"href":"https:\/\/samanoticiasdurango.com\/index.php\/wp-json\/wp\/v2\/posts\/10532","targetHints":{"allow":["GET"]}}],"collection":[{"href":"https:\/\/samanoticiasdurango.com\/index.php\/wp-json\/wp\/v2\/posts"}],"about":[{"href":"https:\/\/samanoticiasdurango.com\/index.php\/wp-json\/wp\/v2\/types\/post"}],"author":[{"embeddable":true,"href":"https:\/\/samanoticiasdurango.com\/index.php\/wp-json\/wp\/v2\/users\/1"}],"replies":[{"embeddable":true,"href":"https:\/\/samanoticiasdurango.com\/index.php\/wp-json\/wp\/v2\/comments?post=10532"}],"version-history":[{"count":1,"href":"https:\/\/samanoticiasdurango.com\/index.php\/wp-json\/wp\/v2\/posts\/10532\/revisions"}],"predecessor-version":[{"id":10537,"href":"https:\/\/samanoticiasdurango.com\/index.php\/wp-json\/wp\/v2\/posts\/10532\/revisions\/10537"}],"wp:featuredmedia":[{"embeddable":true,"href":"https:\/\/samanoticiasdurango.com\/index.php\/wp-json\/wp\/v2\/media\/10536"}],"wp:attachment":[{"href":"https:\/\/samanoticiasdurango.com\/index.php\/wp-json\/wp\/v2\/media?parent=10532"}],"wp:term":[{"taxonomy":"category","embeddable":true,"href":"https:\/\/samanoticiasdurango.com\/index.php\/wp-json\/wp\/v2\/categories?post=10532"},{"taxonomy":"post_tag","embeddable":true,"href":"https:\/\/samanoticiasdurango.com\/index.php\/wp-json\/wp\/v2\/tags?post=10532"}],"curies":[{"name":"wp","href":"https:\/\/api.w.org\/{rel}","templated":true}]}}