{"id":10542,"date":"2024-07-21T23:42:18","date_gmt":"2024-07-21T23:42:18","guid":{"rendered":"http:\/\/samanoticiasdurango.com\/?p=10542"},"modified":"2024-07-21T23:42:19","modified_gmt":"2024-07-21T23:42:19","slug":"es-nuestro-durango-la-ciudad-mas-competitiva-de-mexico-tono-ochoa","status":"publish","type":"post","link":"https:\/\/samanoticiasdurango.com\/index.php\/2024\/07\/21\/es-nuestro-durango-la-ciudad-mas-competitiva-de-mexico-tono-ochoa\/","title":{"rendered":"\u00a1Es nuestro Durango, la ciudad m\u00e1s competitiva de M\u00e9xico!: To\u00f1o Ochoa"},"content":{"rendered":"\n<p>Durango, la casa de la gran familia duranguense, es la m\u00e1s competitiva a nivel nacional, seg\u00fan el Instituto Mexicano para la Competitividad (IMCO), indic\u00f3 To\u00f1o Ochoa. Gracias a la colaboraci\u00f3n entre los distintos \u00f3rdenes de gobierno, Durango es un lugar ideal para las inversiones.<\/p>\n\n\n\n<p>\u201cQue Durango se posicione primero entre las ciudades con menos de 1 mill\u00f3n de habitantes se debe a la tranquilidad que se vive y al compromiso con el medio ambiente\u201d, asegur\u00f3 To\u00f1o Ochoa. Explic\u00f3 que este logro es gracias al compromiso de la gente, lo que permite un buen manejo de las finanzas y se traduce en obras.<\/p>\n\n\n\n<p>El subsecretario del Ayuntamiento, Antonio Mier, destac\u00f3 que \u201cEl 100% de las aguas residuales de Durango se tratan y se utilizan para regar parques y jardines. Somos la ciudad con m\u00e1s arbolado plantado, con m\u00e1s de 20 mil \u00e1rboles en esta administraci\u00f3n\u201d.<\/p>\n\n\n\n<p>Adem\u00e1s, explic\u00f3 que la econom\u00eda informal descendi\u00f3 del 44% al 39% en un a\u00f1o, y el sueldo promedio de los duranguenses pas\u00f3 de 7,000 a 9,000 pesos.<\/p>\n\n\n\n<p>Con una casa ordenada, tranquila y competitiva, To\u00f1o Ochoa sigue redoblando esfuerzos para construir mejores entornos, con bienestar social y calidad de vida, recordando a los duranguenses quer en esta bendita tierra \u00a1El futuro es contigo!<\/p>\n","protected":false},"excerpt":{"rendered":"<p>Durango, la casa de la gran familia duranguense, es la m\u00e1s competitiva a nivel nacional,<\/p>\n","protected":false},"author":1,"featured_media":10543,"comment_status":"open","ping_status":"open","sticky":false,"template":"","format":"standard","meta":{"om_disable_all_campaigns":false,"_monsterinsights_skip_tracking":false,"_monsterinsights_sitenote_active":false,"_monsterinsights_sitenote_note":"","_monsterinsights_sitenote_category":0,"_jetpack_memberships_contains_paid_content":false,"footnotes":"","jetpack_publicize_message":"","jetpack_publicize_feature_enabled":true,"jetpack_social_post_already_shared":false,"jetpack_social_options":{"image_generator_settings":{"template":"highway","enabled":false},"version":2}},"categories":[1],"tags":[],"class_list":["post-10542","post","type-post","status-publish","format-standard","has-post-thumbnail","hentry","category-archivo"],"jetpack_publicize_connections":[],"aioseo_notices":[],"jetpack_featured_media_url":"https:\/\/samanoticiasdurango.com\/wp-content\/uploads\/WhatsApp-Image-2024-07-21-at-3.20.07-PM.jpeg","featured_image_urls":{"full":["https:\/\/samanoticiasdurango.com\/wp-content\/uploads\/WhatsApp-Image-2024-07-21-at-3.20.07-PM.jpeg",1280,852,false],"thumbnail":["https:\/\/samanoticiasdurango.com\/wp-content\/uploads\/WhatsApp-Image-2024-07-21-at-3.20.07-PM-150x150.jpeg",150,150,true],"medium":["https:\/\/samanoticiasdurango.com\/wp-content\/uploads\/WhatsApp-Image-2024-07-21-at-3.20.07-PM-300x200.jpeg",300,200,true],"medium_large":["https:\/\/samanoticiasdurango.com\/wp-content\/uploads\/WhatsApp-Image-2024-07-21-at-3.20.07-PM-768x511.jpeg",640,426,true],"large":["https:\/\/samanoticiasdurango.com\/wp-content\/uploads\/WhatsApp-Image-2024-07-21-at-3.20.07-PM-1024x682.jpeg",640,426,true],"1536x1536":["https:\/\/samanoticiasdurango.com\/wp-content\/uploads\/WhatsApp-Image-2024-07-21-at-3.20.07-PM.jpeg",1280,852,false],"2048x2048":["https:\/\/samanoticiasdurango.com\/wp-content\/uploads\/WhatsApp-Image-2024-07-21-at-3.20.07-PM.jpeg",1280,852,false],"chromenews-featured":["https:\/\/samanoticiasdurango.com\/wp-content\/uploads\/WhatsApp-Image-2024-07-21-at-3.20.07-PM-1024x682.jpeg",1024,682,true],"chromenews-large":["https:\/\/samanoticiasdurango.com\/wp-content\/uploads\/WhatsApp-Image-2024-07-21-at-3.20.07-PM-825x575.jpeg",825,575,true],"chromenews-medium":["https:\/\/samanoticiasdurango.com\/wp-content\/uploads\/WhatsApp-Image-2024-07-21-at-3.20.07-PM-590x410.jpeg",590,410,true]},"author_info":{"display_name":"Redacci\u00f3n","author_link":"https:\/\/samanoticiasdurango.com\/index.php\/author\/jjsama13gmail-com\/"},"category_info":"<a href=\"https:\/\/samanoticiasdurango.com\/index.php\/category\/archivo\/\" rel=\"category tag\">DURANGO<\/a>","tag_info":"DURANGO","comment_count":"0","jetpack_sharing_enabled":true,"_links":{"self":[{"href":"https:\/\/samanoticiasdurango.com\/index.php\/wp-json\/wp\/v2\/posts\/10542","targetHints":{"allow":["GET"]}}],"collection":[{"href":"https:\/\/samanoticiasdurango.com\/index.php\/wp-json\/wp\/v2\/posts"}],"about":[{"href":"https:\/\/samanoticiasdurango.com\/index.php\/wp-json\/wp\/v2\/types\/post"}],"author":[{"embeddable":true,"href":"https:\/\/samanoticiasdurango.com\/index.php\/wp-json\/wp\/v2\/users\/1"}],"replies":[{"embeddable":true,"href":"https:\/\/samanoticiasdurango.com\/index.php\/wp-json\/wp\/v2\/comments?post=10542"}],"version-history":[{"count":1,"href":"https:\/\/samanoticiasdurango.com\/index.php\/wp-json\/wp\/v2\/posts\/10542\/revisions"}],"predecessor-version":[{"id":10544,"href":"https:\/\/samanoticiasdurango.com\/index.php\/wp-json\/wp\/v2\/posts\/10542\/revisions\/10544"}],"wp:featuredmedia":[{"embeddable":true,"href":"https:\/\/samanoticiasdurango.com\/index.php\/wp-json\/wp\/v2\/media\/10543"}],"wp:attachment":[{"href":"https:\/\/samanoticiasdurango.com\/index.php\/wp-json\/wp\/v2\/media?parent=10542"}],"wp:term":[{"taxonomy":"category","embeddable":true,"href":"https:\/\/samanoticiasdurango.com\/index.php\/wp-json\/wp\/v2\/categories?post=10542"},{"taxonomy":"post_tag","embeddable":true,"href":"https:\/\/samanoticiasdurango.com\/index.php\/wp-json\/wp\/v2\/tags?post=10542"}],"curies":[{"name":"wp","href":"https:\/\/api.w.org\/{rel}","templated":true}]}}