{"id":10574,"date":"2024-07-23T03:30:54","date_gmt":"2024-07-23T03:30:54","guid":{"rendered":"http:\/\/samanoticiasdurango.com\/?p=10574"},"modified":"2024-07-23T03:30:55","modified_gmt":"2024-07-23T03:30:55","slug":"congreso-comprometido-con-la-transparenciay-la-juventud-hasta-el-ultimo-dia-sandra-amaya","status":"publish","type":"post","link":"https:\/\/samanoticiasdurango.com\/index.php\/2024\/07\/23\/congreso-comprometido-con-la-transparenciay-la-juventud-hasta-el-ultimo-dia-sandra-amaya\/","title":{"rendered":"Congreso comprometido con la transparencia<br>y la juventud hasta el \u00faltimo d\u00eda: Sandra Amaya"},"content":{"rendered":"\n<p>Sandra Amaya, presidenta de la Junta de Gobierno y Coordinaci\u00f3n Pol\u00edtica (JUGOCOPO), inform\u00f3 sobre la relevancia de abordar la Ley de Fiscalizaci\u00f3n antes de concluir la presente legislatura. Subray\u00f3 que esta ley es crucial para fortalecer la transparencia y mejorar la rendici\u00f3n de cuentas tanto del Congreso como de la entidad y la Auditor\u00eda del Estado.<\/p>\n\n\n\n<p>&#8220;Es una ley que debe ser vista antes de finalizar nuestro periodo legislativo, pues ayudar\u00e1 significativamente a nuestro compromiso con la transparencia y la rendici\u00f3n de cuentas&#8221;, declar\u00f3 Amaya.<\/p>\n\n\n\n<p>Adem\u00e1s, durante su intervenci\u00f3n, Sandra Amaya anunci\u00f3 la aprobaci\u00f3n de la Ley &#8220;Mi Primer Empleo&#8221;. Esta iniciativa, presentada por la bancada de MORENA y apoyada por los dem\u00e1s grupos parlamentarios, tiene como objetivo facilitar la inserci\u00f3n laboral de los j\u00f3venes en su primer empleo y brindar beneficios a las empresas que los contraten. La ley contempla incentivos relacionados con temas hacendarios, lo cual busca fomentar un entorno m\u00e1s favorable para la contrataci\u00f3n juvenil.<\/p>\n\n\n\n<p>Amaya resalt\u00f3 la importancia de estas medidas para el desarrollo econ\u00f3mico y social del estado, asegurando que se continuar\u00e1 trabajando en iniciativas que promuevan la transparencia y el empleo juvenil.<\/p>\n\n\n\n<p>Concluy\u00f3 informando que se encuentran cerca del cierre de la presente legislatura y la transici\u00f3n a la siguiente \u201cYa estamos terminando con esta semana para que por ley nos vayamos de vacaciones y regresar a preparar el periodo extraordinario para dar adelante a estas leyes y poder empezar a preparar la transici\u00f3n de legislatura.\u201d<\/p>\n","protected":false},"excerpt":{"rendered":"<p>Sandra Amaya, presidenta de la Junta de Gobierno y Coordinaci\u00f3n Pol\u00edtica (JUGOCOPO), inform\u00f3 sobre la<\/p>\n","protected":false},"author":1,"featured_media":10575,"comment_status":"open","ping_status":"open","sticky":false,"template":"","format":"standard","meta":{"om_disable_all_campaigns":false,"_monsterinsights_skip_tracking":false,"_monsterinsights_sitenote_active":false,"_monsterinsights_sitenote_note":"","_monsterinsights_sitenote_category":0,"_jetpack_memberships_contains_paid_content":false,"footnotes":"","jetpack_publicize_message":"","jetpack_publicize_feature_enabled":true,"jetpack_social_post_already_shared":false,"jetpack_social_options":{"image_generator_settings":{"template":"highway","enabled":false},"version":2}},"categories":[1],"tags":[],"class_list":["post-10574","post","type-post","status-publish","format-standard","has-post-thumbnail","hentry","category-archivo"],"jetpack_publicize_connections":[],"aioseo_notices":[],"jetpack_featured_media_url":"https:\/\/samanoticiasdurango.com\/wp-content\/uploads\/sandra.jpg","featured_image_urls":{"full":["https:\/\/samanoticiasdurango.com\/wp-content\/uploads\/sandra.jpg",680,383,false],"thumbnail":["https:\/\/samanoticiasdurango.com\/wp-content\/uploads\/sandra-150x150.jpg",150,150,true],"medium":["https:\/\/samanoticiasdurango.com\/wp-content\/uploads\/sandra-300x169.jpg",300,169,true],"medium_large":["https:\/\/samanoticiasdurango.com\/wp-content\/uploads\/sandra.jpg",640,360,false],"large":["https:\/\/samanoticiasdurango.com\/wp-content\/uploads\/sandra.jpg",640,360,false],"1536x1536":["https:\/\/samanoticiasdurango.com\/wp-content\/uploads\/sandra.jpg",680,383,false],"2048x2048":["https:\/\/samanoticiasdurango.com\/wp-content\/uploads\/sandra.jpg",680,383,false],"chromenews-featured":["https:\/\/samanoticiasdurango.com\/wp-content\/uploads\/sandra.jpg",680,383,false],"chromenews-large":["https:\/\/samanoticiasdurango.com\/wp-content\/uploads\/sandra.jpg",680,383,false],"chromenews-medium":["https:\/\/samanoticiasdurango.com\/wp-content\/uploads\/sandra-590x383.jpg",590,383,true]},"author_info":{"display_name":"Redacci\u00f3n","author_link":"https:\/\/samanoticiasdurango.com\/index.php\/author\/jjsama13gmail-com\/"},"category_info":"<a href=\"https:\/\/samanoticiasdurango.com\/index.php\/category\/archivo\/\" rel=\"category tag\">DURANGO<\/a>","tag_info":"DURANGO","comment_count":"0","jetpack_sharing_enabled":true,"_links":{"self":[{"href":"https:\/\/samanoticiasdurango.com\/index.php\/wp-json\/wp\/v2\/posts\/10574","targetHints":{"allow":["GET"]}}],"collection":[{"href":"https:\/\/samanoticiasdurango.com\/index.php\/wp-json\/wp\/v2\/posts"}],"about":[{"href":"https:\/\/samanoticiasdurango.com\/index.php\/wp-json\/wp\/v2\/types\/post"}],"author":[{"embeddable":true,"href":"https:\/\/samanoticiasdurango.com\/index.php\/wp-json\/wp\/v2\/users\/1"}],"replies":[{"embeddable":true,"href":"https:\/\/samanoticiasdurango.com\/index.php\/wp-json\/wp\/v2\/comments?post=10574"}],"version-history":[{"count":1,"href":"https:\/\/samanoticiasdurango.com\/index.php\/wp-json\/wp\/v2\/posts\/10574\/revisions"}],"predecessor-version":[{"id":10576,"href":"https:\/\/samanoticiasdurango.com\/index.php\/wp-json\/wp\/v2\/posts\/10574\/revisions\/10576"}],"wp:featuredmedia":[{"embeddable":true,"href":"https:\/\/samanoticiasdurango.com\/index.php\/wp-json\/wp\/v2\/media\/10575"}],"wp:attachment":[{"href":"https:\/\/samanoticiasdurango.com\/index.php\/wp-json\/wp\/v2\/media?parent=10574"}],"wp:term":[{"taxonomy":"category","embeddable":true,"href":"https:\/\/samanoticiasdurango.com\/index.php\/wp-json\/wp\/v2\/categories?post=10574"},{"taxonomy":"post_tag","embeddable":true,"href":"https:\/\/samanoticiasdurango.com\/index.php\/wp-json\/wp\/v2\/tags?post=10574"}],"curies":[{"name":"wp","href":"https:\/\/api.w.org\/{rel}","templated":true}]}}