{"id":10582,"date":"2024-07-25T02:54:10","date_gmt":"2024-07-25T02:54:10","guid":{"rendered":"http:\/\/samanoticiasdurango.com\/?p=10582"},"modified":"2024-07-25T02:54:11","modified_gmt":"2024-07-25T02:54:11","slug":"guardia-nacional-decomisa-armas-y-equipo-tactico-tras-persecucion-en-navolato","status":"publish","type":"post","link":"https:\/\/samanoticiasdurango.com\/index.php\/2024\/07\/25\/guardia-nacional-decomisa-armas-y-equipo-tactico-tras-persecucion-en-navolato\/","title":{"rendered":"Guardia Nacional decomisa armas y equipo t\u00e1ctico tras persecuci\u00f3n en Navolato"},"content":{"rendered":"\n<p>La tarde de este mi\u00e9rcoles elementos de la<a rel=\"noreferrer noopener\" href=\"https:\/\/www.infobae.com\/mexico\/2024\/07\/25\/mexicanos-huyen-a-guatemala-por-la-narco-guerra-de-chiapas\/\" target=\"_blank\"><strong>Guardia Nacional<\/strong><\/a>que patrullaban las calles del municipio de Navolato, Sinaloa, se encontraron con una camioneta llena de armas y equipo t\u00e1ctico, cuyo conductor intent\u00f3 huir apenas vio a los agentes del orden.<\/p>\n\n\n\n<p>Los hechos ocurrieron en las inmediaciones de la comunidad Licenciado Benito Ju\u00e1rez, cuando los elementos de seguridad visualizaron la camioneta estacionada sobre la v\u00eda p\u00fablica, sin embargo, al notar la presencia de la Guardia Nacional, el conductor se intern\u00f3 entre las calles intentando perder a los oficiales.<\/p>\n\n\n\n<p>La patrulla de la Guardia Nacional le dio seguimiento a la camioneta, percat\u00e1ndose que calles m\u00e1s adelante hab\u00eda colisionado con una motocicleta. Aunque no se tuvo conocimiento de sus ocupantes, los agentes detectaron en su interior un importante&nbsp;<strong>arsenal&nbsp;<\/strong>compuesto por:<\/p>\n\n\n\n<ul class=\"wp-block-list\">\n<li>3 armas largas<\/li>\n\n\n\n<li>19 cargadores de diversos calibres y 2 cargadores de disco<\/li>\n\n\n\n<li>320 cartuchos \u00fatiles<\/li>\n\n\n\n<li>2 cintas met\u00e1licas para cartuchos<\/li>\n\n\n\n<li>5 chalecos t\u00e1cticos<\/li>\n\n\n\n<li>6 placas bal\u00edsticas<\/li>\n\n\n\n<li>41 estrellas ponchallantas<\/li>\n<\/ul>\n\n\n\n<p>En la zona se implement\u00f3 un operativo de seguridad para intentar dar con los responsables; en tanto, se inform\u00f3 que lo asegurado fue puesto a disposici\u00f3n de la agencia del Ministerio P\u00fablico Federal para que sea esta dependencia la encargada de dar continuidad a las investigaciones.<\/p>\n\n\n\n<p><img loading=\"lazy\" decoding=\"async\" alt=\"Armas decomisadas en Navolato\" height=\"584\" width=\"526\" class=\"\" src=\"https:\/\/www.infobae.com\/new-resizer\/iOeG25-P-6tNCDUNeQjwu0dk2Js=\/420x560\/filters:format(webp):quality(85)\/cloudfront-us-east-1.images.arcpublishing.com\/infobae\/ZCROQDX4M5H2ZKLDLKS7ICWRHU.jpg%20420w\" srcset=\"https:\/\/www.infobae.com\/new-resizer\/iOeG25-P-6tNCDUNeQjwu0dk2Js=\/420x560\/filters:format(webp):quality(85)\/cloudfront-us-east-1.images.arcpublishing.com\/infobae\/ZCROQDX4M5H2ZKLDLKS7ICWRHU.jpg 420w,https:\/\/www.infobae.com\/new-resizer\/QRVpkc5-uAomp17NzJ03Ym-b_gc=\/768x1024\/filters:format(webp):quality(85)\/cloudfront-us-east-1.images.arcpublishing.com\/infobae\/ZCROQDX4M5H2ZKLDLKS7ICWRHU.jpg 768w,https:\/\/www.infobae.com\/new-resizer\/PV7z6EfolmUeHfwxI1PxVaIm3nA=\/992x1323\/filters:format(webp):quality(85)\/cloudfront-us-east-1.images.arcpublishing.com\/infobae\/ZCROQDX4M5H2ZKLDLKS7ICWRHU.jpg 992w,https:\/\/www.infobae.com\/new-resizer\/iCeMGqkORTWDhHpUJGqIRNFX1WQ=\/1200x1600\/filters:format(webp):quality(85)\/cloudfront-us-east-1.images.arcpublishing.com\/infobae\/ZCROQDX4M5H2ZKLDLKS7ICWRHU.jpg 1200w\">Armas decomisadas en Navolato<\/p>\n\n\n\n<h2 class=\"wp-block-heading\">\u2018Levantan\u2019 a ex agente de la Guardia Nacional<\/h2>\n\n\n\n<p>En otro hecho delictivo registrado en Sinaloa, la ma\u00f1ana de este mi\u00e9rcoles se report\u00f3 el secuestro de&nbsp;<a rel=\"noreferrer noopener\" href=\"https:\/\/www.infobae.com\/mexico\/2024\/07\/25\/reportan-balacera-en-tepito-que-habria-dejado-una-persona-muerta\/\" target=\"_blank\"><strong>Alma Amairani \u201cN\u201d&nbsp;<\/strong><\/a>quien fue \u2018levantada\u2019 afuera de las instalaciones de la Novena Zona Militar ubicada en Culiac\u00e1n.<\/p>\n\n\n\n<p>De acuerdo con los primeros reportes, dos mujeres estaban siendo golpeados por varios hombres frente al&nbsp;<strong>cuartel milita<\/strong>r, por lo que se emiti\u00f3 un reporte a los servicios de emergencia; sin embargo, cuando \u00e9stos llegaron a la zona s\u00f3lo encontraron a una mujer, quien dijo ser hermana de Alma Amairani y confirm\u00f3 que se la hab\u00edan llevado.<\/p>\n\n\n\n<p>De manera extraoficial se report\u00f3 que Alma Amairani hab\u00eda pertenecido a la&nbsp;<strong>Guardia Nacional,&nbsp;<\/strong>informaci\u00f3n que no ha sido confirmada por la dependencia federal; tampoco se precis\u00f3 desde cuando se habr\u00eda dado de baja de la instituci\u00f3n.<\/p>\n\n\n\n<p><img loading=\"lazy\" decoding=\"async\" alt=\"Elementos de la Guardia Nacional resguardan el \u00e1rea en la que se registraron las detonaciones. (Facebook\/Luz Noticias)\" height=\"1080\" width=\"1920\" class=\"\" src=\"https:\/\/www.infobae.com\/new-resizer\/EuJGAVpMBj4H0jylVB6uvxNHap4=\/420x236\/filters:format(webp):quality(85)\/cloudfront-us-east-1.images.arcpublishing.com\/infobae\/IYOXRHSTYNFG3FWJZ4ORNQMFME.jpg%20420w\" srcset=\"https:\/\/www.infobae.com\/new-resizer\/EuJGAVpMBj4H0jylVB6uvxNHap4=\/420x236\/filters:format(webp):quality(85)\/cloudfront-us-east-1.images.arcpublishing.com\/infobae\/IYOXRHSTYNFG3FWJZ4ORNQMFME.jpg 420w,https:\/\/www.infobae.com\/new-resizer\/KXHz8vIT5G_WRaXTwmDMq7iCvug=\/768x432\/filters:format(webp):quality(85)\/cloudfront-us-east-1.images.arcpublishing.com\/infobae\/IYOXRHSTYNFG3FWJZ4ORNQMFME.jpg 768w,https:\/\/www.infobae.com\/new-resizer\/2ohtw-spHc6mn8gXEYKDgaIK33o=\/992x558\/filters:format(webp):quality(85)\/cloudfront-us-east-1.images.arcpublishing.com\/infobae\/IYOXRHSTYNFG3FWJZ4ORNQMFME.jpg 992w,https:\/\/www.infobae.com\/new-resizer\/0Bh5vNHDUsHW5fbPAWs56KG2cis=\/1200x675\/filters:format(webp):quality(85)\/cloudfront-us-east-1.images.arcpublishing.com\/infobae\/IYOXRHSTYNFG3FWJZ4ORNQMFME.jpg 1200w,https:\/\/www.infobae.com\/new-resizer\/u5d0seGEmx-Cq41o6hsxqxVIP4Y=\/1440x810\/filters:format(webp):quality(85)\/cloudfront-us-east-1.images.arcpublishing.com\/infobae\/IYOXRHSTYNFG3FWJZ4ORNQMFME.jpg 1440w\">Elementos de la Guardia Nacional resguardan el \u00e1rea en la que se registraron las detonaciones. (Facebook\/Luz Noticias)<\/p>\n\n\n\n<h2 class=\"wp-block-heading\">\u00bfC\u00f3mo ocurrieron los hechos?<\/h2>\n\n\n\n<p>Informaci\u00f3n de testigos recogida por medios locales refiere que&nbsp;<strong>Alma Amairani<\/strong>, su hermana y otros amigos estaban bebiendo alcohol frente a su casa ubicada sobre la Calzada Heroico Colegio Militar, cuando frente a ellas se estacion\u00f3 un auto Chevrolet Spark de color gris.<\/p>\n\n\n\n<p>Del auto habr\u00edan bajado dos hombres fuertemente armados y comenzaron a amenazarlos y a golpear a Alma, a quien obligaron a subir al auto en el que huyeron con rumbo desconocido.<\/p>\n\n\n\n<p>Despu\u00e9s del plagio la comunidad de Sinaloa manifest\u00f3 en redes sociales su preocupaci\u00f3n por el incremento de la violencia en la entidad controlada por el<strong>&nbsp;C\u00e1rtel de Sinaloa<\/strong>&nbsp;pero que en los \u00faltimos meses se ha visto envuelta entre las disputas de las facciones controladas por Aureliano Guzm\u00e1n Loera, alias \u201cEl Guano\u201d, y sus sobrinos,&nbsp;<strong>Los Chapitos.<\/strong><\/p>\n\n\n\n<p>Conviene recordar que a principios de julio una llamada an\u00f3nima alert\u00f3 sobre la localizaci\u00f3n de cuatro cuerpos abandonados en un camino de terracer\u00eda de Navolato: sus asesinos les hab\u00edan cortado las manos y las colocaron cerca de sus cuerpos.<\/p>\n\n\n\n<p>De manera extraoficial se report\u00f3 que una de las v\u00edctimas respond\u00eda al nombre de Jorge \u201cN\u201d, un hombre originario de la comunidad de La Noria y que presuntamente se encontraba en la lista de las\u00a0<strong>66 personas secuestradas<\/strong>\u00a0durante la madrugada del pasado 2 de marzo, en uno de los mayores hechos violentos registrados en los \u00faltimos meses en la cuna del C\u00e1rtel de Sinaloa.<\/p>\n\n\n\n<p><strong>Con informaci\u00f3n de INFOBAE<\/strong><\/p>\n","protected":false},"excerpt":{"rendered":"<p>La tarde de este mi\u00e9rcoles elementos de laGuardia Nacionalque patrullaban las calles del municipio de<\/p>\n","protected":false},"author":1,"featured_media":10583,"comment_status":"open","ping_status":"open","sticky":false,"template":"","format":"standard","meta":{"om_disable_all_campaigns":false,"_monsterinsights_skip_tracking":false,"_monsterinsights_sitenote_active":false,"_monsterinsights_sitenote_note":"","_monsterinsights_sitenote_category":0,"_jetpack_memberships_contains_paid_content":false,"footnotes":"","jetpack_publicize_message":"","jetpack_publicize_feature_enabled":true,"jetpack_social_post_already_shared":false,"jetpack_social_options":{"image_generator_settings":{"template":"highway","enabled":false},"version":2}},"categories":[5],"tags":[],"class_list":["post-10582","post","type-post","status-publish","format-standard","has-post-thumbnail","hentry","category-nacional"],"jetpack_publicize_connections":[],"aioseo_notices":[],"jetpack_featured_media_url":"https:\/\/samanoticiasdurango.com\/wp-content\/uploads\/Secuencia-01.00_00_07_20.Imagen-fija017.jpg","featured_image_urls":{"full":["https:\/\/samanoticiasdurango.com\/wp-content\/uploads\/Secuencia-01.00_00_07_20.Imagen-fija017.jpg",680,383,false],"thumbnail":["https:\/\/samanoticiasdurango.com\/wp-content\/uploads\/Secuencia-01.00_00_07_20.Imagen-fija017-150x150.jpg",150,150,true],"medium":["https:\/\/samanoticiasdurango.com\/wp-content\/uploads\/Secuencia-01.00_00_07_20.Imagen-fija017-300x169.jpg",300,169,true],"medium_large":["https:\/\/samanoticiasdurango.com\/wp-content\/uploads\/Secuencia-01.00_00_07_20.Imagen-fija017.jpg",640,360,false],"large":["https:\/\/samanoticiasdurango.com\/wp-content\/uploads\/Secuencia-01.00_00_07_20.Imagen-fija017.jpg",640,360,false],"1536x1536":["https:\/\/samanoticiasdurango.com\/wp-content\/uploads\/Secuencia-01.00_00_07_20.Imagen-fija017.jpg",680,383,false],"2048x2048":["https:\/\/samanoticiasdurango.com\/wp-content\/uploads\/Secuencia-01.00_00_07_20.Imagen-fija017.jpg",680,383,false],"chromenews-featured":["https:\/\/samanoticiasdurango.com\/wp-content\/uploads\/Secuencia-01.00_00_07_20.Imagen-fija017.jpg",680,383,false],"chromenews-large":["https:\/\/samanoticiasdurango.com\/wp-content\/uploads\/Secuencia-01.00_00_07_20.Imagen-fija017.jpg",680,383,false],"chromenews-medium":["https:\/\/samanoticiasdurango.com\/wp-content\/uploads\/Secuencia-01.00_00_07_20.Imagen-fija017-590x383.jpg",590,383,true]},"author_info":{"display_name":"Redacci\u00f3n","author_link":"https:\/\/samanoticiasdurango.com\/index.php\/author\/jjsama13gmail-com\/"},"category_info":"<a href=\"https:\/\/samanoticiasdurango.com\/index.php\/category\/nacional\/\" rel=\"category tag\">NACIONAL<\/a>","tag_info":"NACIONAL","comment_count":"0","jetpack_sharing_enabled":true,"_links":{"self":[{"href":"https:\/\/samanoticiasdurango.com\/index.php\/wp-json\/wp\/v2\/posts\/10582","targetHints":{"allow":["GET"]}}],"collection":[{"href":"https:\/\/samanoticiasdurango.com\/index.php\/wp-json\/wp\/v2\/posts"}],"about":[{"href":"https:\/\/samanoticiasdurango.com\/index.php\/wp-json\/wp\/v2\/types\/post"}],"author":[{"embeddable":true,"href":"https:\/\/samanoticiasdurango.com\/index.php\/wp-json\/wp\/v2\/users\/1"}],"replies":[{"embeddable":true,"href":"https:\/\/samanoticiasdurango.com\/index.php\/wp-json\/wp\/v2\/comments?post=10582"}],"version-history":[{"count":1,"href":"https:\/\/samanoticiasdurango.com\/index.php\/wp-json\/wp\/v2\/posts\/10582\/revisions"}],"predecessor-version":[{"id":10584,"href":"https:\/\/samanoticiasdurango.com\/index.php\/wp-json\/wp\/v2\/posts\/10582\/revisions\/10584"}],"wp:featuredmedia":[{"embeddable":true,"href":"https:\/\/samanoticiasdurango.com\/index.php\/wp-json\/wp\/v2\/media\/10583"}],"wp:attachment":[{"href":"https:\/\/samanoticiasdurango.com\/index.php\/wp-json\/wp\/v2\/media?parent=10582"}],"wp:term":[{"taxonomy":"category","embeddable":true,"href":"https:\/\/samanoticiasdurango.com\/index.php\/wp-json\/wp\/v2\/categories?post=10582"},{"taxonomy":"post_tag","embeddable":true,"href":"https:\/\/samanoticiasdurango.com\/index.php\/wp-json\/wp\/v2\/tags?post=10582"}],"curies":[{"name":"wp","href":"https:\/\/api.w.org\/{rel}","templated":true}]}}