{"id":10670,"date":"2024-07-30T18:59:24","date_gmt":"2024-07-30T18:59:24","guid":{"rendered":"http:\/\/samanoticiasdurango.com\/?p=10670"},"modified":"2024-07-30T18:59:26","modified_gmt":"2024-07-30T18:59:26","slug":"cuales-son-los-primeros-cargos-que-joaquin-guzman-lopez-el-guero-enfrenta-en-eeuu","status":"publish","type":"post","link":"https:\/\/samanoticiasdurango.com\/index.php\/2024\/07\/30\/cuales-son-los-primeros-cargos-que-joaquin-guzman-lopez-el-guero-enfrenta-en-eeuu\/","title":{"rendered":"Cu\u00e1les son los primeros cargos que Joaqu\u00edn Guzm\u00e1n L\u00f3pez, \u2018El G\u00fcero\u2019, enfrenta en EEUU"},"content":{"rendered":"\n<p>Despu\u00e9s de una breve audiencia en la Corte del Distrito Norte de Illinois, en la ciudad de Chicago,&nbsp;<strong>Joaqu\u00edn Guzm\u00e1n L\u00f3pez<\/strong>, alias \u2018El G\u00fcero\u2019,&nbsp;<strong>se declar\u00f3 no culpable&nbsp;<\/strong>de los cargos relacionados con narcotr\u00e1fico que se le imputan por su labor como presunto l\u00edder del C\u00e1rtel de Sinaloa.<\/p>\n\n\n\n<p>En la sala n\u00famero 1241 del tribunal, la&nbsp;<strong>jueza Sharon Johnson Coleman<\/strong>&nbsp;encabez\u00f3 la primera audiencia de \u2018El G\u00fcero\u2019, hijo de \u2018El Chapo\u2019 Guzm\u00e1n que fue detenido el 25 de julio en Estados Unidos junto con<strong>&nbsp;Ismael \u2018El Mayo\u2019 Zambada<\/strong>.<\/p>\n\n\n\n<p>Reportes iniciales compartidos por el periodista Jason Meisner, del&nbsp;<em>Chicago Tribune<\/em>, se\u00f1alan que en el acto judicial no se hizo menci\u00f3n alguna de Zambada Garc\u00eda, cuyo arresto ha desatado m\u00faltiples dudas debido a las&nbsp;<strong>circunstancias, a\u00fan inciertas<\/strong>, en que ocurri\u00f3.<\/p>\n\n\n\n<p>La acusaci\u00f3n por la que Guzm\u00e1n L\u00f3pez compareci\u00f3 la ma\u00f1ana del 30 de julio en Illinois \u2014la primera que enfrenta en EEUU\u2014 est\u00e1 registrada en expedientes judiciales con el folio<strong>&nbsp;1:09-cr-00383<\/strong>. En ella tambi\u00e9n son mencionados su hermano&nbsp;<strong>Ovidio Guzm\u00e1n&nbsp;<\/strong>y sus medios hermanos&nbsp;<strong>Iv\u00e1n Archivaldo<\/strong>&nbsp;y&nbsp;<strong>Jes\u00fas Alfredo Guzm\u00e1n Salazar<\/strong>, Los Chapitos.<\/p>\n\n\n\n<p>En el documento, emitido el 18 de enero de 2023, Joaqu\u00edn Guzm\u00e1n L\u00f3pez es se\u00f1alado como un<strong>&nbsp;coordinador log\u00edstico<\/strong>&nbsp;encargado de traficar m\u00faltiples cargamentos de coca\u00edna, hero\u00edna, metanfetamina y marihuana desde M\u00e9xico hacia Estados Unidos. Asimismo, se le acusa de haber organizado la recolecci\u00f3n de ingresos il\u00edcitos para blanquearlos y enviarlos de regreso a M\u00e9xico.<\/p>\n\n\n\n<p><img loading=\"lazy\" decoding=\"async\" alt=\"Ficha de recluso de Joaqu\u00edn Guzm\u00e1n L\u00f3pez\" height=\"607\" width=\"847\" class=\"\" src=\"https:\/\/www.infobae.com\/new-resizer\/pI9S_ejbcIP8G8cEcuDpQLMSry4=\/420x315\/filters:format(webp):quality(85)\/cloudfront-us-east-1.images.arcpublishing.com\/infobae\/R5OPEI2IBNEGRKIUV57EDSWBRM.jpg%20420w\" srcset=\"https:\/\/www.infobae.com\/new-resizer\/pI9S_ejbcIP8G8cEcuDpQLMSry4=\/420x315\/filters:format(webp):quality(85)\/cloudfront-us-east-1.images.arcpublishing.com\/infobae\/R5OPEI2IBNEGRKIUV57EDSWBRM.jpg 420w,https:\/\/www.infobae.com\/new-resizer\/0zujX-fP2Phx-Vea2Vx9LSYIoE4=\/768x576\/filters:format(webp):quality(85)\/cloudfront-us-east-1.images.arcpublishing.com\/infobae\/R5OPEI2IBNEGRKIUV57EDSWBRM.jpg 768w,https:\/\/www.infobae.com\/new-resizer\/Uuob8OPX6g4HezX2n0B5eN_Z3xE=\/992x744\/filters:format(webp):quality(85)\/cloudfront-us-east-1.images.arcpublishing.com\/infobae\/R5OPEI2IBNEGRKIUV57EDSWBRM.jpg 992w,https:\/\/www.infobae.com\/new-resizer\/lmfvERHodvainBeeib6831bUjhc=\/1200x900\/filters:format(webp):quality(85)\/cloudfront-us-east-1.images.arcpublishing.com\/infobae\/R5OPEI2IBNEGRKIUV57EDSWBRM.jpg 1200w,https:\/\/www.infobae.com\/new-resizer\/guqblLzZ-tnN8izr7Sl1nnOZx0w=\/1440x1080\/filters:format(webp):quality(85)\/cloudfront-us-east-1.images.arcpublishing.com\/infobae\/R5OPEI2IBNEGRKIUV57EDSWBRM.jpg 1440w\">Ficha de recluso de Joaqu\u00edn Guzm\u00e1n L\u00f3pez<\/p>\n\n\n\n<p>\u201cDespu\u00e9s del arresto de su padre en 2016, Joaqu\u00edn Guzm\u00e1n L\u00f3pez asumi\u00f3 el rol de<strong>&nbsp;l\u00edder y principal operador<\/strong>&nbsp;del C\u00e1rtel de Sinaloa\u201d, puede leerse en el expediente.<\/p>\n\n\n\n<p>Aunque este es el primer proceso que debe afrontar el cabecilla de Los Chapitos, no es la \u00fanica acusaci\u00f3n existente en su contra en aquel pa\u00eds.<\/p>\n\n\n\n<p>El 2 de abril de 2018, Joaqu\u00edn y su hermano Ovidio Guzm\u00e1n L\u00f3pez fueron acusados formalmente por un gran jurado federal en el&nbsp;<strong>Distrito de Columbia&nbsp;<\/strong>por un cargo relacionado con actividades vinculadas a la conspiraci\u00f3n para distribuir m\u00e1s de cinco kilogramos de coca\u00edna, 500 gramos de metanfetamina y mil kg. de marihuana.<\/p>\n\n\n\n<p>Para 2021, seg\u00fan reportes del Departamento de Estado y el Servicio de Inmigraci\u00f3n y Control de Aduanas de Estados Unidos, Joaqu\u00edn y Ovidio Guzm\u00e1n ten\u00edan bajo su supervisi\u00f3n alrededor de&nbsp;<strong>11 laboratorios de metanfetamina<\/strong>&nbsp;s\u00f3lo en el estado de Sinaloa, los cuales les permit\u00edan producir entre mil 200 y dos mil 260 kilogramos de esta droga cada mes.<\/p>\n\n\n\n<p>Ambos comenzaron a involucrarse en el narcotr\u00e1fico a muy temprana edad, ya que heredaron las relaciones de su hermano fallecido,<strong>&nbsp;\u00c9dgar Guzm\u00e1n L\u00f3pez<\/strong>. Tras la muerte de \u00c9dgar en 2008, Ovidio y Joaqu\u00edn obtuvieron \u201cuna gran cantidad de las ganancias derivadas de narc\u00f3ticos y comenzaron a invertir grandes cantidades de ese dinero en efectivo en la&nbsp;<strong>compra de marihuana en M\u00e9xico y coca\u00edna en Colombia<\/strong>\u201d, se\u00f1alan las autoridades de EEUU.<\/p>\n\n\n\n<p>En un informe oficial, el Departamento de Estado agrega que tambi\u00e9n habr\u00edan comprado grandes cantidades de efedrina de Argentina y organizaron el contrabando de este producto hacia M\u00e9xico \u201cmientras comenzaban a experimentar con la producci\u00f3n de metanfetamina\u201d.<\/p>\n\n\n\n<p><strong>Con informaci\u00f3n de INFOBAE<\/strong><\/p>\n","protected":false},"excerpt":{"rendered":"<p>Despu\u00e9s de una breve audiencia en la Corte del Distrito Norte de Illinois, en la<\/p>\n","protected":false},"author":1,"featured_media":10672,"comment_status":"open","ping_status":"open","sticky":false,"template":"","format":"standard","meta":{"om_disable_all_campaigns":false,"_monsterinsights_skip_tracking":false,"_monsterinsights_sitenote_active":false,"_monsterinsights_sitenote_note":"","_monsterinsights_sitenote_category":0,"_jetpack_memberships_contains_paid_content":false,"footnotes":"","jetpack_publicize_message":"","jetpack_publicize_feature_enabled":true,"jetpack_social_post_already_shared":false,"jetpack_social_options":{"image_generator_settings":{"template":"highway","enabled":false},"version":2}},"categories":[6],"tags":[],"class_list":["post-10670","post","type-post","status-publish","format-standard","has-post-thumbnail","hentry","category-internacional"],"jetpack_publicize_connections":[],"aioseo_notices":[],"jetpack_featured_media_url":"https:\/\/samanoticiasdurango.com\/wp-content\/uploads\/NARDCOS.jpg","featured_image_urls":{"full":["https:\/\/samanoticiasdurango.com\/wp-content\/uploads\/NARDCOS.jpg",680,383,false],"thumbnail":["https:\/\/samanoticiasdurango.com\/wp-content\/uploads\/NARDCOS-150x150.jpg",150,150,true],"medium":["https:\/\/samanoticiasdurango.com\/wp-content\/uploads\/NARDCOS-300x169.jpg",300,169,true],"medium_large":["https:\/\/samanoticiasdurango.com\/wp-content\/uploads\/NARDCOS.jpg",640,360,false],"large":["https:\/\/samanoticiasdurango.com\/wp-content\/uploads\/NARDCOS.jpg",640,360,false],"1536x1536":["https:\/\/samanoticiasdurango.com\/wp-content\/uploads\/NARDCOS.jpg",680,383,false],"2048x2048":["https:\/\/samanoticiasdurango.com\/wp-content\/uploads\/NARDCOS.jpg",680,383,false],"chromenews-featured":["https:\/\/samanoticiasdurango.com\/wp-content\/uploads\/NARDCOS.jpg",680,383,false],"chromenews-large":["https:\/\/samanoticiasdurango.com\/wp-content\/uploads\/NARDCOS.jpg",680,383,false],"chromenews-medium":["https:\/\/samanoticiasdurango.com\/wp-content\/uploads\/NARDCOS-590x383.jpg",590,383,true]},"author_info":{"display_name":"Redacci\u00f3n","author_link":"https:\/\/samanoticiasdurango.com\/index.php\/author\/jjsama13gmail-com\/"},"category_info":"<a href=\"https:\/\/samanoticiasdurango.com\/index.php\/category\/internacional\/\" rel=\"category tag\">INTERNACIONAL<\/a>","tag_info":"INTERNACIONAL","comment_count":"0","jetpack_sharing_enabled":true,"_links":{"self":[{"href":"https:\/\/samanoticiasdurango.com\/index.php\/wp-json\/wp\/v2\/posts\/10670","targetHints":{"allow":["GET"]}}],"collection":[{"href":"https:\/\/samanoticiasdurango.com\/index.php\/wp-json\/wp\/v2\/posts"}],"about":[{"href":"https:\/\/samanoticiasdurango.com\/index.php\/wp-json\/wp\/v2\/types\/post"}],"author":[{"embeddable":true,"href":"https:\/\/samanoticiasdurango.com\/index.php\/wp-json\/wp\/v2\/users\/1"}],"replies":[{"embeddable":true,"href":"https:\/\/samanoticiasdurango.com\/index.php\/wp-json\/wp\/v2\/comments?post=10670"}],"version-history":[{"count":1,"href":"https:\/\/samanoticiasdurango.com\/index.php\/wp-json\/wp\/v2\/posts\/10670\/revisions"}],"predecessor-version":[{"id":10673,"href":"https:\/\/samanoticiasdurango.com\/index.php\/wp-json\/wp\/v2\/posts\/10670\/revisions\/10673"}],"wp:featuredmedia":[{"embeddable":true,"href":"https:\/\/samanoticiasdurango.com\/index.php\/wp-json\/wp\/v2\/media\/10672"}],"wp:attachment":[{"href":"https:\/\/samanoticiasdurango.com\/index.php\/wp-json\/wp\/v2\/media?parent=10670"}],"wp:term":[{"taxonomy":"category","embeddable":true,"href":"https:\/\/samanoticiasdurango.com\/index.php\/wp-json\/wp\/v2\/categories?post=10670"},{"taxonomy":"post_tag","embeddable":true,"href":"https:\/\/samanoticiasdurango.com\/index.php\/wp-json\/wp\/v2\/tags?post=10670"}],"curies":[{"name":"wp","href":"https:\/\/api.w.org\/{rel}","templated":true}]}}