{"id":10782,"date":"2024-08-07T15:17:00","date_gmt":"2024-08-07T15:17:00","guid":{"rendered":"http:\/\/samanoticiasdurango.com\/?p=10782"},"modified":"2024-08-07T15:17:01","modified_gmt":"2024-08-07T15:17:01","slug":"que-paises-fueron-invitados-a-la-toma-de-protesta-de-claudia-sheinbaum-del-proximo-1-de-octubre","status":"publish","type":"post","link":"https:\/\/samanoticiasdurango.com\/index.php\/2024\/08\/07\/que-paises-fueron-invitados-a-la-toma-de-protesta-de-claudia-sheinbaum-del-proximo-1-de-octubre\/","title":{"rendered":"Qu\u00e9 pa\u00edses fueron invitados a la toma de protesta de Claudia Sheinbaum del pr\u00f3ximo 1 de octubre"},"content":{"rendered":"\n<p>A unos d\u00edas del inicio de la ceremonia de la investidura de la presidenta electa&nbsp;<strong>Claudia Sheinbaum Pardo,&nbsp;<\/strong>que se llevar\u00e1 a cabo el pr\u00f3ximo 1 de octubre del presente a\u00f1o, se dio a conocer qui\u00e9nes ser\u00e1n los pa\u00edses invitados al evento.<\/p>\n\n\n\n<p>Se trata del acto solemne en que el actual presidente de M\u00e9xico, Andr\u00e9s Manuel L\u00f3pez Obrador, entregar\u00e1 la banda presidencial a Sheinbaum Pardo para iniciar oficialmente con su mandato como la primera presidenta del pa\u00eds.<\/p>\n\n\n\n<h2 class=\"wp-block-heading\">\u00bfQu\u00e9 pa\u00edses fueron invitados a su toma de protesta?<\/h2>\n\n\n\n<p>De acuerdo con Sheinbaum Pardo, la invitaci\u00f3n se realiz\u00f3 a todas las naciones con las que M\u00e9xico tiene relaciones y los organismos internacionales en las que ostenta membres\u00eda. Es decir, se incluir\u00e1n a 208 mandatarios extranjeros, as\u00ed como 34 titulares de organismos internacionales.<\/p>\n\n\n\n<p><img loading=\"lazy\" decoding=\"async\" alt=\"Claudia Sheinbaum gan\u00f3 con amplia ventaja.  (Foto: @Claudiashein)\" height=\"756\" width=\"1344\" class=\"\" src=\"https:\/\/www.infobae.com\/new-resizer\/VMmMTF9f_ba5inddcD0XUKliiiw=\/420x236\/filters:format(webp):quality(85)\/cloudfront-us-east-1.images.arcpublishing.com\/infobae\/2MHXJCSEFZBCNJRP43L3BKXJ4M.jpg%20420w\" srcset=\"https:\/\/www.infobae.com\/new-resizer\/VMmMTF9f_ba5inddcD0XUKliiiw=\/420x236\/filters:format(webp):quality(85)\/cloudfront-us-east-1.images.arcpublishing.com\/infobae\/2MHXJCSEFZBCNJRP43L3BKXJ4M.jpg 420w,https:\/\/www.infobae.com\/new-resizer\/gnhzslFI7HNftQA6dXK9flRVJu8=\/768x432\/filters:format(webp):quality(85)\/cloudfront-us-east-1.images.arcpublishing.com\/infobae\/2MHXJCSEFZBCNJRP43L3BKXJ4M.jpg 768w,https:\/\/www.infobae.com\/new-resizer\/UDrqRcth_euPUigIgo6HmfDs0kE=\/992x558\/filters:format(webp):quality(85)\/cloudfront-us-east-1.images.arcpublishing.com\/infobae\/2MHXJCSEFZBCNJRP43L3BKXJ4M.jpg 992w,https:\/\/www.infobae.com\/new-resizer\/xv4DCyR03hOsinZR6s78ov0cWXM=\/1200x675\/filters:format(webp):quality(85)\/cloudfront-us-east-1.images.arcpublishing.com\/infobae\/2MHXJCSEFZBCNJRP43L3BKXJ4M.jpg 1200w,https:\/\/www.infobae.com\/new-resizer\/x3unVBtbVpCCvEjeDukbsfSLYxg=\/1440x810\/filters:format(webp):quality(85)\/cloudfront-us-east-1.images.arcpublishing.com\/infobae\/2MHXJCSEFZBCNJRP43L3BKXJ4M.jpg 1440w\">Claudia Sheinbaum gan\u00f3 con amplia ventaja. (Foto: @Claudiashein)<\/p>\n\n\n\n<p>Sin embargo, en la lista no se considerar\u00e1 a la presidenta de Per\u00fa, Dina Boluarte y el de<strong>&nbsp;Ecuador, Daniel Noboa,<\/strong>&nbsp;este \u00faltimo luego de la irrupci\u00f3n perpetrada a la Embajada de M\u00e9xico la noche del 5 de abril, por parte de autoridades ecuatorianas.<\/p>\n\n\n\n<p>Uno de los nombres en la lista de presidentes que acudir\u00e1n a la toma de protesta de&nbsp;<a rel=\"noreferrer noopener\" href=\"https:\/\/www.infobae.com\/mexico\/2024\/08\/06\/cuando-ratificara-el-tepjf-el-numero-de-diputados-y-senadores-esto-anuncio-claudia-sheinbaum\/\" target=\"_blank\"><strong>Claudia Sheinbaum<\/strong><\/a>, fue el presidente de Rusia, Vladimir Putin. Sin embargo, el equipo de la presidenta electa aclar\u00f3 que no fue una invitaci\u00f3n formal, sino que se trat\u00f3 de un comunicado que se hizo a todas las naciones con excepci\u00f3n de los anteriores.<\/p>\n\n\n\n<p>Se aclar\u00f3 que el pr\u00f3ximo secretario de&nbsp;<strong>Relaciones Exteriores, Juan Ram\u00f3n de la Fuente,&nbsp;<\/strong>comenz\u00f3 a enviar invitaciones a los presidentes de diversos pa\u00edses para que asistan como invitados especiales a la toma de protesta.<\/p>\n\n\n\n<p>De ese modo, entre los mandatarios que podr\u00edan acudir al encuentro de Claudia figuran algunos como Luis Arce Catacor, presidente de Bolivia; Gabriel Boric (Chile); Nicol\u00e1s Maduro (Venezuela); Gustavo Petro (Colombia).<\/p>\n\n\n\n<p>A pesar de que se lanz\u00f3 el comunicado general para todas las naciones, a\u00fan no hay confirmaci\u00f3n para declarar su postura o asistencia a la celebraci\u00f3n de la investidura de Claudia.<\/p>\n\n\n\n<p>Sheinbaum Pardo ser\u00e1 la primera Presidenta, su mandato ser\u00e1 de 2024 a 2030. Esto luego de ganar las elecciones el pasado 2 de junio con casi 36 millones de votos. Es decir poco m\u00e1s de 30 puntos arriba del segundo lugar, quien ocupaba la representante de la coalici\u00f3n Fuerza y Coraz\u00f3n por M\u00e9xico de X\u00f3chitl G\u00e1lvez.<\/p>\n\n\n\n<p>Por su parte, la presidenta electa anunci\u00f3 que se reuni\u00f3 con la expresidenta de Argentina, Cristina Kirchner, donde conversaron sobre el proceso de transformaci\u00f3n en M\u00e9xico.<\/p>\n\n\n\n<p>\u201cHablamos sobre Am\u00e9rica Latina y lo que significa ser mujer presidenta. Me dio mucho gusto recibirla\u201d, escribi\u00f3 a trav\u00e9s de la cuenta oficial de X.<\/p>\n\n\n\n<p><strong>Con informaci\u00f3n de INFOBAE<\/strong><\/p>\n","protected":false},"excerpt":{"rendered":"<p>A unos d\u00edas del inicio de la ceremonia de la investidura de la presidenta electa&nbsp;Claudia<\/p>\n","protected":false},"author":1,"featured_media":10783,"comment_status":"open","ping_status":"open","sticky":false,"template":"","format":"standard","meta":{"om_disable_all_campaigns":false,"_monsterinsights_skip_tracking":false,"_monsterinsights_sitenote_active":false,"_monsterinsights_sitenote_note":"","_monsterinsights_sitenote_category":0,"_jetpack_memberships_contains_paid_content":false,"footnotes":"","jetpack_publicize_message":"","jetpack_publicize_feature_enabled":true,"jetpack_social_post_already_shared":false,"jetpack_social_options":{"image_generator_settings":{"template":"highway","enabled":false},"version":2}},"categories":[5],"tags":[],"class_list":["post-10782","post","type-post","status-publish","format-standard","has-post-thumbnail","hentry","category-nacional"],"jetpack_publicize_connections":[],"aioseo_notices":[],"jetpack_featured_media_url":"https:\/\/samanoticiasdurango.com\/wp-content\/uploads\/CLAU-2.jpg","featured_image_urls":{"full":["https:\/\/samanoticiasdurango.com\/wp-content\/uploads\/CLAU-2.jpg",680,383,false],"thumbnail":["https:\/\/samanoticiasdurango.com\/wp-content\/uploads\/CLAU-2-150x150.jpg",150,150,true],"medium":["https:\/\/samanoticiasdurango.com\/wp-content\/uploads\/CLAU-2-300x169.jpg",300,169,true],"medium_large":["https:\/\/samanoticiasdurango.com\/wp-content\/uploads\/CLAU-2.jpg",640,360,false],"large":["https:\/\/samanoticiasdurango.com\/wp-content\/uploads\/CLAU-2.jpg",640,360,false],"1536x1536":["https:\/\/samanoticiasdurango.com\/wp-content\/uploads\/CLAU-2.jpg",680,383,false],"2048x2048":["https:\/\/samanoticiasdurango.com\/wp-content\/uploads\/CLAU-2.jpg",680,383,false],"chromenews-featured":["https:\/\/samanoticiasdurango.com\/wp-content\/uploads\/CLAU-2.jpg",680,383,false],"chromenews-large":["https:\/\/samanoticiasdurango.com\/wp-content\/uploads\/CLAU-2.jpg",680,383,false],"chromenews-medium":["https:\/\/samanoticiasdurango.com\/wp-content\/uploads\/CLAU-2-590x383.jpg",590,383,true]},"author_info":{"display_name":"Redacci\u00f3n","author_link":"https:\/\/samanoticiasdurango.com\/index.php\/author\/jjsama13gmail-com\/"},"category_info":"<a href=\"https:\/\/samanoticiasdurango.com\/index.php\/category\/nacional\/\" rel=\"category tag\">NACIONAL<\/a>","tag_info":"NACIONAL","comment_count":"0","jetpack_sharing_enabled":true,"_links":{"self":[{"href":"https:\/\/samanoticiasdurango.com\/index.php\/wp-json\/wp\/v2\/posts\/10782","targetHints":{"allow":["GET"]}}],"collection":[{"href":"https:\/\/samanoticiasdurango.com\/index.php\/wp-json\/wp\/v2\/posts"}],"about":[{"href":"https:\/\/samanoticiasdurango.com\/index.php\/wp-json\/wp\/v2\/types\/post"}],"author":[{"embeddable":true,"href":"https:\/\/samanoticiasdurango.com\/index.php\/wp-json\/wp\/v2\/users\/1"}],"replies":[{"embeddable":true,"href":"https:\/\/samanoticiasdurango.com\/index.php\/wp-json\/wp\/v2\/comments?post=10782"}],"version-history":[{"count":1,"href":"https:\/\/samanoticiasdurango.com\/index.php\/wp-json\/wp\/v2\/posts\/10782\/revisions"}],"predecessor-version":[{"id":10784,"href":"https:\/\/samanoticiasdurango.com\/index.php\/wp-json\/wp\/v2\/posts\/10782\/revisions\/10784"}],"wp:featuredmedia":[{"embeddable":true,"href":"https:\/\/samanoticiasdurango.com\/index.php\/wp-json\/wp\/v2\/media\/10783"}],"wp:attachment":[{"href":"https:\/\/samanoticiasdurango.com\/index.php\/wp-json\/wp\/v2\/media?parent=10782"}],"wp:term":[{"taxonomy":"category","embeddable":true,"href":"https:\/\/samanoticiasdurango.com\/index.php\/wp-json\/wp\/v2\/categories?post=10782"},{"taxonomy":"post_tag","embeddable":true,"href":"https:\/\/samanoticiasdurango.com\/index.php\/wp-json\/wp\/v2\/tags?post=10782"}],"curies":[{"name":"wp","href":"https:\/\/api.w.org\/{rel}","templated":true}]}}