{"id":10790,"date":"2024-08-07T21:46:43","date_gmt":"2024-08-07T21:46:43","guid":{"rendered":"http:\/\/samanoticiasdurango.com\/?p=10790"},"modified":"2024-08-07T21:46:45","modified_gmt":"2024-08-07T21:46:45","slug":"claudia-sheinbaum-aclara-por-que-le-envio-invitacion-a-vladimir-putin-para-su-toma-de-protesta-se-manda-a-todos-los-paises","status":"publish","type":"post","link":"https:\/\/samanoticiasdurango.com\/index.php\/2024\/08\/07\/claudia-sheinbaum-aclara-por-que-le-envio-invitacion-a-vladimir-putin-para-su-toma-de-protesta-se-manda-a-todos-los-paises\/","title":{"rendered":"Claudia Sheinbaum aclara por qu\u00e9 le envi\u00f3 invitaci\u00f3n a Vladimir Putin para su toma de protesta: \u201cSe manda a todos los pa\u00edses\u201d"},"content":{"rendered":"\n<p>La presidenta electa de M\u00e9xico,&nbsp;<a rel=\"noreferrer noopener\" href=\"https:\/\/www.infobae.com\/mexico\/2024\/08\/07\/que-paises-fueron-invitados-a-la-toma-de-protesta-de-claudia-sheinbaum-del-proximo-1-de-octubre\/\" target=\"_blank\"><strong>Claudia Sheinbaum Pardo<\/strong><\/a>, puso fin a las criticas en su contra luego de que su equipo haya enviado una invitaci\u00f3n al l\u00edder de Rusia,&nbsp;<strong>Vladimir Putin<\/strong>, para que asista a su toma de protesta el<strong>&nbsp;pr\u00f3ximo 1 de octubre<\/strong>.<\/p>\n\n\n\n<p>Este mi\u00e9rcoles, en conferencia de prensa desde la Ciudad de M\u00e9xico, aclar\u00f3 que se trata de un&nbsp;<strong>acto protocolario&nbsp;<\/strong>que se realiza en cada cambio de gobierno federal.<\/p>\n\n\n\n<p>\u201cPara que se sepa,&nbsp;<strong>son notas diplom\u00e1ticas<\/strong>&nbsp;que se env\u00edan normalmente cuando hay tomas de posesi\u00f3n y se env\u00edan a todos los pa\u00edses con los que hay relaci\u00f3n\u201d, declar\u00f3.<\/p>\n\n\n\n<p>Sin embargo, para que no hubiera ninguna duda, pidi\u00f3 a Juan Ram\u00f3n de la Fuente, pr\u00f3ximo titular de la&nbsp;<strong>Secretar\u00eda de Relaciones Exteriores (SRE)<\/strong>, explicar a detalle el proceso.<\/p>\n\n\n\n<p><img loading=\"lazy\" decoding=\"async\" alt=\"Este es el grado de estudios y parte de la trayectoria de Juan Ram\u00f3n de la Fuente encargado de la transici\u00f3n presidencial.\nFoto: Cuartoscuro\" height=\"1080\" width=\"1920\" class=\"\" src=\"https:\/\/www.infobae.com\/new-resizer\/pXTzluoxkh42dKStP3DvgVwlQFo=\/420x236\/filters:format(webp):quality(85)\/cloudfront-us-east-1.images.arcpublishing.com\/infobae\/ROWAFOKKZVF3LF6YLAFCLYKRVU.jpg%20420w\" srcset=\"https:\/\/www.infobae.com\/new-resizer\/pXTzluoxkh42dKStP3DvgVwlQFo=\/420x236\/filters:format(webp):quality(85)\/cloudfront-us-east-1.images.arcpublishing.com\/infobae\/ROWAFOKKZVF3LF6YLAFCLYKRVU.jpg 420w,https:\/\/www.infobae.com\/new-resizer\/hQyavcUkdODXxMt8TvmYRjnfi2A=\/768x432\/filters:format(webp):quality(85)\/cloudfront-us-east-1.images.arcpublishing.com\/infobae\/ROWAFOKKZVF3LF6YLAFCLYKRVU.jpg 768w,https:\/\/www.infobae.com\/new-resizer\/z-IqtMhukEEx9SZeQVpBwqbsUt8=\/992x558\/filters:format(webp):quality(85)\/cloudfront-us-east-1.images.arcpublishing.com\/infobae\/ROWAFOKKZVF3LF6YLAFCLYKRVU.jpg 992w,https:\/\/www.infobae.com\/new-resizer\/T6Y-coynj4KjLLoM8kPr3xaA00k=\/1200x675\/filters:format(webp):quality(85)\/cloudfront-us-east-1.images.arcpublishing.com\/infobae\/ROWAFOKKZVF3LF6YLAFCLYKRVU.jpg 1200w,https:\/\/www.infobae.com\/new-resizer\/WbCWBhzQhxJSYYVxKifKEUXJDZU=\/1440x810\/filters:format(webp):quality(85)\/cloudfront-us-east-1.images.arcpublishing.com\/infobae\/ROWAFOKKZVF3LF6YLAFCLYKRVU.jpg 1440w\">Este es el grado de estudios y parte de la trayectoria de Juan Ram\u00f3n de la Fuente encargado de la transici\u00f3n presidencial. Foto: Cuartoscuro<\/p>\n\n\n\n<p>En palabras del ex representante permanente de M\u00e9xico ante la Organizaci\u00f3n de las Naciones Unidas (ONU), se trata de \u201cuna pr\u00e1ctica protocolaria que consiste, fundamentalmente, en enviar una nota diplom\u00e1tica a todos los pa\u00edses con los que M\u00e9xico tiene relaciones,<strong>&nbsp;sin hacer exclusiones<\/strong>\u201d.<\/p>\n\n\n\n<p>De acuerdo a la propia canciller\u00eda mexicana, las notas diplom\u00e1ticas se definen como&nbsp;<strong>comunicaciones escritas<\/strong>&nbsp;que intercambian las embajadas con la Secretar\u00eda o Ministerio de Relaciones Exteriores del Estado receptor. \u201cEn estos escritos se tratan todas las cuestiones relacionadas con la gesti\u00f3n oficial de la misi\u00f3n diplom\u00e1tica\u201d.<\/p>\n\n\n\n<p>Tras la recepci\u00f3n del comunicado, M\u00e9xico comienza a<strong>&nbsp;definir de manera m\u00e1s detallada<\/strong>&nbsp;qui\u00e9n de los&nbsp;<strong>208 invitados<\/strong>&nbsp;asistir\u00e1 al evento. Puede ser el propio jefe de Estado o incluso un secretario.<\/p>\n\n\n\n<blockquote class=\"wp-block-quote is-layout-flow wp-block-quote-is-layout-flow\">\n<p>\u201cLo que M\u00e9xico hace es informar al mundo que el 1 de octubre hay una ceremonia que consiste en el cambio del mando del Poder Ejecutivo del pa\u00eds, y que lo asume la doctora Claudia Sheinbaum Pardo\u201d, indic\u00f3.<\/p>\n<\/blockquote>\n\n\n\n<p><img loading=\"lazy\" decoding=\"async\" alt=\"Claudia Sheinbaum tambi\u00e9n ha recibido felicitaciones de l\u00edderes mundiales. REUTERS\/Raquel Cunha\" height=\"1080\" width=\"1920\" class=\"\" src=\"https:\/\/www.infobae.com\/new-resizer\/BJTf8Dpl6HaV2YrZSNV_-J8k1KU=\/420x236\/filters:format(webp):quality(85)\/cloudfront-us-east-1.images.arcpublishing.com\/infobae\/FFJE7ETNERBARLWVWP3MZVATAE.jpg%20420w\" srcset=\"https:\/\/www.infobae.com\/new-resizer\/BJTf8Dpl6HaV2YrZSNV_-J8k1KU=\/420x236\/filters:format(webp):quality(85)\/cloudfront-us-east-1.images.arcpublishing.com\/infobae\/FFJE7ETNERBARLWVWP3MZVATAE.jpg 420w,https:\/\/www.infobae.com\/new-resizer\/UObjcFVaPf7mhj3IL99ERqSVDXE=\/768x432\/filters:format(webp):quality(85)\/cloudfront-us-east-1.images.arcpublishing.com\/infobae\/FFJE7ETNERBARLWVWP3MZVATAE.jpg 768w,https:\/\/www.infobae.com\/new-resizer\/V7TaqPRdYUYjtUdASEWV8gaKRE8=\/992x558\/filters:format(webp):quality(85)\/cloudfront-us-east-1.images.arcpublishing.com\/infobae\/FFJE7ETNERBARLWVWP3MZVATAE.jpg 992w,https:\/\/www.infobae.com\/new-resizer\/mYMgdFSDRxlmkHuG2wKx5W6jYOQ=\/1200x675\/filters:format(webp):quality(85)\/cloudfront-us-east-1.images.arcpublishing.com\/infobae\/FFJE7ETNERBARLWVWP3MZVATAE.jpg 1200w,https:\/\/www.infobae.com\/new-resizer\/Y-aOJCd1tChzEM98CR9zkT-lwDA=\/1440x810\/filters:format(webp):quality(85)\/cloudfront-us-east-1.images.arcpublishing.com\/infobae\/FFJE7ETNERBARLWVWP3MZVATAE.jpg 1440w\">Claudia Sheinbaum tambi\u00e9n ha recibido felicitaciones de l\u00edderes mundiales. REUTERS\/Raquel Cunha<\/p>\n\n\n\n<h2 class=\"wp-block-heading\">\u201cCada pa\u00eds decide a qui\u00e9n manda\u201d: Juan Ram\u00f3n de la Fuente<\/h2>\n\n\n\n<p>En esa l\u00ednea, el tambi\u00e9n ex rector de la Universidad Nacional Aut\u00f3noma de M\u00e9xico (UNAM)aclar\u00f3 que cada pa\u00eds y organismo invitado a la entrega de la banda presidencial entre Andr\u00e9s Manuel L\u00f3pez Obrador y Sheinbaum Pardo<strong>&nbsp;decide de manera personal qui\u00e9n asistir\u00e1 a la ceremonia<\/strong>. Eso en caso de aceptar la invitaci\u00f3n.<\/p>\n\n\n\n<p>\u201cTodav\u00eda no sabemos si van a venir algunos o algunos mandatarios, tenemos la expectativa que venga&nbsp;<strong>un buen n\u00famero de mandatarias<\/strong>. Cada pa\u00eds decide a qui\u00e9n manda. A veces viene el jefe de Estado, el jefe de Gobierno, el secretario de Relaciones Exteriores o el embajador asignado en nuestro pa\u00eds\u201d, expres\u00f3.<\/p>\n\n\n\n<p>Inform\u00f3 que no hay&nbsp;<strong>una fecha l\u00edmite&nbsp;<\/strong>para obtener una respuesta, aunque s\u00ed se explica que se atender\u00e1n los requisitos particulares de acuerdo con la prelaci\u00f3n con la que lleguen.<\/p>\n\n\n\n<p>\u201cEsto qu\u00e9 quiere decir que los primeros que nos vayan confirmando son con los que podemos atender todo lo que hay que ver, como su&nbsp;<strong>atenci\u00f3n personalizada<\/strong>, los temas de seguridad, alojamiento y las atenciones que vamos a tener con todos ellos\u201d, enfatiz\u00f3.<\/p>\n\n\n\n<p>Hasta el momento, ning\u00fan pa\u00eds ha emitido su respuesta.<\/p>\n\n\n\n<p><img loading=\"lazy\" decoding=\"async\" alt=\"La morenista asumir\u00e1 como la primera presidenta de M\u00e9xico el 1 de octubre. (Facebook Claudia Sheinbaum Pardo)\" height=\"1080\" width=\"1920\" class=\"\" src=\"https:\/\/www.infobae.com\/new-resizer\/BalvGh7D0tC41-LJ5uv-ebzpA3c=\/420x236\/filters:format(webp):quality(85)\/cloudfront-us-east-1.images.arcpublishing.com\/infobae\/7CG5JIXLBFD5RAB6S5AD4JTWLI.jpg%20420w\" srcset=\"https:\/\/www.infobae.com\/new-resizer\/BalvGh7D0tC41-LJ5uv-ebzpA3c=\/420x236\/filters:format(webp):quality(85)\/cloudfront-us-east-1.images.arcpublishing.com\/infobae\/7CG5JIXLBFD5RAB6S5AD4JTWLI.jpg 420w,https:\/\/www.infobae.com\/new-resizer\/AuHDuIZvLbiwOz70TtCpbkIInqE=\/768x432\/filters:format(webp):quality(85)\/cloudfront-us-east-1.images.arcpublishing.com\/infobae\/7CG5JIXLBFD5RAB6S5AD4JTWLI.jpg 768w,https:\/\/www.infobae.com\/new-resizer\/fzL_2foDJCJGum6CY33ja34og90=\/992x558\/filters:format(webp):quality(85)\/cloudfront-us-east-1.images.arcpublishing.com\/infobae\/7CG5JIXLBFD5RAB6S5AD4JTWLI.jpg 992w,https:\/\/www.infobae.com\/new-resizer\/TIgm4GYUpKugbyEXSLba3Ob8hLA=\/1200x675\/filters:format(webp):quality(85)\/cloudfront-us-east-1.images.arcpublishing.com\/infobae\/7CG5JIXLBFD5RAB6S5AD4JTWLI.jpg 1200w,https:\/\/www.infobae.com\/new-resizer\/0DuRBea40y3NvcaQmXhm6ArwBSc=\/1440x810\/filters:format(webp):quality(85)\/cloudfront-us-east-1.images.arcpublishing.com\/infobae\/7CG5JIXLBFD5RAB6S5AD4JTWLI.jpg 1440w\">La morenista asumir\u00e1 como la primera presidenta de M\u00e9xico el 1 de octubre. (Facebook Claudia Sheinbaum Pardo)<\/p>\n\n\n\n<h2 class=\"wp-block-heading\">Ecuador y Per\u00fa no fueron invitados<\/h2>\n\n\n\n<p>Adem\u00e1s de las 208 naciones con las que M\u00e9xico mantiene relaciones diplom\u00e1ticas, la SRE inform\u00f3 que se envi\u00f3 la invitaci\u00f3n correspondiente a organismos internacionales en las que ostenta membres\u00eda.<\/p>\n\n\n\n<p>Las \u00fanicas excepciones realizadas este a\u00f1o fueron\u00a0<strong>Ecuador\u00a0<\/strong>y\u00a0<strong>Per\u00fa<\/strong>, esto en concordancia con la posturas que el presidente L\u00f3pez Obrador tom\u00f3 con ambas naciones.<\/p>\n\n\n\n<p><strong><em>Con inforciado INFOBAE<\/em><\/strong><\/p>\n","protected":false},"excerpt":{"rendered":"<p>La presidenta electa de M\u00e9xico,&nbsp;Claudia Sheinbaum Pardo, puso fin a las criticas en su contra<\/p>\n","protected":false},"author":1,"featured_media":10791,"comment_status":"open","ping_status":"open","sticky":false,"template":"","format":"standard","meta":{"om_disable_all_campaigns":false,"_monsterinsights_skip_tracking":false,"_monsterinsights_sitenote_active":false,"_monsterinsights_sitenote_note":"","_monsterinsights_sitenote_category":0,"_jetpack_memberships_contains_paid_content":false,"footnotes":"","jetpack_publicize_message":"","jetpack_publicize_feature_enabled":true,"jetpack_social_post_already_shared":false,"jetpack_social_options":{"image_generator_settings":{"template":"highway","enabled":false},"version":2}},"categories":[5],"tags":[],"class_list":["post-10790","post","type-post","status-publish","format-standard","has-post-thumbnail","hentry","category-nacional"],"jetpack_publicize_connections":[],"aioseo_notices":[],"jetpack_featured_media_url":"https:\/\/samanoticiasdurango.com\/wp-content\/uploads\/EGPGUHX6TBCJPJGO4UOTF7RLPA.jpg","featured_image_urls":{"full":["https:\/\/samanoticiasdurango.com\/wp-content\/uploads\/EGPGUHX6TBCJPJGO4UOTF7RLPA.jpg",992,558,false],"thumbnail":["https:\/\/samanoticiasdurango.com\/wp-content\/uploads\/EGPGUHX6TBCJPJGO4UOTF7RLPA-150x150.jpg",150,150,true],"medium":["https:\/\/samanoticiasdurango.com\/wp-content\/uploads\/EGPGUHX6TBCJPJGO4UOTF7RLPA-300x169.jpg",300,169,true],"medium_large":["https:\/\/samanoticiasdurango.com\/wp-content\/uploads\/EGPGUHX6TBCJPJGO4UOTF7RLPA-768x432.jpg",640,360,true],"large":["https:\/\/samanoticiasdurango.com\/wp-content\/uploads\/EGPGUHX6TBCJPJGO4UOTF7RLPA.jpg",640,360,false],"1536x1536":["https:\/\/samanoticiasdurango.com\/wp-content\/uploads\/EGPGUHX6TBCJPJGO4UOTF7RLPA.jpg",992,558,false],"2048x2048":["https:\/\/samanoticiasdurango.com\/wp-content\/uploads\/EGPGUHX6TBCJPJGO4UOTF7RLPA.jpg",992,558,false],"chromenews-featured":["https:\/\/samanoticiasdurango.com\/wp-content\/uploads\/EGPGUHX6TBCJPJGO4UOTF7RLPA.jpg",992,558,false],"chromenews-large":["https:\/\/samanoticiasdurango.com\/wp-content\/uploads\/EGPGUHX6TBCJPJGO4UOTF7RLPA-825x558.jpg",825,558,true],"chromenews-medium":["https:\/\/samanoticiasdurango.com\/wp-content\/uploads\/EGPGUHX6TBCJPJGO4UOTF7RLPA-590x410.jpg",590,410,true]},"author_info":{"display_name":"Redacci\u00f3n","author_link":"https:\/\/samanoticiasdurango.com\/index.php\/author\/jjsama13gmail-com\/"},"category_info":"<a href=\"https:\/\/samanoticiasdurango.com\/index.php\/category\/nacional\/\" rel=\"category tag\">NACIONAL<\/a>","tag_info":"NACIONAL","comment_count":"0","jetpack_sharing_enabled":true,"_links":{"self":[{"href":"https:\/\/samanoticiasdurango.com\/index.php\/wp-json\/wp\/v2\/posts\/10790","targetHints":{"allow":["GET"]}}],"collection":[{"href":"https:\/\/samanoticiasdurango.com\/index.php\/wp-json\/wp\/v2\/posts"}],"about":[{"href":"https:\/\/samanoticiasdurango.com\/index.php\/wp-json\/wp\/v2\/types\/post"}],"author":[{"embeddable":true,"href":"https:\/\/samanoticiasdurango.com\/index.php\/wp-json\/wp\/v2\/users\/1"}],"replies":[{"embeddable":true,"href":"https:\/\/samanoticiasdurango.com\/index.php\/wp-json\/wp\/v2\/comments?post=10790"}],"version-history":[{"count":1,"href":"https:\/\/samanoticiasdurango.com\/index.php\/wp-json\/wp\/v2\/posts\/10790\/revisions"}],"predecessor-version":[{"id":10792,"href":"https:\/\/samanoticiasdurango.com\/index.php\/wp-json\/wp\/v2\/posts\/10790\/revisions\/10792"}],"wp:featuredmedia":[{"embeddable":true,"href":"https:\/\/samanoticiasdurango.com\/index.php\/wp-json\/wp\/v2\/media\/10791"}],"wp:attachment":[{"href":"https:\/\/samanoticiasdurango.com\/index.php\/wp-json\/wp\/v2\/media?parent=10790"}],"wp:term":[{"taxonomy":"category","embeddable":true,"href":"https:\/\/samanoticiasdurango.com\/index.php\/wp-json\/wp\/v2\/categories?post=10790"},{"taxonomy":"post_tag","embeddable":true,"href":"https:\/\/samanoticiasdurango.com\/index.php\/wp-json\/wp\/v2\/tags?post=10790"}],"curies":[{"name":"wp","href":"https:\/\/api.w.org\/{rel}","templated":true}]}}