{"id":10836,"date":"2024-08-09T20:28:01","date_gmt":"2024-08-09T20:28:01","guid":{"rendered":"http:\/\/samanoticiasdurango.com\/?p=10836"},"modified":"2024-08-09T20:28:02","modified_gmt":"2024-08-09T20:28:02","slug":"con-amlo-se-han-beneficiado-las-comunidades-indigenas-bernabe-aguilar","status":"publish","type":"post","link":"https:\/\/samanoticiasdurango.com\/index.php\/2024\/08\/09\/con-amlo-se-han-beneficiado-las-comunidades-indigenas-bernabe-aguilar\/","title":{"rendered":"Con AMLO se han beneficiado las comunidades ind\u00edgenas: Bernab\u00e9 Aguilar"},"content":{"rendered":"\n<p>El gobierno de la Cuarta Transformaci\u00f3n, liderado por el presidente Andr\u00e9s Manuel L\u00f3pez Obrador, ha reafirmado el compromiso del gobierno federal con los pueblos ind\u00edgenas, priorizando su atenci\u00f3n y bienestar, asegur\u00f3 el diputado Bernab\u00e9 Aguilar Carrillo.<br>En el marco del D\u00eda Internacional de los Pueblos y Comunidades Ind\u00edgenas, el legislador por Morena, inform\u00f3 que seg\u00fan datos proporcionados por el Instituto Nacional de los Pueblos Ind\u00edgenas (INPI), cada hogar ind\u00edgena o afromexicano recibe en promedio tres apoyos provenientes de los programas para el bienestar.<br>Lo anterior, ha beneficiado a un total de 5,617,849 personas en 1,103 municipios con presencia ind\u00edgena y afromexicana en todo el pa\u00eds; n\u00fameros que reflejan el esfuerzo sostenido del gobierno por garantizar que estas comunidades, hist\u00f3ricamente marginadas, reciban el apoyo necesario para mejorar su calidad de vida.<br>De esta manera, el tambi\u00e9n secretario de la Comisi\u00f3n de Asuntos Ind\u00edgenas consider\u00f3 que la conmemoraci\u00f3n es una reafirmaci\u00f3n de la diversidad cultural, de la acci\u00f3n institucional, y de la fuerza del Estado para proteger los derechos de estas comunidades.<br>\u201cEn esta celebraci\u00f3n anual, renovamos nuestro compromiso con la implementaci\u00f3n de la Declaraci\u00f3n de las Naciones Unidas sobre los Derechos de los Pueblos Ind\u00edgenas, para que sus contribuciones sean reconocidas y tengan la oportunidad de desarrollarse y prosperar en cualquier estado, regi\u00f3n o municipio del pa\u00eds\u201d, puntualiz\u00f3.<br>Aguilar Carrillo se\u00f1al\u00f3 que la voluntad de hacer justicia a los pueblos ind\u00edgenas es una decisi\u00f3n hist\u00f3rica en este proceso de transformaci\u00f3n de la vida p\u00fablica nacional, donde la administraci\u00f3n actual ha puesto en pr\u00e1ctica el principio de que, por el bien de todos, primero los pobres, destacando especialmente a los m\u00e1s humildes y olvidados, como son los pueblos ind\u00edgenas.<br>\u201cDebemos sentir orgullo de nuestros pueblos ind\u00edgenas, protegerlos y contribuir a visibilizar sus comunidades, las cuales son la base fundamental para el desarrollo de nuestro pa\u00eds\u201d, concluy\u00f3 el representante popular.<\/p>\n","protected":false},"excerpt":{"rendered":"<p>El gobierno de la Cuarta Transformaci\u00f3n, liderado por el presidente Andr\u00e9s Manuel L\u00f3pez Obrador, ha<\/p>\n","protected":false},"author":1,"featured_media":10837,"comment_status":"open","ping_status":"open","sticky":false,"template":"","format":"standard","meta":{"om_disable_all_campaigns":false,"_monsterinsights_skip_tracking":false,"_monsterinsights_sitenote_active":false,"_monsterinsights_sitenote_note":"","_monsterinsights_sitenote_category":0,"_jetpack_memberships_contains_paid_content":false,"footnotes":"","jetpack_publicize_message":"","jetpack_publicize_feature_enabled":true,"jetpack_social_post_already_shared":false,"jetpack_social_options":{"image_generator_settings":{"template":"highway","enabled":false},"version":2}},"categories":[1],"tags":[],"class_list":["post-10836","post","type-post","status-publish","format-standard","has-post-thumbnail","hentry","category-archivo"],"jetpack_publicize_connections":[],"aioseo_notices":[],"jetpack_featured_media_url":"https:\/\/samanoticiasdurango.com\/wp-content\/uploads\/46.jpg","featured_image_urls":{"full":["https:\/\/samanoticiasdurango.com\/wp-content\/uploads\/46.jpg",680,383,false],"thumbnail":["https:\/\/samanoticiasdurango.com\/wp-content\/uploads\/46-150x150.jpg",150,150,true],"medium":["https:\/\/samanoticiasdurango.com\/wp-content\/uploads\/46-300x169.jpg",300,169,true],"medium_large":["https:\/\/samanoticiasdurango.com\/wp-content\/uploads\/46.jpg",640,360,false],"large":["https:\/\/samanoticiasdurango.com\/wp-content\/uploads\/46.jpg",640,360,false],"1536x1536":["https:\/\/samanoticiasdurango.com\/wp-content\/uploads\/46.jpg",680,383,false],"2048x2048":["https:\/\/samanoticiasdurango.com\/wp-content\/uploads\/46.jpg",680,383,false],"chromenews-featured":["https:\/\/samanoticiasdurango.com\/wp-content\/uploads\/46.jpg",680,383,false],"chromenews-large":["https:\/\/samanoticiasdurango.com\/wp-content\/uploads\/46.jpg",680,383,false],"chromenews-medium":["https:\/\/samanoticiasdurango.com\/wp-content\/uploads\/46-590x383.jpg",590,383,true]},"author_info":{"display_name":"Redacci\u00f3n","author_link":"https:\/\/samanoticiasdurango.com\/index.php\/author\/jjsama13gmail-com\/"},"category_info":"<a href=\"https:\/\/samanoticiasdurango.com\/index.php\/category\/archivo\/\" rel=\"category tag\">DURANGO<\/a>","tag_info":"DURANGO","comment_count":"0","jetpack_sharing_enabled":true,"_links":{"self":[{"href":"https:\/\/samanoticiasdurango.com\/index.php\/wp-json\/wp\/v2\/posts\/10836","targetHints":{"allow":["GET"]}}],"collection":[{"href":"https:\/\/samanoticiasdurango.com\/index.php\/wp-json\/wp\/v2\/posts"}],"about":[{"href":"https:\/\/samanoticiasdurango.com\/index.php\/wp-json\/wp\/v2\/types\/post"}],"author":[{"embeddable":true,"href":"https:\/\/samanoticiasdurango.com\/index.php\/wp-json\/wp\/v2\/users\/1"}],"replies":[{"embeddable":true,"href":"https:\/\/samanoticiasdurango.com\/index.php\/wp-json\/wp\/v2\/comments?post=10836"}],"version-history":[{"count":1,"href":"https:\/\/samanoticiasdurango.com\/index.php\/wp-json\/wp\/v2\/posts\/10836\/revisions"}],"predecessor-version":[{"id":10838,"href":"https:\/\/samanoticiasdurango.com\/index.php\/wp-json\/wp\/v2\/posts\/10836\/revisions\/10838"}],"wp:featuredmedia":[{"embeddable":true,"href":"https:\/\/samanoticiasdurango.com\/index.php\/wp-json\/wp\/v2\/media\/10837"}],"wp:attachment":[{"href":"https:\/\/samanoticiasdurango.com\/index.php\/wp-json\/wp\/v2\/media?parent=10836"}],"wp:term":[{"taxonomy":"category","embeddable":true,"href":"https:\/\/samanoticiasdurango.com\/index.php\/wp-json\/wp\/v2\/categories?post=10836"},{"taxonomy":"post_tag","embeddable":true,"href":"https:\/\/samanoticiasdurango.com\/index.php\/wp-json\/wp\/v2\/tags?post=10836"}],"curies":[{"name":"wp","href":"https:\/\/api.w.org\/{rel}","templated":true}]}}