{"id":10979,"date":"2024-08-17T14:51:44","date_gmt":"2024-08-17T14:51:44","guid":{"rendered":"http:\/\/samanoticiasdurango.com\/?p=10979"},"modified":"2024-08-17T14:51:45","modified_gmt":"2024-08-17T14:51:45","slug":"cuantos-dias-de-permiso-se-dan-por-fallecimiento-de-un-familiar-esto-senala-la-ley-federal-del-trabajo","status":"publish","type":"post","link":"https:\/\/samanoticiasdurango.com\/index.php\/2024\/08\/17\/cuantos-dias-de-permiso-se-dan-por-fallecimiento-de-un-familiar-esto-senala-la-ley-federal-del-trabajo\/","title":{"rendered":"\u00bfCu\u00e1ntos d\u00edas de permiso se dan por fallecimiento de un familiar? Esto se\u00f1ala la Ley Federal del Trabajo"},"content":{"rendered":"\n<p>En M\u00e9xico, el tema de lo<strong>s d\u00edas de permiso por fallecimiento<\/strong>&nbsp;de un familiar es una de las \u00e1reas m\u00e1s grises en la legislaci\u00f3n laboral. A diferencia de otras naciones donde este derecho est\u00e1 claramente establecido, la&nbsp;<strong>Ley Federal del Trabajo (LFT)&nbsp;<\/strong>mexicana no contempla disposiciones espec\u00edficas que otorguen a los empleados d\u00edas de licencia remunerada en caso de perder a un ser querido.<\/p>\n\n\n\n<p>Esta falta de regulaci\u00f3n crea una situaci\u00f3n en la que la decisi\u00f3n sobre el tiempo libre con goce de sueldo en casos de duelo queda completamente a discreci\u00f3n de cada empresa, sin una normativa uniforme que garantice un m\u00ednimo de d\u00edas para todos los trabajadores.<\/p>\n\n\n\n<h2 class=\"wp-block-heading\">\u00bfQu\u00e9 dice la Ley Federal del Trabajo sobre el permiso por duelo?<\/h2>\n\n\n\n<p>Actualmente, la LFT no menciona expl\u00edcitamente un permiso con goce de sueldo por el fallecimiento de un familiar. Esto significa que, a nivel legal, los trabajadores no tienen un derecho autom\u00e1tico a d\u00edas libres remunerados en estas circunstancias. Este vac\u00edo legal deja la decisi\u00f3n de otorgar permisos por duelo a discreci\u00f3n de cada empleador.<\/p>\n\n\n\n<h2 class=\"wp-block-heading\">Iniciativas de reforma: \u00bfUn cambio en el horizonte?<\/h2>\n\n\n\n<p>En agosto de 2023, se present\u00f3 una iniciativa de reforma para abordar esta omisi\u00f3n en la LFT. La propuesta busca garantizar un&nbsp;<strong>m\u00ednimo de tres d\u00edas de licencia remunerada<\/strong>&nbsp;en caso de fallecimiento, hospitalizaci\u00f3n o intervenci\u00f3n quir\u00fargica grave de familiares cercanos, como padres, hijos, c\u00f3nyuge o concubinos.<\/p>\n\n\n\n<p><img loading=\"lazy\" decoding=\"async\" alt=\"En M\u00e9xico, la Ley Federal del Trabajo no especifica la cantidad de d\u00edas de permiso remunerado por el fallecimiento de un familiar, dejando este asunto a la discreci\u00f3n de las empresas, a diferencia de otros pa\u00edses con regulaciones claras en este \u00e1mbito. (Freepik)\" height=\"3857\" width=\"5786\" class=\"\" src=\"https:\/\/www.infobae.com\/new-resizer\/uSZ1lbrNXCYoeyKAoMFtJqZzvSA=\/420x280\/filters:format(webp):quality(85)\/cloudfront-us-east-1.images.arcpublishing.com\/infobae\/QWDX3T3KEZAZHHCWKY6LYBFSYA.jpg%20420w\" srcset=\"https:\/\/www.infobae.com\/new-resizer\/uSZ1lbrNXCYoeyKAoMFtJqZzvSA=\/420x280\/filters:format(webp):quality(85)\/cloudfront-us-east-1.images.arcpublishing.com\/infobae\/QWDX3T3KEZAZHHCWKY6LYBFSYA.jpg 420w,https:\/\/www.infobae.com\/new-resizer\/DejZMYJ8aktz2yd2cnzXJ2jAza0=\/768x512\/filters:format(webp):quality(85)\/cloudfront-us-east-1.images.arcpublishing.com\/infobae\/QWDX3T3KEZAZHHCWKY6LYBFSYA.jpg 768w,https:\/\/www.infobae.com\/new-resizer\/iTE9AjQPbmKffVQRCMTGw4ySIx4=\/992x661\/filters:format(webp):quality(85)\/cloudfront-us-east-1.images.arcpublishing.com\/infobae\/QWDX3T3KEZAZHHCWKY6LYBFSYA.jpg 992w,https:\/\/www.infobae.com\/new-resizer\/h3UFVZ38EaED-1I_JlO7kHsqPXI=\/1200x800\/filters:format(webp):quality(85)\/cloudfront-us-east-1.images.arcpublishing.com\/infobae\/QWDX3T3KEZAZHHCWKY6LYBFSYA.jpg 1200w,https:\/\/www.infobae.com\/new-resizer\/LB95iVixTHbF8hp06dT62Ra9CtQ=\/1440x960\/filters:format(webp):quality(85)\/cloudfront-us-east-1.images.arcpublishing.com\/infobae\/QWDX3T3KEZAZHHCWKY6LYBFSYA.jpg 1440w\">En M\u00e9xico, la Ley Federal del Trabajo no especifica la cantidad de d\u00edas de permiso remunerado por el fallecimiento de un familiar, dejando este asunto a la discreci\u00f3n de las empresas, a diferencia de otros pa\u00edses con regulaciones claras en este \u00e1mbito. (Freepik)<\/p>\n\n\n\n<p>Sin embargo, esta reforma a\u00fan no ha sido aprobada, por lo que no es una obligaci\u00f3n para los empleadores.<\/p>\n\n\n\n<p>En el pasado, solo la Comisi\u00f3n del Trabajo y Previsi\u00f3n Social de la C\u00e1mara de Diputados aprob\u00f3 un primer dictamen de esta reforma, pero no avanz\u00f3 lo suficiente para convertirse en ley.<\/p>\n\n\n\n<h2 class=\"wp-block-heading\">Permiso por luto: \u00bfQu\u00e9 opciones tienen los trabajadores?<\/h2>\n\n\n\n<p>Ante la falta de regulaci\u00f3n espec\u00edfica en la&nbsp;<strong>LFT,<\/strong>&nbsp;la concesi\u00f3n de permisos por duelo depende de las pol\u00edticas internas de cada empresa. Algunas organizaciones negocian estas licencias a trav\u00e9s de contratos colectivos de trabajo (CCT), mientras que otras las establecen en sus reglamentos internos o pol\u00edticas de recursos humanos.<\/p>\n\n\n\n<p>En la pr\u00e1ctica, muchas empresas en M\u00e9xico optan por<strong>&nbsp;ofrecer entre tres y siete d\u00edas de permiso por duelo,&nbsp;<\/strong>aunque esto var\u00eda ampliamente seg\u00fan la empresa y el tipo de contrato del trabajador.<\/p>\n\n\n\n<p>Adem\u00e1s, en algunos casos, estas licencias pueden estar sujetas a la presentaci\u00f3n de documentaci\u00f3n que justifique la solicitud.<\/p>\n\n\n\n<p><img loading=\"lazy\" decoding=\"async\" alt=\"En M\u00e9xico, la Ley Federal del Trabajo no especifica el n\u00famero de d\u00edas de licencia remunerada por fallecimiento de un familiar, dejando esta decisi\u00f3n a la discreci\u00f3n de cada empresa y generando una notable falta de uniformidad en el apoyo a los empleados en momentos de duelo.\" height=\"426\" width=\"640\" class=\"\" src=\"https:\/\/www.infobae.com\/new-resizer\/LaauFpf26t-wcmJ0n9m3uJ0kSk0=\/420x280\/filters:format(webp):quality(85)\/cloudfront-us-east-1.images.arcpublishing.com\/infobae\/G6A3D75OGJDKZPCRFXQ7XIHUKI.jpg%20420w\" srcset=\"https:\/\/www.infobae.com\/new-resizer\/LaauFpf26t-wcmJ0n9m3uJ0kSk0=\/420x280\/filters:format(webp):quality(85)\/cloudfront-us-east-1.images.arcpublishing.com\/infobae\/G6A3D75OGJDKZPCRFXQ7XIHUKI.jpg 420w,https:\/\/www.infobae.com\/new-resizer\/WTPZvf5Cc-xNgrPgZsg0VW5DZKY=\/768x512\/filters:format(webp):quality(85)\/cloudfront-us-east-1.images.arcpublishing.com\/infobae\/G6A3D75OGJDKZPCRFXQ7XIHUKI.jpg 768w,https:\/\/www.infobae.com\/new-resizer\/KWED8shjlE7ag_9cZWKe1k3ideA=\/992x661\/filters:format(webp):quality(85)\/cloudfront-us-east-1.images.arcpublishing.com\/infobae\/G6A3D75OGJDKZPCRFXQ7XIHUKI.jpg 992w,https:\/\/www.infobae.com\/new-resizer\/u9L8Eu75JRkjUlmyP79uS8Dic9U=\/1200x800\/filters:format(webp):quality(85)\/cloudfront-us-east-1.images.arcpublishing.com\/infobae\/G6A3D75OGJDKZPCRFXQ7XIHUKI.jpg 1200w,https:\/\/www.infobae.com\/new-resizer\/4LkP2-2NSpc4z8fny_r-6TMBPJw=\/1440x960\/filters:format(webp):quality(85)\/cloudfront-us-east-1.images.arcpublishing.com\/infobae\/G6A3D75OGJDKZPCRFXQ7XIHUKI.jpg 1440w\">En M\u00e9xico, la Ley Federal del Trabajo no especifica el n\u00famero de d\u00edas de licencia remunerada por fallecimiento de un familiar, dejando esta decisi\u00f3n a la discreci\u00f3n de cada empresa y generando una notable falta de uniformidad en el apoyo a los empleados en momentos de duelo.<\/p>\n\n\n\n<h2 class=\"wp-block-heading\">La importancia de una legislaci\u00f3n compasiva<\/h2>\n\n\n\n<p>La ausencia de una regulaci\u00f3n clara en la&nbsp;<strong>LFT&nbsp;<\/strong>pone de manifiesto la necesidad de una legislaci\u00f3n m\u00e1s compasiva y adaptada a las realidades humanas. Permitir a los trabajadores un tiempo para procesar la p\u00e9rdida de un ser querido no solo es un acto de empat\u00eda, sino que tambi\u00e9n puede contribuir a un ambiente laboral m\u00e1s solidario y comprometido.<\/p>\n\n\n\n<p>Mientras la reforma sigue pendiente, se alienta a las empresas a adoptar un enfoque proactivo al otorgar permisos por fallecimiento, reconociendo que brindar apoyo en estos momentos dif\u00edciles es crucial para el bienestar de sus empleados y para fomentar un entorno de trabajo respetuoso y humano.<\/p>\n\n\n\n<p>Aunque la<strong>\u00a0Ley Federal del Trabajo en M\u00e9xico\u00a0<\/strong>no establece actualmente un derecho espec\u00edfico a d\u00edas de permiso por duelo, existe una creciente conciencia sobre la importancia de este tema. Las reformas propuestas y las pol\u00edticas internas de algunas empresas reflejan un movimiento hacia un mayor reconocimiento de las necesidades humanas en el lugar de trabajo.<\/p>\n\n\n\n<p><strong>Con informaci\u00f3n de INFOBAE<\/strong><\/p>\n","protected":false},"excerpt":{"rendered":"<p>En M\u00e9xico, el tema de los d\u00edas de permiso por fallecimiento&nbsp;de un familiar es una<\/p>\n","protected":false},"author":1,"featured_media":10980,"comment_status":"open","ping_status":"open","sticky":false,"template":"","format":"standard","meta":{"om_disable_all_campaigns":false,"_monsterinsights_skip_tracking":false,"_monsterinsights_sitenote_active":false,"_monsterinsights_sitenote_note":"","_monsterinsights_sitenote_category":0,"_jetpack_memberships_contains_paid_content":false,"footnotes":"","jetpack_publicize_message":"","jetpack_publicize_feature_enabled":true,"jetpack_social_post_already_shared":false,"jetpack_social_options":{"image_generator_settings":{"template":"highway","enabled":false},"version":2}},"categories":[5],"tags":[],"class_list":["post-10979","post","type-post","status-publish","format-standard","has-post-thumbnail","hentry","category-nacional"],"jetpack_publicize_connections":[],"aioseo_notices":[],"jetpack_featured_media_url":"https:\/\/samanoticiasdurango.com\/wp-content\/uploads\/h7f7wSjt.jpg","featured_image_urls":{"full":["https:\/\/samanoticiasdurango.com\/wp-content\/uploads\/h7f7wSjt.jpg",680,340,false],"thumbnail":["https:\/\/samanoticiasdurango.com\/wp-content\/uploads\/h7f7wSjt-150x150.jpg",150,150,true],"medium":["https:\/\/samanoticiasdurango.com\/wp-content\/uploads\/h7f7wSjt-300x150.jpg",300,150,true],"medium_large":["https:\/\/samanoticiasdurango.com\/wp-content\/uploads\/h7f7wSjt.jpg",640,320,false],"large":["https:\/\/samanoticiasdurango.com\/wp-content\/uploads\/h7f7wSjt.jpg",640,320,false],"1536x1536":["https:\/\/samanoticiasdurango.com\/wp-content\/uploads\/h7f7wSjt.jpg",680,340,false],"2048x2048":["https:\/\/samanoticiasdurango.com\/wp-content\/uploads\/h7f7wSjt.jpg",680,340,false],"chromenews-featured":["https:\/\/samanoticiasdurango.com\/wp-content\/uploads\/h7f7wSjt.jpg",680,340,false],"chromenews-large":["https:\/\/samanoticiasdurango.com\/wp-content\/uploads\/h7f7wSjt.jpg",680,340,false],"chromenews-medium":["https:\/\/samanoticiasdurango.com\/wp-content\/uploads\/h7f7wSjt-590x340.jpg",590,340,true]},"author_info":{"display_name":"Redacci\u00f3n","author_link":"https:\/\/samanoticiasdurango.com\/index.php\/author\/jjsama13gmail-com\/"},"category_info":"<a href=\"https:\/\/samanoticiasdurango.com\/index.php\/category\/nacional\/\" rel=\"category tag\">NACIONAL<\/a>","tag_info":"NACIONAL","comment_count":"0","jetpack_sharing_enabled":true,"_links":{"self":[{"href":"https:\/\/samanoticiasdurango.com\/index.php\/wp-json\/wp\/v2\/posts\/10979","targetHints":{"allow":["GET"]}}],"collection":[{"href":"https:\/\/samanoticiasdurango.com\/index.php\/wp-json\/wp\/v2\/posts"}],"about":[{"href":"https:\/\/samanoticiasdurango.com\/index.php\/wp-json\/wp\/v2\/types\/post"}],"author":[{"embeddable":true,"href":"https:\/\/samanoticiasdurango.com\/index.php\/wp-json\/wp\/v2\/users\/1"}],"replies":[{"embeddable":true,"href":"https:\/\/samanoticiasdurango.com\/index.php\/wp-json\/wp\/v2\/comments?post=10979"}],"version-history":[{"count":1,"href":"https:\/\/samanoticiasdurango.com\/index.php\/wp-json\/wp\/v2\/posts\/10979\/revisions"}],"predecessor-version":[{"id":10981,"href":"https:\/\/samanoticiasdurango.com\/index.php\/wp-json\/wp\/v2\/posts\/10979\/revisions\/10981"}],"wp:featuredmedia":[{"embeddable":true,"href":"https:\/\/samanoticiasdurango.com\/index.php\/wp-json\/wp\/v2\/media\/10980"}],"wp:attachment":[{"href":"https:\/\/samanoticiasdurango.com\/index.php\/wp-json\/wp\/v2\/media?parent=10979"}],"wp:term":[{"taxonomy":"category","embeddable":true,"href":"https:\/\/samanoticiasdurango.com\/index.php\/wp-json\/wp\/v2\/categories?post=10979"},{"taxonomy":"post_tag","embeddable":true,"href":"https:\/\/samanoticiasdurango.com\/index.php\/wp-json\/wp\/v2\/tags?post=10979"}],"curies":[{"name":"wp","href":"https:\/\/api.w.org\/{rel}","templated":true}]}}