{"id":11049,"date":"2024-08-21T14:22:29","date_gmt":"2024-08-21T14:22:29","guid":{"rendered":"http:\/\/samanoticiasdurango.com\/?p=11049"},"modified":"2024-08-21T14:22:31","modified_gmt":"2024-08-21T14:22:31","slug":"es-oficial-el-paro-nacional-del-poder-judicial-esta-es-la-declaratoria","status":"publish","type":"post","link":"https:\/\/samanoticiasdurango.com\/index.php\/2024\/08\/21\/es-oficial-el-paro-nacional-del-poder-judicial-esta-es-la-declaratoria\/","title":{"rendered":"Es oficial el Paro Nacional del Poder Judicial: esta es la declaratoria"},"content":{"rendered":"\n<p>En un hecho in\u00e9dito en M\u00e9xico, a las 0:00 horas del mi\u00e9rcoles 21 de agosto jueces y magistrados federales se sumaron a un&nbsp;<strong>paro nacional&nbsp;<\/strong>en protesta contra la&nbsp;<strong>reforma al Poder Judicial&nbsp;<\/strong>propuesta por el presidente<strong>&nbsp;Andr\u00e9s Manuel L\u00f3pez Obrador<\/strong>. Este movimiento surge como respuesta directa a lo que los trabajadores del sistema judicial consideran un atentado contra sus derechos laborales.<\/p>\n\n\n\n<p>Este hist\u00f3rico paro se lleva a cabo en rechazo a la reforma que, seg\u00fan los trabajadores del Poder Judicial,<strong>&nbsp;pone en riesgo sus derechos laborales y afecta la independencia del sistema judicial.<\/strong><\/p>\n\n\n\n<p>La protesta, organizada de manera pac\u00edfica, ha visto a los juzgadores y magistrados tomar un alto en sus labores de justicia frente a la&nbsp;<strong>C\u00e1mara de Diputados,<\/strong>&nbsp;sum\u00e1ndose a las manifestaciones que tuvieron lugar el lunes, donde miles de empleados del Poder Judicial ya hab\u00edan mostrado su descontento.<\/p>\n\n\n\n<p>Juana Fuentes Vel\u00e1zquez, hablando en nombre de sus colegas, hizo un\u00a0<strong>posicionamiento\u00a0<\/strong>y subray\u00f3 la gravedad de la situaci\u00f3n. En su discurso, advirti\u00f3 sobre el riesgo de una<strong>\u00a0\u201ccrisis constitucional\u201d\u00a0<\/strong>y enfatiz\u00f3 que la suspensi\u00f3n de labores es un acto leg\u00edtimo contra la reforma.<\/p>\n\n\n\n<p>\u201cNos encaminamos hacia una crisis constitucional que, de no ser detenida, dejar\u00e1 cicatrices profundas en el tejido social. Por eso mismo, hemos decidido la&nbsp;<strong>suspensi\u00f3n de labores<\/strong>&nbsp;desde el 21 de agosto como acto leg\u00edtimo contra la reforma\u201d, afirm\u00f3. La jueza destac\u00f3 que esta acci\u00f3n no se toma a la ligera y que es imperativo defender la democracia y la justicia para las futuras generaciones.<\/p>\n\n\n\n<p>La jueza tambi\u00e9n hizo hincapi\u00e9 en que la&nbsp;<strong>independencia&nbsp;<\/strong>judicial no debe ser vista como un privilegio, sino como una garant\u00eda esencial para la protecci\u00f3n de los derechos humanos. Seg\u00fan ella, la reforma amenaza con minar la confianza del p\u00fablico en el sistema judicial y socavar la imparcialidad en la impartici\u00f3n de justicia.<\/p>\n\n\n\n<p>\u201cEsta acci\u00f3n no es tomada a la ligera, es una medida extrema en respuesta a una amenaza extrema. No podemos quedarnos de brazos cruzados mientras se desmantelan los principios que juramos proteger\u201d, advirti\u00f3 e hizo un llamado a unirse en defensa de la democracia, la divisi\u00f3n de poderes y la independencia judicial.<\/p>\n\n\n\n<h2 class=\"wp-block-heading\">\u00bfQu\u00e9 casos s\u00ed se seguir\u00e1n atendiendo?<\/h2>\n\n\n\n<p>La suspensi\u00f3n de actividades del Poder Judicial en respuesta a la falta de voluntad de la actual legislatura para analizar el impacto de la \u201creforma judicial\u201d propuesta por el Presidente de la Rep\u00fablica tambi\u00e9n contempla algunas&nbsp;<strong>excepciones&nbsp;<\/strong>importantes para asegurar que la justicia no sea completamente paralizada y ciertos casos contin\u00faen recibiendo atenci\u00f3n inmediata y urgente.<\/p>\n\n\n\n<p><strong>Centros de Justicia Penal Federal<\/strong><\/p>\n\n\n\n<ul class=\"wp-block-list\">\n<li>Calificaci\u00f3n de detenciones.<\/li>\n\n\n\n<li>Vinculaciones a proceso.<\/li>\n\n\n\n<li>Implementaci\u00f3n y modificaci\u00f3n de medidas cautelares relacionadas con prisi\u00f3n preventiva.<\/li>\n\n\n\n<li>Determinaciones sobre extradici\u00f3n.<\/li>\n\n\n\n<li>Audiencias de juicios que hubieren iniciado antes de la suspensi\u00f3n y deben tramitarse hasta su conclusi\u00f3n.<\/li>\n<\/ul>\n\n\n\n<p><strong>Centros de Justicia y Juzgados de Distrito Especializados en Materia de Ejecuci\u00f3n<\/strong><\/p>\n\n\n\n<p><img loading=\"lazy\" decoding=\"async\" alt=\"Imagen de archivo de trabajadores del Poder Judicial que sostienen carteles durante una protesta en contra de la reforma judicial impulsada por el oficialismo, en Ciudad de M\u00e9xico (M\u00e9xico). EFE\/ Mario Guzm\u00e1n\n\" height=\"3081\" width=\"4403\" class=\"\" src=\"https:\/\/www.infobae.com\/new-resizer\/QylQf31S21XHu3RvK6DrJM9ie3A=\/420x280\/filters:format(webp):quality(85)\/cloudfront-us-east-1.images.arcpublishing.com\/infobae\/CX5OIBDE6RH4JPUVJ4TS6J3TX4.jpg%20420w\" srcset=\"https:\/\/www.infobae.com\/new-resizer\/QylQf31S21XHu3RvK6DrJM9ie3A=\/420x280\/filters:format(webp):quality(85)\/cloudfront-us-east-1.images.arcpublishing.com\/infobae\/CX5OIBDE6RH4JPUVJ4TS6J3TX4.jpg 420w,https:\/\/www.infobae.com\/new-resizer\/0EMJ3srRy-W3SMlIe2vRK3DCV6M=\/768x512\/filters:format(webp):quality(85)\/cloudfront-us-east-1.images.arcpublishing.com\/infobae\/CX5OIBDE6RH4JPUVJ4TS6J3TX4.jpg 768w,https:\/\/www.infobae.com\/new-resizer\/6D2J4Dw1q4euXOIvi1V1D4m8mQg=\/992x661\/filters:format(webp):quality(85)\/cloudfront-us-east-1.images.arcpublishing.com\/infobae\/CX5OIBDE6RH4JPUVJ4TS6J3TX4.jpg 992w,https:\/\/www.infobae.com\/new-resizer\/PjktTAu3-ia-pWeWpzfXL-xOtdQ=\/1200x800\/filters:format(webp):quality(85)\/cloudfront-us-east-1.images.arcpublishing.com\/infobae\/CX5OIBDE6RH4JPUVJ4TS6J3TX4.jpg 1200w,https:\/\/www.infobae.com\/new-resizer\/JkKmWDdE0zvQQVXnKLJbxjX3iW4=\/1440x960\/filters:format(webp):quality(85)\/cloudfront-us-east-1.images.arcpublishing.com\/infobae\/CX5OIBDE6RH4JPUVJ4TS6J3TX4.jpg 1440w\">Imagen de archivo de trabajadores del Poder Judicial que sostienen carteles durante una protesta en contra de la reforma judicial impulsada por el oficialismo, en Ciudad de M\u00e9xico (M\u00e9xico). EFE\/ Mario Guzm\u00e1n<\/p>\n\n\n\n<ul class=\"wp-block-list\">\n<li>Decisiones que impliquen peligro a la vida o integridad de las personas.<\/li>\n\n\n\n<li>Gestiones previas a la inminente compurgaci\u00f3n de la pena.<\/li>\n\n\n\n<li>Beneficios preliberacionales ya determinados pendientes de ejecuci\u00f3n (como libertad preparatoria, anticipada y condicionada).<\/li>\n\n\n\n<li>Acuerdos urgentes sobre condiciones de internamiento que incluyan atenci\u00f3n m\u00e9dica, hospitalizaci\u00f3n, segregaci\u00f3n y tortura.<\/li>\n<\/ul>\n\n\n\n<p><strong>Juzgados de Distrito<\/strong><\/p>\n\n\n\n<ul class=\"wp-block-list\">\n<li>Asuntos comprendidos en los art\u00edculos 15, 126 y 127 de la Ley de Amparo y 48 del Acuerdo General del Pleno del Consejo de la Judicatura Federal.<\/li>\n\n\n\n<li>Diligencias para recibir declaraciones preparatorias.<\/li>\n\n\n\n<li>Actuaciones en el per\u00edodo de preinstrucci\u00f3n hasta la resoluci\u00f3n de la situaci\u00f3n jur\u00eddica del detenido.<\/li>\n\n\n\n<li>Decisiones en materia de ejecuci\u00f3n de sanciones que impliquen peligro a la vida o integridad de las personas, o que versen sobre la compurgaci\u00f3n de penas privativas de libertad o beneficios preliberacionales ya determinados pendientes de ejecuci\u00f3n.<\/li>\n\n\n\n<li>\u00d3rdenes de arresto.<\/li>\n\n\n\n<li>Actos que pongan en riesgo la salud o integridad de personas.<\/li>\n\n\n\n<li>Casos relacionados con afectaciones al derecho a la salud.<\/li>\n\n\n\n<li>Asuntos relacionados con personas migrantes.<\/li>\n\n\n\n<li>Casos en que puedan ponerse en riesgo servicios b\u00e1sicos como agua y energ\u00eda el\u00e9ctrica.<\/li>\n<\/ul>\n\n\n\n<p><strong>Centro Nacional de Justicia Especializado en T\u00e9cnicas de Investigaci\u00f3n, Arraigo e Intervenci\u00f3n de Comunicaciones<\/strong><\/p>\n\n\n\n<p><img loading=\"lazy\" decoding=\"async\" alt=\"Jueces y magistrados aprobaron en votaci\u00f3n irse a paro. (FOTO: MOIS\u00c9S PABLO\/CUARTOSCURO.COM)\" height=\"1080\" width=\"1920\" class=\"\" src=\"https:\/\/www.infobae.com\/new-resizer\/YdoBS04wULMZtqtozgUzmcQPLZQ=\/420x236\/filters:format(webp):quality(85)\/cloudfront-us-east-1.images.arcpublishing.com\/infobae\/QR62A2FCCZBL7ISKHNFLWWX6T4.jpg%20420w\" srcset=\"https:\/\/www.infobae.com\/new-resizer\/YdoBS04wULMZtqtozgUzmcQPLZQ=\/420x236\/filters:format(webp):quality(85)\/cloudfront-us-east-1.images.arcpublishing.com\/infobae\/QR62A2FCCZBL7ISKHNFLWWX6T4.jpg 420w,https:\/\/www.infobae.com\/new-resizer\/v-LcYtmtBCVAHYqHKnrPpKXatbs=\/768x432\/filters:format(webp):quality(85)\/cloudfront-us-east-1.images.arcpublishing.com\/infobae\/QR62A2FCCZBL7ISKHNFLWWX6T4.jpg 768w,https:\/\/www.infobae.com\/new-resizer\/FDjpvLKOoiZT3BaxclI2tH3-ZGs=\/992x558\/filters:format(webp):quality(85)\/cloudfront-us-east-1.images.arcpublishing.com\/infobae\/QR62A2FCCZBL7ISKHNFLWWX6T4.jpg 992w,https:\/\/www.infobae.com\/new-resizer\/5UqtgfHW6-qiKv1_dxr2Q-UMx7M=\/1200x675\/filters:format(webp):quality(85)\/cloudfront-us-east-1.images.arcpublishing.com\/infobae\/QR62A2FCCZBL7ISKHNFLWWX6T4.jpg 1200w,https:\/\/www.infobae.com\/new-resizer\/5ZWuphAqzdijzIAKoVCgEsQUIjU=\/1440x810\/filters:format(webp):quality(85)\/cloudfront-us-east-1.images.arcpublishing.com\/infobae\/QR62A2FCCZBL7ISKHNFLWWX6T4.jpg 1440w\">Jueces y magistrados aprobaron en votaci\u00f3n irse a paro. (FOTO: MOIS\u00c9S PABLO\/CUARTOSCURO.COM)<\/p>\n\n\n\n<ul class=\"wp-block-list\">\n<li>Medidas cautelares, providencias precautorias y t\u00e9cnicas de investigaci\u00f3n, conforme al art\u00edculo 16 de la Constituci\u00f3n Pol\u00edtica de los Estados Unidos Mexicanos, que establece su atenci\u00f3n inmediata.<\/li>\n<\/ul>\n\n\n\n<p><strong>Tribunales Laborales Federales<\/strong><\/p>\n\n\n\n<ul class=\"wp-block-list\">\n<li>En el Tribunal Laboral Federal de Asuntos Colectivos, casos relacionados con procedimientos de huelga seg\u00fan el art\u00edculo 123 de la Constituci\u00f3n y los art\u00edculos 920 a 937 de la Ley Federal del Trabajo.<\/li>\n\n\n\n<li>En los Tribunales Laborales Federales de Asuntos Individuales, las gestiones necesarias para iniciar o continuar procedimientos de huelga.<\/li>\n<\/ul>\n\n\n\n<p><strong>Tribunales Colegiados de Circuito y de Apelaci\u00f3n<\/strong><\/p>\n\n\n\n<ul class=\"wp-block-list\">\n<li>Recursos de queja conforme al art\u00edculo 97, fracci\u00f3n I, inciso b) de la Ley de Amparo, en juicios que se consideren urgentes.<\/li>\n\n\n\n<li>En los Tribunales Colegiados de Apelaci\u00f3n, los recursos de queja seg\u00fan el art\u00edculo 135 del C\u00f3digo Nacional de Procedimientos Penales, siempre que deriven de omisiones vinculadas a asuntos urgentes para los Centros de Justicia, el Centro Nacional de Justicia Especializado y los Juzgados de Distrito competentes.<\/li>\n\n\n\n<li>Recursos de apelaci\u00f3n seg\u00fan los art\u00edculos 284 y 303, quinto p\u00e1rrafo del mismo C\u00f3digo.<\/li>\n<\/ul>\n\n\n\n<p><strong>Casos en Materia Civil<\/strong><\/p>\n\n\n\n<ul class=\"wp-block-list\">\n<li>Medidas cautelares, precautorias o de protecci\u00f3n en casos de violencia intrafamiliar y contra las mujeres.<\/li>\n\n\n\n<li>Determinaciones sobre pensiones alimenticias corrientes.<\/li>\n\n\n\n<li>Amparo que afecten el inter\u00e9s superior de menores de edad.<\/li>\n<\/ul>\n\n\n\n<p><strong>Otros Asuntos Urgentes<\/strong><\/p>\n\n\n\n<ul class=\"wp-block-list\">\n<li>La resoluci\u00f3n de conflictos competenciales que se susciten por actos urgentes.<\/li>\n\n\n\n<li>Implementaci\u00f3n de la declaratoria.<\/li>\n\n\n\n<li>Comunicaci\u00f3n y difusi\u00f3n.<\/li>\n\n\n\n<li><strong><em>Con informaci\u00f3n de INFOBAE<\/em><\/strong><\/li>\n<\/ul>\n","protected":false},"excerpt":{"rendered":"<p>En un hecho in\u00e9dito en M\u00e9xico, a las 0:00 horas del mi\u00e9rcoles 21 de agosto<\/p>\n","protected":false},"author":1,"featured_media":11050,"comment_status":"open","ping_status":"open","sticky":false,"template":"","format":"standard","meta":{"om_disable_all_campaigns":false,"_monsterinsights_skip_tracking":false,"_monsterinsights_sitenote_active":false,"_monsterinsights_sitenote_note":"","_monsterinsights_sitenote_category":0,"_jetpack_memberships_contains_paid_content":false,"footnotes":"","jetpack_publicize_message":"","jetpack_publicize_feature_enabled":true,"jetpack_social_post_already_shared":false,"jetpack_social_options":{"image_generator_settings":{"template":"highway","enabled":false},"version":2}},"categories":[5],"tags":[],"class_list":["post-11049","post","type-post","status-publish","format-standard","has-post-thumbnail","hentry","category-nacional"],"jetpack_publicize_connections":[],"aioseo_notices":[],"jetpack_featured_media_url":"https:\/\/samanoticiasdurango.com\/wp-content\/uploads\/WEB.jpg","featured_image_urls":{"full":["https:\/\/samanoticiasdurango.com\/wp-content\/uploads\/WEB.jpg",826,466,false],"thumbnail":["https:\/\/samanoticiasdurango.com\/wp-content\/uploads\/WEB-150x150.jpg",150,150,true],"medium":["https:\/\/samanoticiasdurango.com\/wp-content\/uploads\/WEB-300x169.jpg",300,169,true],"medium_large":["https:\/\/samanoticiasdurango.com\/wp-content\/uploads\/WEB-768x433.jpg",640,361,true],"large":["https:\/\/samanoticiasdurango.com\/wp-content\/uploads\/WEB.jpg",640,361,false],"1536x1536":["https:\/\/samanoticiasdurango.com\/wp-content\/uploads\/WEB.jpg",826,466,false],"2048x2048":["https:\/\/samanoticiasdurango.com\/wp-content\/uploads\/WEB.jpg",826,466,false],"chromenews-featured":["https:\/\/samanoticiasdurango.com\/wp-content\/uploads\/WEB.jpg",826,466,false],"chromenews-large":["https:\/\/samanoticiasdurango.com\/wp-content\/uploads\/WEB.jpg",825,465,false],"chromenews-medium":["https:\/\/samanoticiasdurango.com\/wp-content\/uploads\/WEB-590x410.jpg",590,410,true]},"author_info":{"display_name":"Redacci\u00f3n","author_link":"https:\/\/samanoticiasdurango.com\/index.php\/author\/jjsama13gmail-com\/"},"category_info":"<a href=\"https:\/\/samanoticiasdurango.com\/index.php\/category\/nacional\/\" rel=\"category tag\">NACIONAL<\/a>","tag_info":"NACIONAL","comment_count":"0","jetpack_sharing_enabled":true,"_links":{"self":[{"href":"https:\/\/samanoticiasdurango.com\/index.php\/wp-json\/wp\/v2\/posts\/11049","targetHints":{"allow":["GET"]}}],"collection":[{"href":"https:\/\/samanoticiasdurango.com\/index.php\/wp-json\/wp\/v2\/posts"}],"about":[{"href":"https:\/\/samanoticiasdurango.com\/index.php\/wp-json\/wp\/v2\/types\/post"}],"author":[{"embeddable":true,"href":"https:\/\/samanoticiasdurango.com\/index.php\/wp-json\/wp\/v2\/users\/1"}],"replies":[{"embeddable":true,"href":"https:\/\/samanoticiasdurango.com\/index.php\/wp-json\/wp\/v2\/comments?post=11049"}],"version-history":[{"count":1,"href":"https:\/\/samanoticiasdurango.com\/index.php\/wp-json\/wp\/v2\/posts\/11049\/revisions"}],"predecessor-version":[{"id":11051,"href":"https:\/\/samanoticiasdurango.com\/index.php\/wp-json\/wp\/v2\/posts\/11049\/revisions\/11051"}],"wp:featuredmedia":[{"embeddable":true,"href":"https:\/\/samanoticiasdurango.com\/index.php\/wp-json\/wp\/v2\/media\/11050"}],"wp:attachment":[{"href":"https:\/\/samanoticiasdurango.com\/index.php\/wp-json\/wp\/v2\/media?parent=11049"}],"wp:term":[{"taxonomy":"category","embeddable":true,"href":"https:\/\/samanoticiasdurango.com\/index.php\/wp-json\/wp\/v2\/categories?post=11049"},{"taxonomy":"post_tag","embeddable":true,"href":"https:\/\/samanoticiasdurango.com\/index.php\/wp-json\/wp\/v2\/tags?post=11049"}],"curies":[{"name":"wp","href":"https:\/\/api.w.org\/{rel}","templated":true}]}}