{"id":11099,"date":"2024-08-25T01:27:49","date_gmt":"2024-08-25T01:27:49","guid":{"rendered":"http:\/\/samanoticiasdurango.com\/?p=11099"},"modified":"2024-08-25T01:27:50","modified_gmt":"2024-08-25T01:27:50","slug":"megadecomiso-de-cocaina-en-chiapas-incautan-204-kilos-en-domicilio-de-tuxtla-gutierrez","status":"publish","type":"post","link":"https:\/\/samanoticiasdurango.com\/index.php\/2024\/08\/25\/megadecomiso-de-cocaina-en-chiapas-incautan-204-kilos-en-domicilio-de-tuxtla-gutierrez\/","title":{"rendered":"Megadecomiso de coca\u00edna en Chiapas: incautan 204 kilos en domicilio de Tuxtla Guti\u00e9rrez"},"content":{"rendered":"\n<p>Autoridades ministeriales federales realizaron un importante decomiso de 204 kilos de&nbsp;<strong>coca\u00edna<\/strong>&nbsp;en el estado de&nbsp;<strong>Chiapas<\/strong>.<\/p>\n\n\n\n<p>Elementos de la Polic\u00eda Federal Ministerial (PFM), de la Agencia de Investigaci\u00f3n Criminal (AIC), con el apoyo de la Secretar\u00eda de la Defensa Nacional (Sedena), cumplimentaron una orden de cateo en un inmueble ubicado en el municipio de&nbsp;<a rel=\"noreferrer noopener\" href=\"https:\/\/www.infobae.com\/mexico\/2024\/08\/22\/en-chiapas-no-hay-condiciones-para-las-elecciones-extraordinarias-debido-a-la-violencia-advierten-obispos\/\" target=\"_blank\"><strong>Tuxtla Guti\u00e9rrez<\/strong><\/a>.<\/p>\n\n\n\n<p>En este lugar, los agentes de la Fiscal\u00eda Federal de Chiapas, de la Fiscal\u00eda General de la Rep\u00fablica (FGR), decomisaron 164 envoltorios rectangulares con coca\u00edna, as\u00ed como nueve veh\u00edculos.<\/p>\n\n\n\n<p>El Ministerio P\u00fablico de la Federaci\u00f3n (MPF) detall\u00f3 en un comunicado que al realizar maniobras con uno de los veh\u00edculos para su traslado, los agentes federales encontraron en un compartimiento especial 40 paquetes m\u00e1s de ese narc\u00f3tico.<\/p>\n\n\n\n<p><img loading=\"lazy\" decoding=\"async\" alt=\"40 paquetes fueron hallados en un compartimiento oculto de una camioneta. Foto: FGR\" height=\"1080\" width=\"1920\" class=\"\" src=\"https:\/\/www.infobae.com\/new-resizer\/Ft5VWAtm1PTpaLDaN53nDbONG54=\/420x236\/filters:format(webp):quality(85)\/cloudfront-us-east-1.images.arcpublishing.com\/infobae\/YP5M23NSKNALVLTFAUM2GKP6PA.jpg%20420w\" srcset=\"https:\/\/www.infobae.com\/new-resizer\/Ft5VWAtm1PTpaLDaN53nDbONG54=\/420x236\/filters:format(webp):quality(85)\/cloudfront-us-east-1.images.arcpublishing.com\/infobae\/YP5M23NSKNALVLTFAUM2GKP6PA.jpg 420w,https:\/\/www.infobae.com\/new-resizer\/tGm3eMOs8UpMQZ0J0WX9SNx6AxQ=\/768x432\/filters:format(webp):quality(85)\/cloudfront-us-east-1.images.arcpublishing.com\/infobae\/YP5M23NSKNALVLTFAUM2GKP6PA.jpg 768w,https:\/\/www.infobae.com\/new-resizer\/KHhXcTZzFUBzZ5XOUdNSekSGxys=\/992x558\/filters:format(webp):quality(85)\/cloudfront-us-east-1.images.arcpublishing.com\/infobae\/YP5M23NSKNALVLTFAUM2GKP6PA.jpg 992w,https:\/\/www.infobae.com\/new-resizer\/N1LonEDat2nE3rxhLfwYKBB3O6Q=\/1200x675\/filters:format(webp):quality(85)\/cloudfront-us-east-1.images.arcpublishing.com\/infobae\/YP5M23NSKNALVLTFAUM2GKP6PA.jpg 1200w,https:\/\/www.infobae.com\/new-resizer\/uR2cgVx_4H_gA28NdWdWbARLunc=\/1440x810\/filters:format(webp):quality(85)\/cloudfront-us-east-1.images.arcpublishing.com\/infobae\/YP5M23NSKNALVLTFAUM2GKP6PA.jpg 1440w\">40 paquetes fueron hallados en un compartimiento oculto de una camioneta. Foto: FGR<\/p>\n\n\n\n<p>En total se localizaron un total de 204 paquetes con un peso de 204 kilos, as\u00ed como diversa documentaci\u00f3n de Ignacio D\u00edaz Cruz, sujeto que fue detenido en el lugar y al cual se le abri\u00f3 una carpeta de investigaci\u00f3n por su probable responsabilidad en el delito de contra la salud en la modalidad de posesi\u00f3n de narc\u00f3tico con fines de comercio.<\/p>\n\n\n\n<p>El detenido, la droga, los veh\u00edculos y el inmueble fueron puestos a disposici\u00f3n del MPF de la FGR, quien contin\u00faa con la integraci\u00f3n de la carpeta de investigaci\u00f3n por el delito referido. Cabe se\u00f1alar que el cateo se hizo tras la solicitud de una orden que fue autorizada por el Juez de Control del Centro de Justicia Penal Federal.<\/p>\n\n\n\n<p><img loading=\"lazy\" decoding=\"async\" alt=\"Un juez determin\u00f3 un plazo de cuatro meses de investigaci\u00f3n en el caso \n(Foto: FGR)\" height=\"728\" width=\"954\" class=\"\" src=\"https:\/\/www.infobae.com\/new-resizer\/ndQTCRqpSMuZR7_dFzcZ8PHzL7A=\/420x315\/filters:format(webp):quality(85)\/cloudfront-us-east-1.images.arcpublishing.com\/infobae\/GAVZUY5OBFCKZFTOGEGCJH5XDE.jpg%20420w\" srcset=\"https:\/\/www.infobae.com\/new-resizer\/ndQTCRqpSMuZR7_dFzcZ8PHzL7A=\/420x315\/filters:format(webp):quality(85)\/cloudfront-us-east-1.images.arcpublishing.com\/infobae\/GAVZUY5OBFCKZFTOGEGCJH5XDE.jpg 420w,https:\/\/www.infobae.com\/new-resizer\/YQURtL2J_030BPeg0QmUVJlX7dU=\/768x576\/filters:format(webp):quality(85)\/cloudfront-us-east-1.images.arcpublishing.com\/infobae\/GAVZUY5OBFCKZFTOGEGCJH5XDE.jpg 768w,https:\/\/www.infobae.com\/new-resizer\/k0Kf3qM_KZj-gD_3BtgaGV2YOGY=\/992x744\/filters:format(webp):quality(85)\/cloudfront-us-east-1.images.arcpublishing.com\/infobae\/GAVZUY5OBFCKZFTOGEGCJH5XDE.jpg 992w,https:\/\/www.infobae.com\/new-resizer\/ixpwjtLVctLV-f2IBhfktuO94co=\/1200x900\/filters:format(webp):quality(85)\/cloudfront-us-east-1.images.arcpublishing.com\/infobae\/GAVZUY5OBFCKZFTOGEGCJH5XDE.jpg 1200w,https:\/\/www.infobae.com\/new-resizer\/0XCF0CKO1ooAJAevVYOxf-lTh7A=\/1440x1080\/filters:format(webp):quality(85)\/cloudfront-us-east-1.images.arcpublishing.com\/infobae\/GAVZUY5OBFCKZFTOGEGCJH5XDE.jpg 1440w\">Un juez determin\u00f3 un plazo de cuatro meses de investigaci\u00f3n en el caso (Foto: FGR)<\/p>\n\n\n\n<p>La autoridad ministerial no detall\u00f3 qu\u00e9 d\u00eda fue el cateo y tampoco aclar\u00f3 qu\u00e9 estaba investigando en el lugar. Hasta el momento de esta nota no se sabe a qu\u00e9&nbsp;<a rel=\"noreferrer noopener\" href=\"https:\/\/www.infobae.com\/mexico\/2024\/08\/20\/caen-21-sujetos-ligados-al-cartel-de-sinaloa-en-chiapas-con-casi-30-armas-fueron-vinculados-a-proceso\/\" target=\"_blank\">grupo<\/a>&nbsp;pertenece la droga.<\/p>\n\n\n\n<p>Este decomiso se hizo a unos d\u00edas que 21 integrantes del&nbsp;<strong>C\u00e1rtel de Sinaloa&nbsp;<\/strong>fueran detenidos y vinculados a proceso por una autoridad judicial.<\/p>\n\n\n\n<p>De acuerdo con la autoridad ministerial, estos sujetos transportaban 29 armas de fuego y fueron capturadas por miembros de la Secretar\u00eda de la Defensa Nacional (Sedena) en el municipio&nbsp;<strong>Tuzant\u00e1n<\/strong>, ubicado al sur de la entidad.<\/p>\n\n\n\n<p><img loading=\"lazy\" decoding=\"async\" alt=\"(Foto: FGR)\" height=\"1080\" width=\"2316\" class=\"\" src=\"https:\/\/www.infobae.com\/new-resizer\/EUgIDkfH8kkTN0jmkrrBITx8kSI=\/420x187\/filters:format(webp):quality(85)\/cloudfront-us-east-1.images.arcpublishing.com\/infobae\/XWY7IQPRBBCEXNC2AIZOHRTN6Q.jpg%20420w\" srcset=\"https:\/\/www.infobae.com\/new-resizer\/EUgIDkfH8kkTN0jmkrrBITx8kSI=\/420x187\/filters:format(webp):quality(85)\/cloudfront-us-east-1.images.arcpublishing.com\/infobae\/XWY7IQPRBBCEXNC2AIZOHRTN6Q.jpg 420w,https:\/\/www.infobae.com\/new-resizer\/15TwZyAdI7534pY7smJIVpJg5Wk=\/768x341\/filters:format(webp):quality(85)\/cloudfront-us-east-1.images.arcpublishing.com\/infobae\/XWY7IQPRBBCEXNC2AIZOHRTN6Q.jpg 768w,https:\/\/www.infobae.com\/new-resizer\/TCShboY74otbsY2C0OiShEPqLzM=\/992x441\/filters:format(webp):quality(85)\/cloudfront-us-east-1.images.arcpublishing.com\/infobae\/XWY7IQPRBBCEXNC2AIZOHRTN6Q.jpg 992w,https:\/\/www.infobae.com\/new-resizer\/w8pdu9quwAfz8yVgQrySOq4PnbM=\/1200x533\/filters:format(webp):quality(85)\/cloudfront-us-east-1.images.arcpublishing.com\/infobae\/XWY7IQPRBBCEXNC2AIZOHRTN6Q.jpg 1200w\">(Foto: FGR)<\/p>\n\n\n\n<p>Los uniformados llegaron a la&nbsp;<strong>carretera Huixtla-Tapachula<\/strong>&nbsp;luego de ser alertados por la presencia de personas armadas en la zona.<\/p>\n\n\n\n<p>La FGR inform\u00f3 el lunes 19 de agosto sobre el arresto de los sujetos que estaban investigados por su posible relaci\u00f3n en los delitos de acopio de armas de fuego, posesi\u00f3n de cargadores y cartuchos de uso exclusivo de las autoridades y delitos contra la salud.<\/p>\n\n\n\n<p>Los sujetos fueron identificados como Juan \u201cL\u201d, Carlos \u201cL\u201d, Jos\u00e9 \u201cE\u201d, Marcos \u201cS\u201d, N\u00e9stor \u201cG\u201d, Erick \u201cN\u201d, Carlos \u201cP\u201d, Kevin \u201cC\u201d, Cristian \u201cA\u201d, Benigno \u201cU\u201d, Carlos \u201cH\u201d, Heriberto \u201cL\u201d, Fernando \u201cE\u201d, Enrique \u201cZ\u201d, Mario \u201cR\u201d, David \u201cG\u201d, Josu\u00e9 \u201cM\u201d. Mientras que otras cuatro personas identificadas como Esbin \u201cC\u201d, Nelson \u201cC\u201d, C\u00e9sar \u201cC\u201d y Mart\u00edn \u201cT\u201d son personas originarias de\u00a0<strong>Guatemala<\/strong>.<\/p>\n\n\n\n<p><strong><em>Con informaci\u00f3n de INFOBAE<\/em><\/strong><\/p>\n","protected":false},"excerpt":{"rendered":"<p>Autoridades ministeriales federales realizaron un importante decomiso de 204 kilos de&nbsp;coca\u00edna&nbsp;en el estado de&nbsp;Chiapas. Elementos<\/p>\n","protected":false},"author":1,"featured_media":11100,"comment_status":"open","ping_status":"open","sticky":false,"template":"","format":"standard","meta":{"om_disable_all_campaigns":false,"_monsterinsights_skip_tracking":false,"_monsterinsights_sitenote_active":false,"_monsterinsights_sitenote_note":"","_monsterinsights_sitenote_category":0,"_jetpack_memberships_contains_paid_content":false,"footnotes":"","jetpack_publicize_message":"","jetpack_publicize_feature_enabled":true,"jetpack_social_post_already_shared":false,"jetpack_social_options":{"image_generator_settings":{"template":"highway","enabled":false},"version":2}},"categories":[5],"tags":[],"class_list":["post-11099","post","type-post","status-publish","format-standard","has-post-thumbnail","hentry","category-nacional"],"jetpack_publicize_connections":[],"aioseo_notices":[],"jetpack_featured_media_url":"https:\/\/samanoticiasdurango.com\/wp-content\/uploads\/WEB.00_00_02_15.Imagen-fija002.jpg","featured_image_urls":{"full":["https:\/\/samanoticiasdurango.com\/wp-content\/uploads\/WEB.00_00_02_15.Imagen-fija002.jpg",828,466,false],"thumbnail":["https:\/\/samanoticiasdurango.com\/wp-content\/uploads\/WEB.00_00_02_15.Imagen-fija002-150x150.jpg",150,150,true],"medium":["https:\/\/samanoticiasdurango.com\/wp-content\/uploads\/WEB.00_00_02_15.Imagen-fija002-300x169.jpg",300,169,true],"medium_large":["https:\/\/samanoticiasdurango.com\/wp-content\/uploads\/WEB.00_00_02_15.Imagen-fija002-768x432.jpg",640,360,true],"large":["https:\/\/samanoticiasdurango.com\/wp-content\/uploads\/WEB.00_00_02_15.Imagen-fija002.jpg",640,360,false],"1536x1536":["https:\/\/samanoticiasdurango.com\/wp-content\/uploads\/WEB.00_00_02_15.Imagen-fija002.jpg",828,466,false],"2048x2048":["https:\/\/samanoticiasdurango.com\/wp-content\/uploads\/WEB.00_00_02_15.Imagen-fija002.jpg",828,466,false],"chromenews-featured":["https:\/\/samanoticiasdurango.com\/wp-content\/uploads\/WEB.00_00_02_15.Imagen-fija002.jpg",828,466,false],"chromenews-large":["https:\/\/samanoticiasdurango.com\/wp-content\/uploads\/WEB.00_00_02_15.Imagen-fija002-825x466.jpg",825,466,true],"chromenews-medium":["https:\/\/samanoticiasdurango.com\/wp-content\/uploads\/WEB.00_00_02_15.Imagen-fija002-590x410.jpg",590,410,true]},"author_info":{"display_name":"Redacci\u00f3n","author_link":"https:\/\/samanoticiasdurango.com\/index.php\/author\/jjsama13gmail-com\/"},"category_info":"<a href=\"https:\/\/samanoticiasdurango.com\/index.php\/category\/nacional\/\" rel=\"category tag\">NACIONAL<\/a>","tag_info":"NACIONAL","comment_count":"0","jetpack_sharing_enabled":true,"_links":{"self":[{"href":"https:\/\/samanoticiasdurango.com\/index.php\/wp-json\/wp\/v2\/posts\/11099","targetHints":{"allow":["GET"]}}],"collection":[{"href":"https:\/\/samanoticiasdurango.com\/index.php\/wp-json\/wp\/v2\/posts"}],"about":[{"href":"https:\/\/samanoticiasdurango.com\/index.php\/wp-json\/wp\/v2\/types\/post"}],"author":[{"embeddable":true,"href":"https:\/\/samanoticiasdurango.com\/index.php\/wp-json\/wp\/v2\/users\/1"}],"replies":[{"embeddable":true,"href":"https:\/\/samanoticiasdurango.com\/index.php\/wp-json\/wp\/v2\/comments?post=11099"}],"version-history":[{"count":1,"href":"https:\/\/samanoticiasdurango.com\/index.php\/wp-json\/wp\/v2\/posts\/11099\/revisions"}],"predecessor-version":[{"id":11101,"href":"https:\/\/samanoticiasdurango.com\/index.php\/wp-json\/wp\/v2\/posts\/11099\/revisions\/11101"}],"wp:featuredmedia":[{"embeddable":true,"href":"https:\/\/samanoticiasdurango.com\/index.php\/wp-json\/wp\/v2\/media\/11100"}],"wp:attachment":[{"href":"https:\/\/samanoticiasdurango.com\/index.php\/wp-json\/wp\/v2\/media?parent=11099"}],"wp:term":[{"taxonomy":"category","embeddable":true,"href":"https:\/\/samanoticiasdurango.com\/index.php\/wp-json\/wp\/v2\/categories?post=11099"},{"taxonomy":"post_tag","embeddable":true,"href":"https:\/\/samanoticiasdurango.com\/index.php\/wp-json\/wp\/v2\/tags?post=11099"}],"curies":[{"name":"wp","href":"https:\/\/api.w.org\/{rel}","templated":true}]}}