{"id":11157,"date":"2024-08-31T20:55:03","date_gmt":"2024-08-31T20:55:03","guid":{"rendered":"http:\/\/samanoticiasdurango.com\/?p=11157"},"modified":"2024-08-31T20:55:04","modified_gmt":"2024-08-31T20:55:04","slug":"se-integra-septuagesima-legislatura-con-12-diputadas-y-13-legisladores","status":"publish","type":"post","link":"https:\/\/samanoticiasdurango.com\/index.php\/2024\/08\/31\/se-integra-septuagesima-legislatura-con-12-diputadas-y-13-legisladores\/","title":{"rendered":"Se integra Septuag\u00e9sima Legislatura con 12 diputadas y 13 legisladores"},"content":{"rendered":"\n<p>En la junta preparatoria final del Congreso de Estado, las y los 25 diputados que conforman la Septuag\u00e9sima Legislatura rindieron la protesta de ley para el periodo 2024-2027, como lo establecen la Constituci\u00f3n Pol\u00edtica del Estado y la Ley Org\u00e1nica del Congreso del Estado.<\/p>\n\n\n\n<p>En esta ocasi\u00f3n, el Poder Legislativo estar\u00e1 integrado por 12 diputadas y 13 legisladores.<br>Tras pasar lista de asistencia y verificar el qu\u00f3rum, se someti\u00f3 a consideraci\u00f3n la propuesta presentada por el diputado Fernando Rocha Amaro para integrar la Mesa Directiva que fungir\u00e1 durante el Primer A\u00f1o de Ejercicio Constitucional, que comprende del 01 de septiembre del 2024 al 31 de agosto del 2025.<br>Al avalar por unanimidad, este \u00f3rgano de gobierno lo presidir\u00e1 Roc\u00edo Rebollo Mendoza, vicepresidenta Sughey Torres Rodr\u00edguez, como secretarios propietarios Octavio Ulises Adame de la Fuente y Ver\u00f3nica Gonz\u00e1lez Olgu\u00edn; quienes fueron los primeros en tomar la protesta de ley. Como secretarias suplentes quedaron Delia Leticia Enr\u00edquez Arriaga y Gabriela V\u00e1zquez Chac\u00f3n.<br>Posteriormente, se procedi\u00f3 a la toma de protesta de los diputados por mayor\u00eda relativa: Alejandro Mojica Sughey Torres, Noel Fern\u00e1ndez, Daniela Soto, Fernando Rocha, Gabriela V\u00e1zquez, H\u00e9ctor Herrera, Sandra Lilia Amaya, Georgina Solorio, Alejandro Mata, Nadia Monserrat Mil\u00e1n, Flora Leal, Jos\u00e9 Osvaldo Santill\u00e1n, e Iv\u00e1n Soto.<\/p>\n\n\n\n<p>Despu\u00e9s se dio paso a las y los legisladores de representaci\u00f3n proporcional: Ver\u00f3nica Gonz\u00e1lez, C\u00e9sar Rivas, Susy Torrecillas, Ernesto Alan\u00eds Herrera, Mart\u00edn Vivanco, Otniel Garc\u00eda Navarro, Bernab\u00e9 Aguilar Carrillo, Delia Leticia Enr\u00edquez Arriaga, y Cinthia Monserrat Hern\u00e1ndez Qui\u00f1ones.<\/p>\n\n\n\n<p>Finalmente, se convoc\u00f3 a los integrantes de la Septuag\u00e9sima Legislatura a la sesi\u00f3n de apertura e instalaci\u00f3n del Primer Periodo Ordinario de Sesiones que se llevar\u00e1 cabo este domingo a las 11:00 horas.<\/p>\n","protected":false},"excerpt":{"rendered":"<p>En la junta preparatoria final del Congreso de Estado, las y los 25 diputados que<\/p>\n","protected":false},"author":1,"featured_media":11158,"comment_status":"open","ping_status":"open","sticky":false,"template":"","format":"standard","meta":{"om_disable_all_campaigns":false,"_monsterinsights_skip_tracking":false,"_monsterinsights_sitenote_active":false,"_monsterinsights_sitenote_note":"","_monsterinsights_sitenote_category":0,"_jetpack_memberships_contains_paid_content":false,"footnotes":"","jetpack_publicize_message":"","jetpack_publicize_feature_enabled":true,"jetpack_social_post_already_shared":false,"jetpack_social_options":{"image_generator_settings":{"template":"highway","enabled":false},"version":2}},"categories":[1],"tags":[],"class_list":["post-11157","post","type-post","status-publish","format-standard","has-post-thumbnail","hentry","category-archivo"],"jetpack_publicize_connections":[],"aioseo_notices":[],"jetpack_featured_media_url":"https:\/\/samanoticiasdurango.com\/wp-content\/uploads\/WEB.00_00_01_24.Imagen-fija001.jpg","featured_image_urls":{"full":["https:\/\/samanoticiasdurango.com\/wp-content\/uploads\/WEB.00_00_01_24.Imagen-fija001.jpg",828,466,false],"thumbnail":["https:\/\/samanoticiasdurango.com\/wp-content\/uploads\/WEB.00_00_01_24.Imagen-fija001-150x150.jpg",150,150,true],"medium":["https:\/\/samanoticiasdurango.com\/wp-content\/uploads\/WEB.00_00_01_24.Imagen-fija001-300x169.jpg",300,169,true],"medium_large":["https:\/\/samanoticiasdurango.com\/wp-content\/uploads\/WEB.00_00_01_24.Imagen-fija001-768x432.jpg",640,360,true],"large":["https:\/\/samanoticiasdurango.com\/wp-content\/uploads\/WEB.00_00_01_24.Imagen-fija001.jpg",640,360,false],"1536x1536":["https:\/\/samanoticiasdurango.com\/wp-content\/uploads\/WEB.00_00_01_24.Imagen-fija001.jpg",828,466,false],"2048x2048":["https:\/\/samanoticiasdurango.com\/wp-content\/uploads\/WEB.00_00_01_24.Imagen-fija001.jpg",828,466,false],"chromenews-featured":["https:\/\/samanoticiasdurango.com\/wp-content\/uploads\/WEB.00_00_01_24.Imagen-fija001.jpg",828,466,false],"chromenews-large":["https:\/\/samanoticiasdurango.com\/wp-content\/uploads\/WEB.00_00_01_24.Imagen-fija001-825x466.jpg",825,466,true],"chromenews-medium":["https:\/\/samanoticiasdurango.com\/wp-content\/uploads\/WEB.00_00_01_24.Imagen-fija001-590x410.jpg",590,410,true]},"author_info":{"display_name":"Redacci\u00f3n","author_link":"https:\/\/samanoticiasdurango.com\/index.php\/author\/jjsama13gmail-com\/"},"category_info":"<a href=\"https:\/\/samanoticiasdurango.com\/index.php\/category\/archivo\/\" rel=\"category tag\">DURANGO<\/a>","tag_info":"DURANGO","comment_count":"0","jetpack_sharing_enabled":true,"_links":{"self":[{"href":"https:\/\/samanoticiasdurango.com\/index.php\/wp-json\/wp\/v2\/posts\/11157","targetHints":{"allow":["GET"]}}],"collection":[{"href":"https:\/\/samanoticiasdurango.com\/index.php\/wp-json\/wp\/v2\/posts"}],"about":[{"href":"https:\/\/samanoticiasdurango.com\/index.php\/wp-json\/wp\/v2\/types\/post"}],"author":[{"embeddable":true,"href":"https:\/\/samanoticiasdurango.com\/index.php\/wp-json\/wp\/v2\/users\/1"}],"replies":[{"embeddable":true,"href":"https:\/\/samanoticiasdurango.com\/index.php\/wp-json\/wp\/v2\/comments?post=11157"}],"version-history":[{"count":1,"href":"https:\/\/samanoticiasdurango.com\/index.php\/wp-json\/wp\/v2\/posts\/11157\/revisions"}],"predecessor-version":[{"id":11159,"href":"https:\/\/samanoticiasdurango.com\/index.php\/wp-json\/wp\/v2\/posts\/11157\/revisions\/11159"}],"wp:featuredmedia":[{"embeddable":true,"href":"https:\/\/samanoticiasdurango.com\/index.php\/wp-json\/wp\/v2\/media\/11158"}],"wp:attachment":[{"href":"https:\/\/samanoticiasdurango.com\/index.php\/wp-json\/wp\/v2\/media?parent=11157"}],"wp:term":[{"taxonomy":"category","embeddable":true,"href":"https:\/\/samanoticiasdurango.com\/index.php\/wp-json\/wp\/v2\/categories?post=11157"},{"taxonomy":"post_tag","embeddable":true,"href":"https:\/\/samanoticiasdurango.com\/index.php\/wp-json\/wp\/v2\/tags?post=11157"}],"curies":[{"name":"wp","href":"https:\/\/api.w.org\/{rel}","templated":true}]}}