{"id":11252,"date":"2024-09-09T15:49:12","date_gmt":"2024-09-09T15:49:12","guid":{"rendered":"http:\/\/samanoticiasdurango.com\/?p=11252"},"modified":"2024-09-09T15:49:13","modified_gmt":"2024-09-09T15:49:13","slug":"lopez-obrador-reacciona-a-enfrentamientos-en-culiacan-hoy-9-de-septiembre-espera-que-no-sea-otro-culiacanazo","status":"publish","type":"post","link":"https:\/\/samanoticiasdurango.com\/index.php\/2024\/09\/09\/lopez-obrador-reacciona-a-enfrentamientos-en-culiacan-hoy-9-de-septiembre-espera-que-no-sea-otro-culiacanazo\/","title":{"rendered":"L\u00f3pez Obrador reacciona a enfrentamientos en Culiac\u00e1n hoy 9 de septiembre; espera que no sea otro \u2018Culiacanazo\u2019"},"content":{"rendered":"\n<p>El presidente Andr\u00e9s Manuel L\u00f3pez Obrador fue cuestionado respecto a los hechos violentos que han ocurrido en Culiac\u00e1n, Sinaloa, el m\u00e1s reciente registrado la ma\u00f1ana de este lunes en que sujetos armados y elementos de las fuerzas armados se enfrentaron, provocando temor entre la poblaci\u00f3n quienes documentaron la fuerte movilizaci\u00f3n de veh\u00edculos y de las fuerzas del orden.<\/p>\n\n\n\n<p>Al ser cuestionado sobre los hechos violentos, el mandatario federal dijo no tener informaci\u00f3n respecto a lo ocurrido. Jes\u00fas Cuevas Ram\u00edrez, coordinador general de Comunicaci\u00f3n Social de la presidencia, comparti\u00f3 informaci\u00f3n que dio a conocer Rub\u00e9n Rocha Moya, gobernador de Sinaloa, que los elementos de las fuerzas armadas fueron agredidos con armas de fuego y lesion\u00f3 a dos de ellos.<\/p>\n\n\n\n<p>En la \u00faltima actualizaci\u00f3n, Rocha Moya coment\u00f3 que como resultados de los operativos en coordinaci\u00f3n de las corporaciones de los tres \u00f3rdenes de gobierno se aseguraron 2 veh\u00edculos, los cuales se presume conduc\u00edan los agresores que lograron huir, lo mismo que armas de fuego, aunque no se reportaron detenciones.<\/p>\n","protected":false},"excerpt":{"rendered":"<p>El presidente Andr\u00e9s Manuel L\u00f3pez Obrador fue cuestionado respecto a los hechos violentos que han<\/p>\n","protected":false},"author":1,"featured_media":11253,"comment_status":"open","ping_status":"open","sticky":false,"template":"","format":"standard","meta":{"om_disable_all_campaigns":false,"_monsterinsights_skip_tracking":false,"_monsterinsights_sitenote_active":false,"_monsterinsights_sitenote_note":"","_monsterinsights_sitenote_category":0,"_jetpack_memberships_contains_paid_content":false,"footnotes":"","jetpack_publicize_message":"","jetpack_publicize_feature_enabled":true,"jetpack_social_post_already_shared":false,"jetpack_social_options":{"image_generator_settings":{"template":"highway","enabled":false},"version":2}},"categories":[5],"tags":[],"class_list":["post-11252","post","type-post","status-publish","format-standard","has-post-thumbnail","hentry","category-nacional"],"jetpack_publicize_connections":[],"aioseo_notices":[],"jetpack_featured_media_url":"https:\/\/samanoticiasdurango.com\/wp-content\/uploads\/WEB.00_00_02_00.Imagen-fija007.jpg","featured_image_urls":{"full":["https:\/\/samanoticiasdurango.com\/wp-content\/uploads\/WEB.00_00_02_00.Imagen-fija007.jpg",828,466,false],"thumbnail":["https:\/\/samanoticiasdurango.com\/wp-content\/uploads\/WEB.00_00_02_00.Imagen-fija007-150x150.jpg",150,150,true],"medium":["https:\/\/samanoticiasdurango.com\/wp-content\/uploads\/WEB.00_00_02_00.Imagen-fija007-300x169.jpg",300,169,true],"medium_large":["https:\/\/samanoticiasdurango.com\/wp-content\/uploads\/WEB.00_00_02_00.Imagen-fija007-768x432.jpg",640,360,true],"large":["https:\/\/samanoticiasdurango.com\/wp-content\/uploads\/WEB.00_00_02_00.Imagen-fija007.jpg",640,360,false],"1536x1536":["https:\/\/samanoticiasdurango.com\/wp-content\/uploads\/WEB.00_00_02_00.Imagen-fija007.jpg",828,466,false],"2048x2048":["https:\/\/samanoticiasdurango.com\/wp-content\/uploads\/WEB.00_00_02_00.Imagen-fija007.jpg",828,466,false],"chromenews-featured":["https:\/\/samanoticiasdurango.com\/wp-content\/uploads\/WEB.00_00_02_00.Imagen-fija007.jpg",828,466,false],"chromenews-large":["https:\/\/samanoticiasdurango.com\/wp-content\/uploads\/WEB.00_00_02_00.Imagen-fija007-825x466.jpg",825,466,true],"chromenews-medium":["https:\/\/samanoticiasdurango.com\/wp-content\/uploads\/WEB.00_00_02_00.Imagen-fija007-590x410.jpg",590,410,true]},"author_info":{"display_name":"Redacci\u00f3n","author_link":"https:\/\/samanoticiasdurango.com\/index.php\/author\/jjsama13gmail-com\/"},"category_info":"<a href=\"https:\/\/samanoticiasdurango.com\/index.php\/category\/nacional\/\" rel=\"category tag\">NACIONAL<\/a>","tag_info":"NACIONAL","comment_count":"0","jetpack_sharing_enabled":true,"_links":{"self":[{"href":"https:\/\/samanoticiasdurango.com\/index.php\/wp-json\/wp\/v2\/posts\/11252","targetHints":{"allow":["GET"]}}],"collection":[{"href":"https:\/\/samanoticiasdurango.com\/index.php\/wp-json\/wp\/v2\/posts"}],"about":[{"href":"https:\/\/samanoticiasdurango.com\/index.php\/wp-json\/wp\/v2\/types\/post"}],"author":[{"embeddable":true,"href":"https:\/\/samanoticiasdurango.com\/index.php\/wp-json\/wp\/v2\/users\/1"}],"replies":[{"embeddable":true,"href":"https:\/\/samanoticiasdurango.com\/index.php\/wp-json\/wp\/v2\/comments?post=11252"}],"version-history":[{"count":1,"href":"https:\/\/samanoticiasdurango.com\/index.php\/wp-json\/wp\/v2\/posts\/11252\/revisions"}],"predecessor-version":[{"id":11254,"href":"https:\/\/samanoticiasdurango.com\/index.php\/wp-json\/wp\/v2\/posts\/11252\/revisions\/11254"}],"wp:featuredmedia":[{"embeddable":true,"href":"https:\/\/samanoticiasdurango.com\/index.php\/wp-json\/wp\/v2\/media\/11253"}],"wp:attachment":[{"href":"https:\/\/samanoticiasdurango.com\/index.php\/wp-json\/wp\/v2\/media?parent=11252"}],"wp:term":[{"taxonomy":"category","embeddable":true,"href":"https:\/\/samanoticiasdurango.com\/index.php\/wp-json\/wp\/v2\/categories?post=11252"},{"taxonomy":"post_tag","embeddable":true,"href":"https:\/\/samanoticiasdurango.com\/index.php\/wp-json\/wp\/v2\/tags?post=11252"}],"curies":[{"name":"wp","href":"https:\/\/api.w.org\/{rel}","templated":true}]}}