{"id":11256,"date":"2024-09-10T05:21:03","date_gmt":"2024-09-10T05:21:03","guid":{"rendered":"http:\/\/samanoticiasdurango.com\/?p=11256"},"modified":"2024-09-10T05:21:04","modified_gmt":"2024-09-10T05:21:04","slug":"atiende-municipio-el-centro-como-zona-estrategica-para-pavimentacion","status":"publish","type":"post","link":"https:\/\/samanoticiasdurango.com\/index.php\/2024\/09\/10\/atiende-municipio-el-centro-como-zona-estrategica-para-pavimentacion\/","title":{"rendered":"Atiende municipio el centro como zona estrat\u00e9gica para pavimentaci\u00f3n."},"content":{"rendered":"\n<p>La accesibilidad y conectividad son factores clave en Durango, la casa de todos. Por esta raz\u00f3n, el Gobierno Municipal que encabeza To\u00f1o Ochoa trabaja diariamente en mejorar las calles para el beneficio de la gran familia duranguense, elevando la calidad de vida de quienes transitan por la ciudad.<\/p>\n\n\n\n<p>A trav\u00e9s de la Direcci\u00f3n Municipal de Obras P\u00fablicas, se atiende esta necesidad prioritaria con esfuerzo y dedicaci\u00f3n. Gracias a este trabajo, se ha avanzado en 862 mil m\u00b2 de pavimentaci\u00f3n en diversas \u00e1reas del municipio, incluyendo el primer cuadro de la ciudad.<\/p>\n\n\n\n<p>Tras la reciente entrega de calles en el &#8220;marat\u00f3n&#8221; de pavimentaci\u00f3n, Adolfo Valles, vecino de las colonias Tierra Blanca y Analco, destac\u00f3 la importancia de mejorar la conectividad en el centro. &#8220;Nos acaban de pavimentar la calle de Luna y Urrea, y la gente est\u00e1 muy contenta. Esta obra nos beneficia mucho&#8221;, coment\u00f3, resaltando tanto la pavimentaci\u00f3n completa como el constante bacheo que se realiza.<\/p>\n\n\n\n<p>\u201cTener calles dignas, a la altura de la gran familia, es una prioridad. Nos enfocamos en mejorar la ciudad para tenerla \u2018Al Mill\u00f3n\u2019 en pavimentaci\u00f3n\u201d, concluy\u00f3 To\u00f1o Ochoa, al reafirmar su compromiso de construir todos los d\u00edas un mejor Durango, con calles dignas para todas y todos.<\/p>\n","protected":false},"excerpt":{"rendered":"<p>La accesibilidad y conectividad son factores clave en Durango, la casa de todos. Por esta<\/p>\n","protected":false},"author":1,"featured_media":11257,"comment_status":"open","ping_status":"open","sticky":false,"template":"","format":"standard","meta":{"om_disable_all_campaigns":false,"_monsterinsights_skip_tracking":false,"_monsterinsights_sitenote_active":false,"_monsterinsights_sitenote_note":"","_monsterinsights_sitenote_category":0,"_jetpack_memberships_contains_paid_content":false,"footnotes":"","jetpack_publicize_message":"","jetpack_publicize_feature_enabled":true,"jetpack_social_post_already_shared":false,"jetpack_social_options":{"image_generator_settings":{"template":"highway","enabled":false},"version":2}},"categories":[1],"tags":[],"class_list":["post-11256","post","type-post","status-publish","format-standard","has-post-thumbnail","hentry","category-archivo"],"jetpack_publicize_connections":[],"aioseo_notices":[],"jetpack_featured_media_url":"https:\/\/samanoticiasdurango.com\/wp-content\/uploads\/WhatsApp-Image-2024-09-09-at-8.58.04-PM.jpeg","featured_image_urls":{"full":["https:\/\/samanoticiasdurango.com\/wp-content\/uploads\/WhatsApp-Image-2024-09-09-at-8.58.04-PM.jpeg",1280,852,false],"thumbnail":["https:\/\/samanoticiasdurango.com\/wp-content\/uploads\/WhatsApp-Image-2024-09-09-at-8.58.04-PM-150x150.jpeg",150,150,true],"medium":["https:\/\/samanoticiasdurango.com\/wp-content\/uploads\/WhatsApp-Image-2024-09-09-at-8.58.04-PM-300x200.jpeg",300,200,true],"medium_large":["https:\/\/samanoticiasdurango.com\/wp-content\/uploads\/WhatsApp-Image-2024-09-09-at-8.58.04-PM-768x511.jpeg",640,426,true],"large":["https:\/\/samanoticiasdurango.com\/wp-content\/uploads\/WhatsApp-Image-2024-09-09-at-8.58.04-PM-1024x682.jpeg",640,426,true],"1536x1536":["https:\/\/samanoticiasdurango.com\/wp-content\/uploads\/WhatsApp-Image-2024-09-09-at-8.58.04-PM.jpeg",1280,852,false],"2048x2048":["https:\/\/samanoticiasdurango.com\/wp-content\/uploads\/WhatsApp-Image-2024-09-09-at-8.58.04-PM.jpeg",1280,852,false],"chromenews-featured":["https:\/\/samanoticiasdurango.com\/wp-content\/uploads\/WhatsApp-Image-2024-09-09-at-8.58.04-PM-1024x682.jpeg",1024,682,true],"chromenews-large":["https:\/\/samanoticiasdurango.com\/wp-content\/uploads\/WhatsApp-Image-2024-09-09-at-8.58.04-PM-825x575.jpeg",825,575,true],"chromenews-medium":["https:\/\/samanoticiasdurango.com\/wp-content\/uploads\/WhatsApp-Image-2024-09-09-at-8.58.04-PM-590x410.jpeg",590,410,true]},"author_info":{"display_name":"Redacci\u00f3n","author_link":"https:\/\/samanoticiasdurango.com\/index.php\/author\/jjsama13gmail-com\/"},"category_info":"<a href=\"https:\/\/samanoticiasdurango.com\/index.php\/category\/archivo\/\" rel=\"category tag\">DURANGO<\/a>","tag_info":"DURANGO","comment_count":"0","jetpack_sharing_enabled":true,"_links":{"self":[{"href":"https:\/\/samanoticiasdurango.com\/index.php\/wp-json\/wp\/v2\/posts\/11256","targetHints":{"allow":["GET"]}}],"collection":[{"href":"https:\/\/samanoticiasdurango.com\/index.php\/wp-json\/wp\/v2\/posts"}],"about":[{"href":"https:\/\/samanoticiasdurango.com\/index.php\/wp-json\/wp\/v2\/types\/post"}],"author":[{"embeddable":true,"href":"https:\/\/samanoticiasdurango.com\/index.php\/wp-json\/wp\/v2\/users\/1"}],"replies":[{"embeddable":true,"href":"https:\/\/samanoticiasdurango.com\/index.php\/wp-json\/wp\/v2\/comments?post=11256"}],"version-history":[{"count":1,"href":"https:\/\/samanoticiasdurango.com\/index.php\/wp-json\/wp\/v2\/posts\/11256\/revisions"}],"predecessor-version":[{"id":11258,"href":"https:\/\/samanoticiasdurango.com\/index.php\/wp-json\/wp\/v2\/posts\/11256\/revisions\/11258"}],"wp:featuredmedia":[{"embeddable":true,"href":"https:\/\/samanoticiasdurango.com\/index.php\/wp-json\/wp\/v2\/media\/11257"}],"wp:attachment":[{"href":"https:\/\/samanoticiasdurango.com\/index.php\/wp-json\/wp\/v2\/media?parent=11256"}],"wp:term":[{"taxonomy":"category","embeddable":true,"href":"https:\/\/samanoticiasdurango.com\/index.php\/wp-json\/wp\/v2\/categories?post=11256"},{"taxonomy":"post_tag","embeddable":true,"href":"https:\/\/samanoticiasdurango.com\/index.php\/wp-json\/wp\/v2\/tags?post=11256"}],"curies":[{"name":"wp","href":"https:\/\/api.w.org\/{rel}","templated":true}]}}