{"id":11288,"date":"2024-09-12T03:48:02","date_gmt":"2024-09-12T03:48:02","guid":{"rendered":"http:\/\/samanoticiasdurango.com\/?p=11288"},"modified":"2024-09-12T03:48:04","modified_gmt":"2024-09-12T03:48:04","slug":"miguel-angel-yunes-marquez-y-su-padre-son-expulsados-del-pan-tras-votar-a-favor-de-la-reforma-judicial-de-amlo","status":"publish","type":"post","link":"https:\/\/samanoticiasdurango.com\/index.php\/2024\/09\/12\/miguel-angel-yunes-marquez-y-su-padre-son-expulsados-del-pan-tras-votar-a-favor-de-la-reforma-judicial-de-amlo\/","title":{"rendered":"Miguel \u00c1ngel Yunes M\u00e1rquez y su padre son expulsados del PAN tras votar a favor de la reforma judicial de AMLO"},"content":{"rendered":"\n<p><strong>Miguel \u00c1ngel Yunes M\u00e1rquez&nbsp;<\/strong>y su padre,&nbsp;<strong>Miguel \u00c1ngel Yunes Linares<\/strong>, fueron&nbsp;<strong>expulsados<\/strong>&nbsp;del Partido Acci\u00f3n Nacional (<strong>PAN<\/strong>) luego de su voto a favor de la reforma al Poder Judicial impulsada por el presidente Andr\u00e9s Manuel L\u00f3pez Obrador (<strong>AMLO<\/strong>).<\/p>\n\n\n\n<p>La expulsi\u00f3n de ambos fue confirmada por la Comisi\u00f3n Permanente Nacional, que tambi\u00e9n inform\u00f3 que fue expulsada Natividad D\u00edaz, diputada local de Oaxaca.<\/p>\n\n\n\n<p>En la sesi\u00f3n, el presidente nacional del PAN, Marko Cort\u00e9s, aprovech\u00f3 para exhortar a los Grupos Parlamentarios en los congresos locales a no ceder ante las presiones, ni dejarse cooptar o arrinconar. En cambio, les pidi\u00f3 votar en contra de la reforma al Poder Judicial.<\/p>\n\n\n\n<p>Luego de sesionar, el l\u00edder del PAN reafirm\u00f3 v\u00eda redes sociales que la comisi\u00f3n aprob\u00f3 \u201cque inicie el proceso de expulsi\u00f3n de quienes<strong>&nbsp;traicionaron al pa\u00eds con su voto<\/strong>\u201d.<\/p>\n\n\n\n<p><img loading=\"lazy\" decoding=\"async\" alt=\"Yunes M\u00e1rquez asegur\u00f3 que no dejar\u00eda que se le impusiera el sentido de su voto (Facebook\/Miguel \u00c1ngel Yunes M\u00e1rquez)\" height=\"1090\" width=\"1920\" class=\"\" src=\"https:\/\/www.infobae.com\/new-resizer\/-43jTsWHdp9A6094ZVFofnteCPc=\/420x236\/filters:format(webp):quality(85)\/cloudfront-us-east-1.images.arcpublishing.com\/infobae\/REA6CDG3TVCULIJSTYRBSYMNIA.jpg%20420w\" srcset=\"https:\/\/www.infobae.com\/new-resizer\/-43jTsWHdp9A6094ZVFofnteCPc=\/420x236\/filters:format(webp):quality(85)\/cloudfront-us-east-1.images.arcpublishing.com\/infobae\/REA6CDG3TVCULIJSTYRBSYMNIA.jpg 420w,https:\/\/www.infobae.com\/new-resizer\/KTxoa5SvnxuEvislktbuMSrVtv4=\/768x432\/filters:format(webp):quality(85)\/cloudfront-us-east-1.images.arcpublishing.com\/infobae\/REA6CDG3TVCULIJSTYRBSYMNIA.jpg 768w,https:\/\/www.infobae.com\/new-resizer\/GBCDdx5m9mggWVIT_28UC8puOOs=\/992x558\/filters:format(webp):quality(85)\/cloudfront-us-east-1.images.arcpublishing.com\/infobae\/REA6CDG3TVCULIJSTYRBSYMNIA.jpg 992w,https:\/\/www.infobae.com\/new-resizer\/D_wlH329rkUGiGlXgK8WacwmYjE=\/1200x675\/filters:format(webp):quality(85)\/cloudfront-us-east-1.images.arcpublishing.com\/infobae\/REA6CDG3TVCULIJSTYRBSYMNIA.jpg 1200w,https:\/\/www.infobae.com\/new-resizer\/HLlAA0xZ1AvyddNGK-lXbvTz6vs=\/1440x810\/filters:format(webp):quality(85)\/cloudfront-us-east-1.images.arcpublishing.com\/infobae\/REA6CDG3TVCULIJSTYRBSYMNIA.jpg 1440w\">Yunes M\u00e1rquez asegur\u00f3 que no dejar\u00eda que se le impusiera el sentido de su voto (Facebook\/Miguel \u00c1ngel Yunes M\u00e1rquez)<\/p>\n\n\n\n<p>Conviene recordar que el d\u00eda previo, Yunes M\u00e1rquez soliciti\u00f3 licencia en el Senado y fue sustituido por su padre. Sin embargo, se reintegr\u00f3 a la sesi\u00f3n en la Casona de Xicot\u00e9ncatl, a donde fueron convocados los senadores para reanudar la discusi\u00f3n de la reforma.<\/p>\n\n\n\n<p>En su discurso, el senador advirti\u00f3 que no permitir\u00eda que desde el PAN se le impusiera el sentido de su voto. Bajo ese tenor coment\u00f3: \u201cYo no estoy de acuerdo en restringir mi libertad por amenazas\u201d; momentos despu\u00e9s confirm\u00f3 que apoyar\u00eda la iniciativa.<\/p>\n\n\n\n<p>\u201cS\u00e9 que la reforma al Poder Judicial que se nos ha propuesto no es la mejor, s\u00e9 tambi\u00e9n que en las leyes secundarias tendremos la oportunidad de perfeccionarla e instrumentarla. Por eso, en la decisi\u00f3n m\u00e1s dif\u00edcil de mi vida, he determinado dar mi voto a favor del dictamen para crear un nuevo modelo de impartici\u00f3n de justicia\u201d, declar\u00f3.<\/p>\n\n\n\n<h2 class=\"wp-block-heading\">PAN por impugnaci\u00f3n de la reforma al Poder Judicial<\/h2>\n\n\n\n<p>En la misma reuni\u00f3n en que los Yunes fueron expulsados, el PAN acord\u00f3impugnar ante la Suprema Corte de Justicia de la Naci\u00f3n (<strong>SCJN<\/strong>) la reforma.<\/p>\n\n\n\n<p><img loading=\"lazy\" decoding=\"async\" alt=\"Marko Cort\u00e9s confirm\u00f3 que el PAN impugnar\u00e1 la reforma (Foto: PAN)\" height=\"1080\" width=\"1920\" class=\"\" src=\"https:\/\/www.infobae.com\/new-resizer\/cU5FZtQE5mjGBUO3X7bKhnPN44I=\/420x236\/filters:format(webp):quality(85)\/cloudfront-us-east-1.images.arcpublishing.com\/infobae\/GFDE5LGE3NEQJD3LBCZ4NLQD3U.jpg%20420w\" srcset=\"https:\/\/www.infobae.com\/new-resizer\/cU5FZtQE5mjGBUO3X7bKhnPN44I=\/420x236\/filters:format(webp):quality(85)\/cloudfront-us-east-1.images.arcpublishing.com\/infobae\/GFDE5LGE3NEQJD3LBCZ4NLQD3U.jpg 420w,https:\/\/www.infobae.com\/new-resizer\/2Pp60ubE9oXxF9FXE2O52XD3ipw=\/768x432\/filters:format(webp):quality(85)\/cloudfront-us-east-1.images.arcpublishing.com\/infobae\/GFDE5LGE3NEQJD3LBCZ4NLQD3U.jpg 768w,https:\/\/www.infobae.com\/new-resizer\/yFPPKmG_b0IvOz38iL8VdeuFE9M=\/992x558\/filters:format(webp):quality(85)\/cloudfront-us-east-1.images.arcpublishing.com\/infobae\/GFDE5LGE3NEQJD3LBCZ4NLQD3U.jpg 992w,https:\/\/www.infobae.com\/new-resizer\/xrDOeAHkEOep4vLlp1Pm39V8Btk=\/1200x675\/filters:format(webp):quality(85)\/cloudfront-us-east-1.images.arcpublishing.com\/infobae\/GFDE5LGE3NEQJD3LBCZ4NLQD3U.jpg 1200w,https:\/\/www.infobae.com\/new-resizer\/czDoF_SMkRZQEgFtFTlDLWksI5o=\/1440x810\/filters:format(webp):quality(85)\/cloudfront-us-east-1.images.arcpublishing.com\/infobae\/GFDE5LGE3NEQJD3LBCZ4NLQD3U.jpg 1440w\">Marko Cort\u00e9s confirm\u00f3 que el PAN impugnar\u00e1 la reforma (Foto: PAN)<\/p>\n\n\n\n<p>Al respecto, el PAN argument\u00f3 que durante el an\u00e1lisis y discusi\u00f3n de esta reforma se presentaron m\u00faltiples irregularidades, incluyendo la<strong>&nbsp;violaci\u00f3n de suspensiones de amparo&nbsp;<\/strong>de al menos dos juzgados federales, las cuales imped\u00edan la discusi\u00f3n y votaci\u00f3n en ese momento. Adem\u00e1s, se resalt\u00f3 que las nuevas legislaturas no tuvieron oportunidad de abrir nuevos foros y espacios para un debate profundo sobre la reforma, lo cual no permiti\u00f3 un estudio adecuado del impacto y las consecuencias de las modificaciones propuestas. Tambi\u00e9n se\u00f1alaron&nbsp;<strong>cambios irregulares de sede en ambas C\u00e1maras<\/strong>&nbsp;y la falta de certeza para la votaci\u00f3n de los diputados.<\/p>\n\n\n\n<p>Para enfrentar estos vicios legislativos, Acci\u00f3n Nacional utilizar\u00e1 diversos instrumentos jur\u00eddicos. Entre ellos est\u00e1n la acci\u00f3n de inconstitucionalidad y los juicios de amparo, los cuales buscan combatir la violaci\u00f3n de los derechos de los legisladores de conocer con tiempo, estudiar y poder analizar adecuadamente el alcance de las reformas. Tambi\u00e9n se consideran controversias constitucionales.<\/p>\n\n\n\n<p>As\u00ed lo reiter\u00f3 Marko Cort\u00e9s a trav\u00e9s de redes sociales, donde public\u00f3: \u201cEn sesi\u00f3n de la Comisi\u00f3n Permanente Nacional, decidimos impugnar ante la @SCJN el proceso de la destructiva reforma judicial que aprob\u00f3 ayer el r\u00e9gimen morenista, pero tambi\u00e9n que inicie el proceso de expulsi\u00f3n de quienes traicionaron al pa\u00eds con su voto: Miguel \u00c1ngel Yunes Linares, Miguel \u00c1ngel Yunes M\u00e1rquez y Natividad D\u00edaz. Mexico debe saber, cuenta con @AccionNacional para dar la batalla y no dejaremos de alzar la voz ante las amenazas, amedrentamiento y persecuci\u00f3n de este gobierno\u201d.<\/p>\n\n\n\n<p><strong>Con informaci\u00f3n de INFOBAE<\/strong><\/p>\n","protected":false},"excerpt":{"rendered":"<p>Miguel \u00c1ngel Yunes M\u00e1rquez&nbsp;y su padre,&nbsp;Miguel \u00c1ngel Yunes Linares, fueron&nbsp;expulsados&nbsp;del Partido Acci\u00f3n Nacional (PAN) luego<\/p>\n","protected":false},"author":1,"featured_media":11289,"comment_status":"open","ping_status":"open","sticky":false,"template":"","format":"standard","meta":{"om_disable_all_campaigns":false,"_monsterinsights_skip_tracking":false,"_monsterinsights_sitenote_active":false,"_monsterinsights_sitenote_note":"","_monsterinsights_sitenote_category":0,"_jetpack_memberships_contains_paid_content":false,"footnotes":"","jetpack_publicize_message":"","jetpack_publicize_feature_enabled":true,"jetpack_social_post_already_shared":false,"jetpack_social_options":{"image_generator_settings":{"template":"highway","enabled":false},"version":2}},"categories":[5],"tags":[],"class_list":["post-11288","post","type-post","status-publish","format-standard","has-post-thumbnail","hentry","category-nacional"],"jetpack_publicize_connections":[],"aioseo_notices":[],"jetpack_featured_media_url":"https:\/\/samanoticiasdurango.com\/wp-content\/uploads\/WEB.00_00_02_00.Imagen-fija008-2.jpg","featured_image_urls":{"full":["https:\/\/samanoticiasdurango.com\/wp-content\/uploads\/WEB.00_00_02_00.Imagen-fija008-2.jpg",828,466,false],"thumbnail":["https:\/\/samanoticiasdurango.com\/wp-content\/uploads\/WEB.00_00_02_00.Imagen-fija008-2-150x150.jpg",150,150,true],"medium":["https:\/\/samanoticiasdurango.com\/wp-content\/uploads\/WEB.00_00_02_00.Imagen-fija008-2-300x169.jpg",300,169,true],"medium_large":["https:\/\/samanoticiasdurango.com\/wp-content\/uploads\/WEB.00_00_02_00.Imagen-fija008-2-768x432.jpg",640,360,true],"large":["https:\/\/samanoticiasdurango.com\/wp-content\/uploads\/WEB.00_00_02_00.Imagen-fija008-2.jpg",640,360,false],"1536x1536":["https:\/\/samanoticiasdurango.com\/wp-content\/uploads\/WEB.00_00_02_00.Imagen-fija008-2.jpg",828,466,false],"2048x2048":["https:\/\/samanoticiasdurango.com\/wp-content\/uploads\/WEB.00_00_02_00.Imagen-fija008-2.jpg",828,466,false],"chromenews-featured":["https:\/\/samanoticiasdurango.com\/wp-content\/uploads\/WEB.00_00_02_00.Imagen-fija008-2.jpg",828,466,false],"chromenews-large":["https:\/\/samanoticiasdurango.com\/wp-content\/uploads\/WEB.00_00_02_00.Imagen-fija008-2-825x466.jpg",825,466,true],"chromenews-medium":["https:\/\/samanoticiasdurango.com\/wp-content\/uploads\/WEB.00_00_02_00.Imagen-fija008-2-590x410.jpg",590,410,true]},"author_info":{"display_name":"Redacci\u00f3n","author_link":"https:\/\/samanoticiasdurango.com\/index.php\/author\/jjsama13gmail-com\/"},"category_info":"<a href=\"https:\/\/samanoticiasdurango.com\/index.php\/category\/nacional\/\" rel=\"category tag\">NACIONAL<\/a>","tag_info":"NACIONAL","comment_count":"0","jetpack_sharing_enabled":true,"_links":{"self":[{"href":"https:\/\/samanoticiasdurango.com\/index.php\/wp-json\/wp\/v2\/posts\/11288","targetHints":{"allow":["GET"]}}],"collection":[{"href":"https:\/\/samanoticiasdurango.com\/index.php\/wp-json\/wp\/v2\/posts"}],"about":[{"href":"https:\/\/samanoticiasdurango.com\/index.php\/wp-json\/wp\/v2\/types\/post"}],"author":[{"embeddable":true,"href":"https:\/\/samanoticiasdurango.com\/index.php\/wp-json\/wp\/v2\/users\/1"}],"replies":[{"embeddable":true,"href":"https:\/\/samanoticiasdurango.com\/index.php\/wp-json\/wp\/v2\/comments?post=11288"}],"version-history":[{"count":1,"href":"https:\/\/samanoticiasdurango.com\/index.php\/wp-json\/wp\/v2\/posts\/11288\/revisions"}],"predecessor-version":[{"id":11290,"href":"https:\/\/samanoticiasdurango.com\/index.php\/wp-json\/wp\/v2\/posts\/11288\/revisions\/11290"}],"wp:featuredmedia":[{"embeddable":true,"href":"https:\/\/samanoticiasdurango.com\/index.php\/wp-json\/wp\/v2\/media\/11289"}],"wp:attachment":[{"href":"https:\/\/samanoticiasdurango.com\/index.php\/wp-json\/wp\/v2\/media?parent=11288"}],"wp:term":[{"taxonomy":"category","embeddable":true,"href":"https:\/\/samanoticiasdurango.com\/index.php\/wp-json\/wp\/v2\/categories?post=11288"},{"taxonomy":"post_tag","embeddable":true,"href":"https:\/\/samanoticiasdurango.com\/index.php\/wp-json\/wp\/v2\/tags?post=11288"}],"curies":[{"name":"wp","href":"https:\/\/api.w.org\/{rel}","templated":true}]}}