{"id":11338,"date":"2024-09-20T14:21:05","date_gmt":"2024-09-20T14:21:05","guid":{"rendered":"http:\/\/samanoticiasdurango.com\/?p=11338"},"modified":"2024-09-20T14:21:08","modified_gmt":"2024-09-20T14:21:08","slug":"justicia-para-kim-fiscalia-de-baja-california-atrae-el-caso-sobre-presunto-abuso-sexual-contra-una-menor-de-tres-anos","status":"publish","type":"post","link":"https:\/\/samanoticiasdurango.com\/index.php\/2024\/09\/20\/justicia-para-kim-fiscalia-de-baja-california-atrae-el-caso-sobre-presunto-abuso-sexual-contra-una-menor-de-tres-anos\/","title":{"rendered":"Justicia para Kim: Fiscal\u00eda de Baja California atrae el caso sobre presunto abuso sexual contra una menor de tres a\u00f1os"},"content":{"rendered":"\n<p>La&nbsp;<strong>Fiscal\u00eda General del Estado de Baja California (FGE)<\/strong>&nbsp;investiga una&nbsp;<strong>denuncia por el abuso sexual de una ni\u00f1a dentro del preescolar Graciano Viniegra Salazar,&nbsp;<\/strong>ubicado en&nbsp;<strong>Mexicali<\/strong>, capital del estado, durante su primera semana de clases. Esto, en medio de<strong>&nbsp;protestas para cerrar el centro escolar<\/strong>&nbsp;y que personal educativo se declarara inocente ante la prensa.<\/p>\n\n\n\n<p>Aunque el caso ha alcanzado los reflectores internacionales, el hecho comenz\u00f3 con una<strong>&nbsp;denuncia en redes sociales,<\/strong>&nbsp;cuando la madre de la menor que presuntamente fue v\u00edctima de la agresi\u00f3n, narr\u00f3 el caso. En su escrito, detalla que el pasado 9 de septiembre,<strong>&nbsp;luego de recogerla de su escuela, se dio cuenta de que su hija hab\u00eda sido agredida.<\/strong><\/p>\n\n\n\n<p>La madre de la menor de tres a\u00f1os de edad, Dulce, explic\u00f3 que&nbsp;<strong>una vez que la recogi\u00f3 de su escuela y la llev\u00f3 a su hogar, la ni\u00f1a le expres\u00f3 que ten\u00eda dolor en su zona \u00edntima.<\/strong>&nbsp;De manera inmediata solicit\u00f3 el tr\u00e1mite del seguro escolar para llevarla a una cl\u00ednica, donde le comentaron que&nbsp;<strong>su hija ten\u00eda lesiones en los genitales.<\/strong><\/p>\n\n\n\n<p>Personal del plantel educativo dijo que, al tener conocimiento,&nbsp;<strong>activ\u00f3 el protocolo y separ\u00f3 del cargo a dos personas, un hombre del \u00e1rea administrativa, y una mujer, profesora del lugar.<\/strong><\/p>\n\n\n\n<p>Dulce explic\u00f3 que su hija hizo un se\u00f1alamiento directo en contra de ambos empleados. Denunci\u00f3 que,<strong>&nbsp;al notificar a directivos de la escuela, tardaron en actuar para priorizar la seguridad de su hija y menores.<\/strong><\/p>\n\n\n\n<p><img loading=\"lazy\" decoding=\"async\" alt=\"La madre de la menor se\u00f1al\u00f3 que directivos de la escuela tardaron en actuar.  (Ojo P\u00fablico)\" height=\"1080\" width=\"1620\" class=\"\" src=\"https:\/\/www.infobae.com\/new-resizer\/12P_PdNjC4tmDZ-Ubrx0Nfp4wuo=\/420x280\/filters:format(webp):quality(85)\/cloudfront-us-east-1.images.arcpublishing.com\/infobae\/5FV7WPFSBVEEJNP3XZHPIKZ6II.jpg%20420w\" srcset=\"https:\/\/www.infobae.com\/new-resizer\/12P_PdNjC4tmDZ-Ubrx0Nfp4wuo=\/420x280\/filters:format(webp):quality(85)\/cloudfront-us-east-1.images.arcpublishing.com\/infobae\/5FV7WPFSBVEEJNP3XZHPIKZ6II.jpg 420w,https:\/\/www.infobae.com\/new-resizer\/dTQsGWzqhW8stD7PfIz7mnZlBUI=\/768x512\/filters:format(webp):quality(85)\/cloudfront-us-east-1.images.arcpublishing.com\/infobae\/5FV7WPFSBVEEJNP3XZHPIKZ6II.jpg 768w,https:\/\/www.infobae.com\/new-resizer\/SV03lDXmsq6cVxSsaH0z2GzjmNc=\/992x661\/filters:format(webp):quality(85)\/cloudfront-us-east-1.images.arcpublishing.com\/infobae\/5FV7WPFSBVEEJNP3XZHPIKZ6II.jpg 992w,https:\/\/www.infobae.com\/new-resizer\/dr5YjtRmEjb0E4M1PZ7vFL976hY=\/1200x800\/filters:format(webp):quality(85)\/cloudfront-us-east-1.images.arcpublishing.com\/infobae\/5FV7WPFSBVEEJNP3XZHPIKZ6II.jpg 1200w,https:\/\/www.infobae.com\/new-resizer\/Yrn-MDgsgQGRT7WiFi1r6RmTkOo=\/1440x960\/filters:format(webp):quality(85)\/cloudfront-us-east-1.images.arcpublishing.com\/infobae\/5FV7WPFSBVEEJNP3XZHPIKZ6II.jpg 1440w\">La madre de la menor se\u00f1al\u00f3 que directivos de la escuela tardaron en actuar. (Ojo P\u00fablico)<\/p>\n\n\n\n<p><strong>Mar\u00eda Elena Andrade, fiscal de Baja California,<\/strong>&nbsp;dio a conocer que se abri\u00f3 una&nbsp;<strong>carpeta de investigaci\u00f3n por el delito de abuso sexual y personal del \u00e1rea pericial trabaja en los dict\u00e1menes m\u00e9dicos<\/strong>&nbsp;y de sicolog\u00eda para recabar evidencia que sirva para esclarecer los hechos y encontrar a los responsables.<\/p>\n\n\n\n<p>Padres de familia y residentes de Mexicali, as\u00ed como internautas, por medio de redes sociales,&nbsp;<strong>han exigido justicia para la menor, que incluso lleg\u00f3 a una protesta el pasado lunes,&nbsp;<\/strong>en la que se pidi\u00f3 el cierre del preescolar. Esto, a m\u00e1s de una semana de que la madre de la menor denunciara los hechos.<\/p>\n\n\n\n<p>Una de las personas se\u00f1aladas como responsables, de nombre&nbsp;<strong>Eliseo<\/strong>, habl\u00f3 frente a la prensa en Mexicali y se present\u00f3 ante el Ministerio P\u00fablico.&nbsp;<strong>En el lugar se declar\u00f3 inocente, y asegur\u00f3 tener pruebas de ello.<\/strong><\/p>\n\n\n\n<p>\u201cExijo a las autoridades competentes que ya den un dictamen m\u00e9dico, que den un dictamen psicol\u00f3gico que muestren las c\u00e1maras\u00a0<strong>porque yo necesito demostrar mi inocencia\u201d,\u00a0<\/strong>expuso ante medios de comunicaci\u00f3n.<\/p>\n\n\n\n<p><strong>Con informaci\u00f3n de INFOBAE<\/strong><\/p>\n","protected":false},"excerpt":{"rendered":"<p>La&nbsp;Fiscal\u00eda General del Estado de Baja California (FGE)&nbsp;investiga una&nbsp;denuncia por el abuso sexual de una<\/p>\n","protected":false},"author":1,"featured_media":11339,"comment_status":"open","ping_status":"open","sticky":false,"template":"","format":"standard","meta":{"om_disable_all_campaigns":false,"_monsterinsights_skip_tracking":false,"_monsterinsights_sitenote_active":false,"_monsterinsights_sitenote_note":"","_monsterinsights_sitenote_category":0,"_jetpack_memberships_contains_paid_content":false,"footnotes":"","jetpack_publicize_message":"","jetpack_publicize_feature_enabled":true,"jetpack_social_post_already_shared":false,"jetpack_social_options":{"image_generator_settings":{"template":"highway","enabled":false},"version":2}},"categories":[5],"tags":[],"class_list":["post-11338","post","type-post","status-publish","format-standard","has-post-thumbnail","hentry","category-nacional"],"jetpack_publicize_connections":[],"aioseo_notices":[],"jetpack_featured_media_url":"https:\/\/samanoticiasdurango.com\/wp-content\/uploads\/kC8df4cM.jpg","featured_image_urls":{"full":["https:\/\/samanoticiasdurango.com\/wp-content\/uploads\/kC8df4cM.jpg",680,340,false],"thumbnail":["https:\/\/samanoticiasdurango.com\/wp-content\/uploads\/kC8df4cM-150x150.jpg",150,150,true],"medium":["https:\/\/samanoticiasdurango.com\/wp-content\/uploads\/kC8df4cM-300x150.jpg",300,150,true],"medium_large":["https:\/\/samanoticiasdurango.com\/wp-content\/uploads\/kC8df4cM.jpg",640,320,false],"large":["https:\/\/samanoticiasdurango.com\/wp-content\/uploads\/kC8df4cM.jpg",640,320,false],"1536x1536":["https:\/\/samanoticiasdurango.com\/wp-content\/uploads\/kC8df4cM.jpg",680,340,false],"2048x2048":["https:\/\/samanoticiasdurango.com\/wp-content\/uploads\/kC8df4cM.jpg",680,340,false],"chromenews-featured":["https:\/\/samanoticiasdurango.com\/wp-content\/uploads\/kC8df4cM.jpg",680,340,false],"chromenews-large":["https:\/\/samanoticiasdurango.com\/wp-content\/uploads\/kC8df4cM.jpg",680,340,false],"chromenews-medium":["https:\/\/samanoticiasdurango.com\/wp-content\/uploads\/kC8df4cM-590x340.jpg",590,340,true]},"author_info":{"display_name":"Redacci\u00f3n","author_link":"https:\/\/samanoticiasdurango.com\/index.php\/author\/jjsama13gmail-com\/"},"category_info":"<a href=\"https:\/\/samanoticiasdurango.com\/index.php\/category\/nacional\/\" rel=\"category tag\">NACIONAL<\/a>","tag_info":"NACIONAL","comment_count":"0","jetpack_sharing_enabled":true,"_links":{"self":[{"href":"https:\/\/samanoticiasdurango.com\/index.php\/wp-json\/wp\/v2\/posts\/11338","targetHints":{"allow":["GET"]}}],"collection":[{"href":"https:\/\/samanoticiasdurango.com\/index.php\/wp-json\/wp\/v2\/posts"}],"about":[{"href":"https:\/\/samanoticiasdurango.com\/index.php\/wp-json\/wp\/v2\/types\/post"}],"author":[{"embeddable":true,"href":"https:\/\/samanoticiasdurango.com\/index.php\/wp-json\/wp\/v2\/users\/1"}],"replies":[{"embeddable":true,"href":"https:\/\/samanoticiasdurango.com\/index.php\/wp-json\/wp\/v2\/comments?post=11338"}],"version-history":[{"count":1,"href":"https:\/\/samanoticiasdurango.com\/index.php\/wp-json\/wp\/v2\/posts\/11338\/revisions"}],"predecessor-version":[{"id":11340,"href":"https:\/\/samanoticiasdurango.com\/index.php\/wp-json\/wp\/v2\/posts\/11338\/revisions\/11340"}],"wp:featuredmedia":[{"embeddable":true,"href":"https:\/\/samanoticiasdurango.com\/index.php\/wp-json\/wp\/v2\/media\/11339"}],"wp:attachment":[{"href":"https:\/\/samanoticiasdurango.com\/index.php\/wp-json\/wp\/v2\/media?parent=11338"}],"wp:term":[{"taxonomy":"category","embeddable":true,"href":"https:\/\/samanoticiasdurango.com\/index.php\/wp-json\/wp\/v2\/categories?post=11338"},{"taxonomy":"post_tag","embeddable":true,"href":"https:\/\/samanoticiasdurango.com\/index.php\/wp-json\/wp\/v2\/tags?post=11338"}],"curies":[{"name":"wp","href":"https:\/\/api.w.org\/{rel}","templated":true}]}}