{"id":11361,"date":"2024-09-22T18:25:10","date_gmt":"2024-09-22T18:25:10","guid":{"rendered":"http:\/\/samanoticiasdurango.com\/?p=11361"},"modified":"2024-09-22T18:25:11","modified_gmt":"2024-09-22T18:25:11","slug":"detienen-al-regidor-de-metepec-en-durango-un-escandalo-que-sacude-el-edomex","status":"publish","type":"post","link":"https:\/\/samanoticiasdurango.com\/index.php\/2024\/09\/22\/detienen-al-regidor-de-metepec-en-durango-un-escandalo-que-sacude-el-edomex\/","title":{"rendered":"**Detienen al Regidor de Metepec en Durango: Un Esc\u00e1ndalo que Sacude el Edomex**"},"content":{"rendered":"\n<p>En un giro inesperado de los acontecimientos, el regidor de Metepec, un municipio del Estado de M\u00e9xico, ha sido detenido en Durango, lo que ha desatado una tormenta medi\u00e1tica en la regi\u00f3n. Las autoridades del Estado de M\u00e9xico han confirmado que el funcionario est\u00e1 bajo investigaci\u00f3n por un grave delito: violaci\u00f3n.<\/p>\n\n\n\n<p>Los detalles de este caso son inquietantes y han captado la atenci\u00f3n de la opini\u00f3n p\u00fablica. El regidor, cuyo nombre a\u00fan no se ha divulgado por razones legales, fue arrestado en un operativo coordinado entre la polic\u00eda estatal y local, revelando as\u00ed la seriedad de las acusaciones en su contra. Fuentes indican que las investigaciones comenzaron tras la denuncia presentada por una v\u00edctima, quien alega haber sido agresada en m\u00faltiples ocasiones.<\/p>\n\n\n\n<p>La noticia ha provocado reacciones diversas; desde la indignaci\u00f3n de los ciudadanos hasta el silencioso murmullo de aquellos que alguna vez mostraron apoyo al pol\u00edtico. La comunidad est\u00e1 dividida, cuestion\u00e1ndose c\u00f3mo alguien en una posici\u00f3n de poder puede verse envuelto en un esc\u00e1ndalo de esta magnitud. Adem\u00e1s, los ciudadanos de Metepec exigen respuestas y justicia, mientras la reputaci\u00f3n del municipio pende de un hilo.<\/p>\n\n\n\n<p>Las autoridades del Edomex han prometido una investigaci\u00f3n exhaustiva y transparente. Esto no solo es crucial para la confianza p\u00fablica en las instituciones, sino tambi\u00e9n para la b\u00fasqueda de justicia para la v\u00edctima. En un pa\u00eds donde los casos de violencia de g\u00e9nero suelen quedar en la impunidad, este caso podr\u00eda sentar un precedente importante.<\/p>\n\n\n\n<p>Mientras tanto, la detenci\u00f3n del regidor nos recuerda que la justicia debe prevalecer, sin importar el estatus o la posici\u00f3n que uno ostente. Todos los ojos est\u00e1n puestos en el desarrollo de este inquietante caso, que promete seguir siendo tema de conversaci\u00f3n en los pr\u00f3ximos d\u00edas. La verdad saldr\u00e1 a la luz, y la comunidad espera que esta sea una oportunidad para iniciar un cambio significativo en la lucha contra la violencia en todas sus formas.<\/p>\n","protected":false},"excerpt":{"rendered":"<p>En un giro inesperado de los acontecimientos, el regidor de Metepec, un municipio del Estado<\/p>\n","protected":false},"author":1,"featured_media":11362,"comment_status":"open","ping_status":"open","sticky":false,"template":"","format":"standard","meta":{"om_disable_all_campaigns":false,"_monsterinsights_skip_tracking":false,"_monsterinsights_sitenote_active":false,"_monsterinsights_sitenote_note":"","_monsterinsights_sitenote_category":0,"_jetpack_memberships_contains_paid_content":false,"footnotes":"","jetpack_publicize_message":"","jetpack_publicize_feature_enabled":true,"jetpack_social_post_already_shared":false,"jetpack_social_options":{"image_generator_settings":{"template":"highway","enabled":false},"version":2}},"categories":[5],"tags":[],"class_list":["post-11361","post","type-post","status-publish","format-standard","has-post-thumbnail","hentry","category-nacional"],"jetpack_publicize_connections":[],"aioseo_notices":[],"jetpack_featured_media_url":"https:\/\/samanoticiasdurango.com\/wp-content\/uploads\/23.jpg","featured_image_urls":{"full":["https:\/\/samanoticiasdurango.com\/wp-content\/uploads\/23.jpg",680,383,false],"thumbnail":["https:\/\/samanoticiasdurango.com\/wp-content\/uploads\/23-150x150.jpg",150,150,true],"medium":["https:\/\/samanoticiasdurango.com\/wp-content\/uploads\/23-300x169.jpg",300,169,true],"medium_large":["https:\/\/samanoticiasdurango.com\/wp-content\/uploads\/23.jpg",640,360,false],"large":["https:\/\/samanoticiasdurango.com\/wp-content\/uploads\/23.jpg",640,360,false],"1536x1536":["https:\/\/samanoticiasdurango.com\/wp-content\/uploads\/23.jpg",680,383,false],"2048x2048":["https:\/\/samanoticiasdurango.com\/wp-content\/uploads\/23.jpg",680,383,false],"chromenews-featured":["https:\/\/samanoticiasdurango.com\/wp-content\/uploads\/23.jpg",680,383,false],"chromenews-large":["https:\/\/samanoticiasdurango.com\/wp-content\/uploads\/23.jpg",680,383,false],"chromenews-medium":["https:\/\/samanoticiasdurango.com\/wp-content\/uploads\/23-590x383.jpg",590,383,true]},"author_info":{"display_name":"Redacci\u00f3n","author_link":"https:\/\/samanoticiasdurango.com\/index.php\/author\/jjsama13gmail-com\/"},"category_info":"<a href=\"https:\/\/samanoticiasdurango.com\/index.php\/category\/nacional\/\" rel=\"category tag\">NACIONAL<\/a>","tag_info":"NACIONAL","comment_count":"0","jetpack_sharing_enabled":true,"_links":{"self":[{"href":"https:\/\/samanoticiasdurango.com\/index.php\/wp-json\/wp\/v2\/posts\/11361","targetHints":{"allow":["GET"]}}],"collection":[{"href":"https:\/\/samanoticiasdurango.com\/index.php\/wp-json\/wp\/v2\/posts"}],"about":[{"href":"https:\/\/samanoticiasdurango.com\/index.php\/wp-json\/wp\/v2\/types\/post"}],"author":[{"embeddable":true,"href":"https:\/\/samanoticiasdurango.com\/index.php\/wp-json\/wp\/v2\/users\/1"}],"replies":[{"embeddable":true,"href":"https:\/\/samanoticiasdurango.com\/index.php\/wp-json\/wp\/v2\/comments?post=11361"}],"version-history":[{"count":1,"href":"https:\/\/samanoticiasdurango.com\/index.php\/wp-json\/wp\/v2\/posts\/11361\/revisions"}],"predecessor-version":[{"id":11363,"href":"https:\/\/samanoticiasdurango.com\/index.php\/wp-json\/wp\/v2\/posts\/11361\/revisions\/11363"}],"wp:featuredmedia":[{"embeddable":true,"href":"https:\/\/samanoticiasdurango.com\/index.php\/wp-json\/wp\/v2\/media\/11362"}],"wp:attachment":[{"href":"https:\/\/samanoticiasdurango.com\/index.php\/wp-json\/wp\/v2\/media?parent=11361"}],"wp:term":[{"taxonomy":"category","embeddable":true,"href":"https:\/\/samanoticiasdurango.com\/index.php\/wp-json\/wp\/v2\/categories?post=11361"},{"taxonomy":"post_tag","embeddable":true,"href":"https:\/\/samanoticiasdurango.com\/index.php\/wp-json\/wp\/v2\/tags?post=11361"}],"curies":[{"name":"wp","href":"https:\/\/api.w.org\/{rel}","templated":true}]}}