{"id":11364,"date":"2024-09-22T18:45:33","date_gmt":"2024-09-22T18:45:33","guid":{"rendered":"http:\/\/samanoticiasdurango.com\/?p=11364"},"modified":"2024-09-22T18:45:34","modified_gmt":"2024-09-22T18:45:34","slug":"el-misterio-de-un-hijo-desaparecido-en-culiacan","status":"publish","type":"post","link":"https:\/\/samanoticiasdurango.com\/index.php\/2024\/09\/22\/el-misterio-de-un-hijo-desaparecido-en-culiacan\/","title":{"rendered":"El Misterio de un Hijo Desaparecido en Culiac\u00e1n"},"content":{"rendered":"\n<p>En la calidez del atardecer culiacanense, un eco resuena en cada esquina: la desaparici\u00f3n de un joven que lleva consigo el peso del apellido de su padre, exalcalde de San Ignacio, Sinaloa. Este suceso ha conmocionado no solo a su familia, sino a toda una regi\u00f3n marcada por las sombras de la violencia y la incertidumbre.<\/p>\n\n\n\n<p>El hijo del exalcalde, conocido por su carisma y ambiciones, estaba en Culiac\u00e1n para asistir a un evento cultural que promet\u00eda ser el inicio de una carrera llena de promesas. Sin embargo, lo que deber\u00eda haber sido una celebraci\u00f3n se torn\u00f3 en una pesadilla. Fue visto por \u00faltima vez en un caf\u00e9 del centro, donde compart\u00eda risas y sue\u00f1os con amigos. Desde entonces, su rastro se ha desvanecido como el humo en el aire.<\/p>\n\n\n\n<p>Las alertas se han activado; las redes sociales estallan con mensajes de apoyo y preocupaci\u00f3n. \u201c\u00bfD\u00f3nde est\u00e1?\u201d se convierte en un mantra que resuena en la comunidad, mientras familiares y amigos se agrupan en la b\u00fasqueda de respuestas. La incertidumbre pesa como un manto oscuro sobre todos, envolviendo a Culiac\u00e1n en un ambiente de nerviosismo y ansiedad.<\/p>\n\n\n\n<p>Las autoridades han comenzado la investigaci\u00f3n, pero la desconfianza hacia el sistema es palpable. \u00bfSe lograr\u00e1 encontrar al joven antes de que se sumerja en las profundidades del desamparo? Las horas pasan, y cada minuto se siente como una eternidad. La familia, desgarrada pero esperanzada, clama por claridad y justicia.<\/p>\n\n\n\n<p>Mientras las im\u00e1genes del joven circulan por los rincones de la ciudad, su historia se convierte en un s\u00edmbolo del dolor y la lucha de aquellos que buscan justicia en un entorno incierto. En medio de todo este caos, la pregunta persiste: \u00bfQu\u00e9 camino seguir\u00e1 esta historia y qu\u00e9 secretos revelar\u00e1 Culiac\u00e1n, esa tierra rica en contrastes pero cargada de sombras?<\/p>\n","protected":false},"excerpt":{"rendered":"<p>En la calidez del atardecer culiacanense, un eco resuena en cada esquina: la desaparici\u00f3n de<\/p>\n","protected":false},"author":1,"featured_media":11365,"comment_status":"open","ping_status":"open","sticky":false,"template":"","format":"standard","meta":{"om_disable_all_campaigns":false,"_monsterinsights_skip_tracking":false,"_monsterinsights_sitenote_active":false,"_monsterinsights_sitenote_note":"","_monsterinsights_sitenote_category":0,"_jetpack_memberships_contains_paid_content":false,"footnotes":"","jetpack_publicize_message":"","jetpack_publicize_feature_enabled":true,"jetpack_social_post_already_shared":false,"jetpack_social_options":{"image_generator_settings":{"template":"highway","enabled":false},"version":2}},"categories":[5],"tags":[],"class_list":["post-11364","post","type-post","status-publish","format-standard","has-post-thumbnail","hentry","category-nacional"],"jetpack_publicize_connections":[],"aioseo_notices":[],"jetpack_featured_media_url":"https:\/\/samanoticiasdurango.com\/wp-content\/uploads\/Secuencia-01.00_00_07_08.Imagen-fija006.jpg","featured_image_urls":{"full":["https:\/\/samanoticiasdurango.com\/wp-content\/uploads\/Secuencia-01.00_00_07_08.Imagen-fija006.jpg",680,383,false],"thumbnail":["https:\/\/samanoticiasdurango.com\/wp-content\/uploads\/Secuencia-01.00_00_07_08.Imagen-fija006-150x150.jpg",150,150,true],"medium":["https:\/\/samanoticiasdurango.com\/wp-content\/uploads\/Secuencia-01.00_00_07_08.Imagen-fija006-300x169.jpg",300,169,true],"medium_large":["https:\/\/samanoticiasdurango.com\/wp-content\/uploads\/Secuencia-01.00_00_07_08.Imagen-fija006.jpg",640,360,false],"large":["https:\/\/samanoticiasdurango.com\/wp-content\/uploads\/Secuencia-01.00_00_07_08.Imagen-fija006.jpg",640,360,false],"1536x1536":["https:\/\/samanoticiasdurango.com\/wp-content\/uploads\/Secuencia-01.00_00_07_08.Imagen-fija006.jpg",680,383,false],"2048x2048":["https:\/\/samanoticiasdurango.com\/wp-content\/uploads\/Secuencia-01.00_00_07_08.Imagen-fija006.jpg",680,383,false],"chromenews-featured":["https:\/\/samanoticiasdurango.com\/wp-content\/uploads\/Secuencia-01.00_00_07_08.Imagen-fija006.jpg",680,383,false],"chromenews-large":["https:\/\/samanoticiasdurango.com\/wp-content\/uploads\/Secuencia-01.00_00_07_08.Imagen-fija006.jpg",680,383,false],"chromenews-medium":["https:\/\/samanoticiasdurango.com\/wp-content\/uploads\/Secuencia-01.00_00_07_08.Imagen-fija006-590x383.jpg",590,383,true]},"author_info":{"display_name":"Redacci\u00f3n","author_link":"https:\/\/samanoticiasdurango.com\/index.php\/author\/jjsama13gmail-com\/"},"category_info":"<a href=\"https:\/\/samanoticiasdurango.com\/index.php\/category\/nacional\/\" rel=\"category tag\">NACIONAL<\/a>","tag_info":"NACIONAL","comment_count":"0","jetpack_sharing_enabled":true,"_links":{"self":[{"href":"https:\/\/samanoticiasdurango.com\/index.php\/wp-json\/wp\/v2\/posts\/11364","targetHints":{"allow":["GET"]}}],"collection":[{"href":"https:\/\/samanoticiasdurango.com\/index.php\/wp-json\/wp\/v2\/posts"}],"about":[{"href":"https:\/\/samanoticiasdurango.com\/index.php\/wp-json\/wp\/v2\/types\/post"}],"author":[{"embeddable":true,"href":"https:\/\/samanoticiasdurango.com\/index.php\/wp-json\/wp\/v2\/users\/1"}],"replies":[{"embeddable":true,"href":"https:\/\/samanoticiasdurango.com\/index.php\/wp-json\/wp\/v2\/comments?post=11364"}],"version-history":[{"count":1,"href":"https:\/\/samanoticiasdurango.com\/index.php\/wp-json\/wp\/v2\/posts\/11364\/revisions"}],"predecessor-version":[{"id":11366,"href":"https:\/\/samanoticiasdurango.com\/index.php\/wp-json\/wp\/v2\/posts\/11364\/revisions\/11366"}],"wp:featuredmedia":[{"embeddable":true,"href":"https:\/\/samanoticiasdurango.com\/index.php\/wp-json\/wp\/v2\/media\/11365"}],"wp:attachment":[{"href":"https:\/\/samanoticiasdurango.com\/index.php\/wp-json\/wp\/v2\/media?parent=11364"}],"wp:term":[{"taxonomy":"category","embeddable":true,"href":"https:\/\/samanoticiasdurango.com\/index.php\/wp-json\/wp\/v2\/categories?post=11364"},{"taxonomy":"post_tag","embeddable":true,"href":"https:\/\/samanoticiasdurango.com\/index.php\/wp-json\/wp\/v2\/tags?post=11364"}],"curies":[{"name":"wp","href":"https:\/\/api.w.org\/{rel}","templated":true}]}}