{"id":11412,"date":"2024-09-28T03:07:09","date_gmt":"2024-09-28T03:07:09","guid":{"rendered":"http:\/\/samanoticiasdurango.com\/?p=11412"},"modified":"2024-09-28T03:07:10","modified_gmt":"2024-09-28T03:07:10","slug":"sheinbaum-defiende-no-invitar-al-rey-de-espana-amlo-revela-que-ella-lo-consulto","status":"publish","type":"post","link":"https:\/\/samanoticiasdurango.com\/index.php\/2024\/09\/28\/sheinbaum-defiende-no-invitar-al-rey-de-espana-amlo-revela-que-ella-lo-consulto\/","title":{"rendered":"Sheinbaum defiende no invitar al rey de Espa\u00f1a; AMLO revela que ella lo consult\u00f3."},"content":{"rendered":"\n<p>En un entorno de profunda reflexi\u00f3n hist\u00f3rica y compromiso social, la presidenta electa de M\u00e9xico, Claudia Sheinbaum, destac\u00f3 el poder transformador del perd\u00f3n en su reciente discurso en Guaymas, Sonora. <\/p>\n\n\n\n<p>En medio de la controversia por no invitar al Rey Felipe VI a su toma de posesi\u00f3n, Sheinbaum record\u00f3 la importancia de reconocer las injusticias del pasado, afirmando que \u201cel perd\u00f3n engrandece a los pueblos y a las naciones\u201d.<\/p>\n\n\n\n<p>Su intervenci\u00f3n resuena con el legado de Andr\u00e9s Manuel L\u00f3pez Obrador, quien junto a ella, ha buscado reparar el da\u00f1o infligido a los pueblos originarios, especialmente el Yaqui. <\/p>\n\n\n\n<p>Al entregar un acueducto y restituir tierras, marc\u00f3 un hito en el cumplimiento del Plan de Justicia, un esfuerzo por sanar las heridas hist\u00f3ricas.<\/p>\n\n\n\n<p>L\u00f3pez Obrador, apoyando la decisi\u00f3n de Sheinbaum, subray\u00f3 que el reconocimiento de los errores pasados no solo es un gesto simb\u00f3lico, sino un paso hacia una nueva relaci\u00f3n con Espa\u00f1a. <\/p>\n\n\n\n<p>La esencia de sus palabras, cargadas de convicci\u00f3n, invita a todos a reflexionar sobre la relevancia del perd\u00f3n como motor de reconciliaci\u00f3n y justicia, no solo en M\u00e9xico, sino en todo el mundo.<\/p>\n","protected":false},"excerpt":{"rendered":"<p>En un entorno de profunda reflexi\u00f3n hist\u00f3rica y compromiso social, la presidenta electa de M\u00e9xico,<\/p>\n","protected":false},"author":1,"featured_media":11413,"comment_status":"open","ping_status":"open","sticky":false,"template":"","format":"standard","meta":{"om_disable_all_campaigns":false,"_monsterinsights_skip_tracking":false,"_monsterinsights_sitenote_active":false,"_monsterinsights_sitenote_note":"","_monsterinsights_sitenote_category":0,"_jetpack_memberships_contains_paid_content":false,"footnotes":"","jetpack_publicize_message":"","jetpack_publicize_feature_enabled":true,"jetpack_social_post_already_shared":false,"jetpack_social_options":{"image_generator_settings":{"template":"highway","enabled":false},"version":2}},"categories":[5],"tags":[],"class_list":["post-11412","post","type-post","status-publish","format-standard","has-post-thumbnail","hentry","category-nacional"],"jetpack_publicize_connections":[],"aioseo_notices":[],"jetpack_featured_media_url":"https:\/\/samanoticiasdurango.com\/wp-content\/uploads\/NVV-dG-2.jpg","featured_image_urls":{"full":["https:\/\/samanoticiasdurango.com\/wp-content\/uploads\/NVV-dG-2.jpg",680,340,false],"thumbnail":["https:\/\/samanoticiasdurango.com\/wp-content\/uploads\/NVV-dG-2-150x150.jpg",150,150,true],"medium":["https:\/\/samanoticiasdurango.com\/wp-content\/uploads\/NVV-dG-2-300x150.jpg",300,150,true],"medium_large":["https:\/\/samanoticiasdurango.com\/wp-content\/uploads\/NVV-dG-2.jpg",640,320,false],"large":["https:\/\/samanoticiasdurango.com\/wp-content\/uploads\/NVV-dG-2.jpg",640,320,false],"1536x1536":["https:\/\/samanoticiasdurango.com\/wp-content\/uploads\/NVV-dG-2.jpg",680,340,false],"2048x2048":["https:\/\/samanoticiasdurango.com\/wp-content\/uploads\/NVV-dG-2.jpg",680,340,false],"chromenews-featured":["https:\/\/samanoticiasdurango.com\/wp-content\/uploads\/NVV-dG-2.jpg",680,340,false],"chromenews-large":["https:\/\/samanoticiasdurango.com\/wp-content\/uploads\/NVV-dG-2.jpg",680,340,false],"chromenews-medium":["https:\/\/samanoticiasdurango.com\/wp-content\/uploads\/NVV-dG-2-590x340.jpg",590,340,true]},"author_info":{"display_name":"Redacci\u00f3n","author_link":"https:\/\/samanoticiasdurango.com\/index.php\/author\/jjsama13gmail-com\/"},"category_info":"<a href=\"https:\/\/samanoticiasdurango.com\/index.php\/category\/nacional\/\" rel=\"category tag\">NACIONAL<\/a>","tag_info":"NACIONAL","comment_count":"0","jetpack_sharing_enabled":true,"_links":{"self":[{"href":"https:\/\/samanoticiasdurango.com\/index.php\/wp-json\/wp\/v2\/posts\/11412","targetHints":{"allow":["GET"]}}],"collection":[{"href":"https:\/\/samanoticiasdurango.com\/index.php\/wp-json\/wp\/v2\/posts"}],"about":[{"href":"https:\/\/samanoticiasdurango.com\/index.php\/wp-json\/wp\/v2\/types\/post"}],"author":[{"embeddable":true,"href":"https:\/\/samanoticiasdurango.com\/index.php\/wp-json\/wp\/v2\/users\/1"}],"replies":[{"embeddable":true,"href":"https:\/\/samanoticiasdurango.com\/index.php\/wp-json\/wp\/v2\/comments?post=11412"}],"version-history":[{"count":1,"href":"https:\/\/samanoticiasdurango.com\/index.php\/wp-json\/wp\/v2\/posts\/11412\/revisions"}],"predecessor-version":[{"id":11414,"href":"https:\/\/samanoticiasdurango.com\/index.php\/wp-json\/wp\/v2\/posts\/11412\/revisions\/11414"}],"wp:featuredmedia":[{"embeddable":true,"href":"https:\/\/samanoticiasdurango.com\/index.php\/wp-json\/wp\/v2\/media\/11413"}],"wp:attachment":[{"href":"https:\/\/samanoticiasdurango.com\/index.php\/wp-json\/wp\/v2\/media?parent=11412"}],"wp:term":[{"taxonomy":"category","embeddable":true,"href":"https:\/\/samanoticiasdurango.com\/index.php\/wp-json\/wp\/v2\/categories?post=11412"},{"taxonomy":"post_tag","embeddable":true,"href":"https:\/\/samanoticiasdurango.com\/index.php\/wp-json\/wp\/v2\/tags?post=11412"}],"curies":[{"name":"wp","href":"https:\/\/api.w.org\/{rel}","templated":true}]}}