{"id":11433,"date":"2024-09-28T14:20:31","date_gmt":"2024-09-28T14:20:31","guid":{"rendered":"http:\/\/samanoticiasdurango.com\/?p=11433"},"modified":"2024-09-28T14:22:36","modified_gmt":"2024-09-28T14:22:36","slug":"11433","status":"publish","type":"post","link":"https:\/\/samanoticiasdurango.com\/index.php\/2024\/09\/28\/11433\/","title":{"rendered":"**22 muertos por el impacto de &#8216;John&#8217; en Guerrero, Oaxaca y Michoac\u00e1n."},"content":{"rendered":"\n<p><blockquote class=\"wp-embedded-content\" data-secret=\"Wjydyk14vu\"><a href=\"https:\/\/samanoticiasdurango.com\/\"><\/a><\/blockquote><iframe loading=\"lazy\" class=\"wp-embedded-content\" sandbox=\"allow-scripts\" security=\"restricted\" style=\"position: absolute; visibility: hidden;\" title=\"&#8220;&#8221; &#8212; sama noticias durango\" src=\"https:\/\/samanoticiasdurango.com\/embed\/#?secret=IMwsUzIy9o#?secret=Wjydyk14vu\" data-secret=\"Wjydyk14vu\" width=\"600\" height=\"338\" frameborder=\"0\" marginwidth=\"0\" marginheight=\"0\" scrolling=\"no\"><\/iframe><\/p>\n\n\n\n<p>&nbsp;La tragedia en M\u00e9xico se agrava tras el paso del cicl\u00f3n \u2018John\u2019, que toc\u00f3 tierra el lunes como categor\u00eda 3 en Guerrero y que ahora, tras degradarse a baja presi\u00f3n remanente, ha dejado un saldo devastador. <\/p>\n\n\n\n<p>Las autoridades informaron este viernes que la cifra de muertos ha ascendido a 22, con 18 fallecidos en Guerrero, tres en Oaxaca y uno en Michoac\u00e1n.<\/p>\n\n\n\n<p>La situaci\u00f3n es cr\u00edtica, particularmente en Acapulco, donde cinco cuerpos han sido recuperados. <\/p>\n\n\n\n<p>La tristeza se intensifica con la noticia de dos desaparecidos: una madre y su hijo, quienes fueron arrastrados por el colapso de una barda, evidenciando los efectos desastrosos de las intensas lluvias que han acompa\u00f1ado al fen\u00f3meno.<\/p>\n\n\n\n<p>El amanecer del viernes trajo consigo el horror a la colonia L\u00e1zaro C\u00e1rdenas, donde tres personas perdieron la vida cuando un cerro se deslav\u00f3, arrastrando consigo piedras y barro que causaron el colapso de varias viviendas, adem\u00e1s de destruir postes de telefon\u00eda y arrastrar veh\u00edculos.<\/p>\n","protected":false},"excerpt":{"rendered":"<p>&nbsp;La tragedia en M\u00e9xico se agrava tras el paso del cicl\u00f3n \u2018John\u2019, que toc\u00f3 tierra<\/p>\n","protected":false},"author":1,"featured_media":11434,"comment_status":"open","ping_status":"open","sticky":false,"template":"","format":"standard","meta":{"om_disable_all_campaigns":false,"_monsterinsights_skip_tracking":false,"_monsterinsights_sitenote_active":false,"_monsterinsights_sitenote_note":"","_monsterinsights_sitenote_category":0,"_jetpack_memberships_contains_paid_content":false,"footnotes":"","jetpack_publicize_message":"","jetpack_publicize_feature_enabled":true,"jetpack_social_post_already_shared":false,"jetpack_social_options":{"image_generator_settings":{"template":"highway","enabled":false},"version":2}},"categories":[5],"tags":[],"class_list":["post-11433","post","type-post","status-publish","format-standard","has-post-thumbnail","hentry","category-nacional"],"jetpack_publicize_connections":[],"aioseo_notices":[],"jetpack_featured_media_url":"https:\/\/samanoticiasdurango.com\/wp-content\/uploads\/aumentan-a-22-los-muertos-por-el-impacto-de-john-en-guerrero-oaxaca-y-michoacan-3.webp","featured_image_urls":{"full":["https:\/\/samanoticiasdurango.com\/wp-content\/uploads\/aumentan-a-22-los-muertos-por-el-impacto-de-john-en-guerrero-oaxaca-y-michoacan-3.webp",1920,1080,false],"thumbnail":["https:\/\/samanoticiasdurango.com\/wp-content\/uploads\/aumentan-a-22-los-muertos-por-el-impacto-de-john-en-guerrero-oaxaca-y-michoacan-3-150x150.webp",150,150,true],"medium":["https:\/\/samanoticiasdurango.com\/wp-content\/uploads\/aumentan-a-22-los-muertos-por-el-impacto-de-john-en-guerrero-oaxaca-y-michoacan-3-300x169.webp",300,169,true],"medium_large":["https:\/\/samanoticiasdurango.com\/wp-content\/uploads\/aumentan-a-22-los-muertos-por-el-impacto-de-john-en-guerrero-oaxaca-y-michoacan-3-768x432.webp",640,360,true],"large":["https:\/\/samanoticiasdurango.com\/wp-content\/uploads\/aumentan-a-22-los-muertos-por-el-impacto-de-john-en-guerrero-oaxaca-y-michoacan-3-1024x576.webp",640,360,true],"1536x1536":["https:\/\/samanoticiasdurango.com\/wp-content\/uploads\/aumentan-a-22-los-muertos-por-el-impacto-de-john-en-guerrero-oaxaca-y-michoacan-3-1536x864.webp",1536,864,true],"2048x2048":["https:\/\/samanoticiasdurango.com\/wp-content\/uploads\/aumentan-a-22-los-muertos-por-el-impacto-de-john-en-guerrero-oaxaca-y-michoacan-3.webp",1920,1080,false],"chromenews-featured":["https:\/\/samanoticiasdurango.com\/wp-content\/uploads\/aumentan-a-22-los-muertos-por-el-impacto-de-john-en-guerrero-oaxaca-y-michoacan-3-1024x576.webp",1024,576,true],"chromenews-large":["https:\/\/samanoticiasdurango.com\/wp-content\/uploads\/aumentan-a-22-los-muertos-por-el-impacto-de-john-en-guerrero-oaxaca-y-michoacan-3-825x575.webp",825,575,true],"chromenews-medium":["https:\/\/samanoticiasdurango.com\/wp-content\/uploads\/aumentan-a-22-los-muertos-por-el-impacto-de-john-en-guerrero-oaxaca-y-michoacan-3-590x410.webp",590,410,true]},"author_info":{"display_name":"Redacci\u00f3n","author_link":"https:\/\/samanoticiasdurango.com\/index.php\/author\/jjsama13gmail-com\/"},"category_info":"<a href=\"https:\/\/samanoticiasdurango.com\/index.php\/category\/nacional\/\" rel=\"category tag\">NACIONAL<\/a>","tag_info":"NACIONAL","comment_count":"0","jetpack_sharing_enabled":true,"_links":{"self":[{"href":"https:\/\/samanoticiasdurango.com\/index.php\/wp-json\/wp\/v2\/posts\/11433","targetHints":{"allow":["GET"]}}],"collection":[{"href":"https:\/\/samanoticiasdurango.com\/index.php\/wp-json\/wp\/v2\/posts"}],"about":[{"href":"https:\/\/samanoticiasdurango.com\/index.php\/wp-json\/wp\/v2\/types\/post"}],"author":[{"embeddable":true,"href":"https:\/\/samanoticiasdurango.com\/index.php\/wp-json\/wp\/v2\/users\/1"}],"replies":[{"embeddable":true,"href":"https:\/\/samanoticiasdurango.com\/index.php\/wp-json\/wp\/v2\/comments?post=11433"}],"version-history":[{"count":2,"href":"https:\/\/samanoticiasdurango.com\/index.php\/wp-json\/wp\/v2\/posts\/11433\/revisions"}],"predecessor-version":[{"id":11436,"href":"https:\/\/samanoticiasdurango.com\/index.php\/wp-json\/wp\/v2\/posts\/11433\/revisions\/11436"}],"wp:featuredmedia":[{"embeddable":true,"href":"https:\/\/samanoticiasdurango.com\/index.php\/wp-json\/wp\/v2\/media\/11434"}],"wp:attachment":[{"href":"https:\/\/samanoticiasdurango.com\/index.php\/wp-json\/wp\/v2\/media?parent=11433"}],"wp:term":[{"taxonomy":"category","embeddable":true,"href":"https:\/\/samanoticiasdurango.com\/index.php\/wp-json\/wp\/v2\/categories?post=11433"},{"taxonomy":"post_tag","embeddable":true,"href":"https:\/\/samanoticiasdurango.com\/index.php\/wp-json\/wp\/v2\/tags?post=11433"}],"curies":[{"name":"wp","href":"https:\/\/api.w.org\/{rel}","templated":true}]}}