{"id":11494,"date":"2024-10-02T03:31:36","date_gmt":"2024-10-02T03:31:36","guid":{"rendered":"http:\/\/samanoticiasdurango.com\/?p=11494"},"modified":"2024-10-02T03:31:37","modified_gmt":"2024-10-02T03:31:37","slug":"hospitalizan-a-christian-nodal-y-pospone-su-show-en-pachuca-su-concierto-del-2-de-octubre-se-reprograma-para-el-14-por-razones-de-salud","status":"publish","type":"post","link":"https:\/\/samanoticiasdurango.com\/index.php\/2024\/10\/02\/hospitalizan-a-christian-nodal-y-pospone-su-show-en-pachuca-su-concierto-del-2-de-octubre-se-reprograma-para-el-14-por-razones-de-salud\/","title":{"rendered":"Hospitalizan a Christian Nodal y pospone su show en Pachuca. Su concierto del 2 de octubre se reprograma para el 14 por razones de salud."},"content":{"rendered":"\n<p>Este martes fue&nbsp;<strong>hospitalizado<\/strong>&nbsp;el cantante&nbsp;<strong>Christian Nodal<\/strong>, lo que llev\u00f3 a la reprogramaci\u00f3n de un show en&nbsp;<strong>Pachuca<\/strong>,&nbsp;<strong>Hidalgo<\/strong>.<\/p>\n\n\n\n<p>Por medio de las&nbsp;<strong>redes sociales<\/strong>&nbsp;<a href=\"https:\/\/www.instagram.com\/nodal\/\" target=\"_blank\" rel=\"noreferrer noopener\">del artista<\/a>, se inform\u00f3 que \u201cpor motivos de salud\u201d el concierto que se realizar\u00eda este mi\u00e9rcoles 2 de octubre se reprogram\u00f3 para el d\u00eda 14 del mismo mes.<\/p>\n\n\n\n<p>En el comunicado se dej\u00f3 en claro que los boletos adquiridos para el show de ma\u00f1ana conservar\u00e1n su validez.<\/p>\n\n\n\n<figure class=\"wp-block-image aligncenter\"><img decoding=\"async\" src=\"https:\/\/i0.wp.com\/lopezdoriga.com\/wp-content\/uploads\/2024\/10\/christian-nodal-mexico-hospitalizado-pachuca-2.jpg?resize=576%2C1024&amp;ssl=1\" alt=\"Hospitalizan al cantante Christian Nodal; pospone show en Pachuca - christian-nodal-mexico-hospitalizado-pachuca-2-576x1024\" class=\"wp-image-1655729\" title=\"\"\/><\/figure>\n\n\n\n<p>En otra historia de Instagram, se difundi\u00f3 una foto de Christian Nodal en una camilla de hospital, presuntamente acompa\u00f1ado por \u00c1ngela Aguilar.<\/p>\n\n\n\n<p>Hasta el momento, no se han ofrecido m\u00e1s detalles sobre el padecimiento que sufri\u00f3 el artista.<\/p>\n","protected":false},"excerpt":{"rendered":"<p>Este martes fue&nbsp;hospitalizado&nbsp;el cantante&nbsp;Christian Nodal, lo que llev\u00f3 a la reprogramaci\u00f3n de un show en&nbsp;Pachuca,&nbsp;Hidalgo.<\/p>\n","protected":false},"author":1,"featured_media":11495,"comment_status":"open","ping_status":"open","sticky":false,"template":"","format":"standard","meta":{"om_disable_all_campaigns":false,"_monsterinsights_skip_tracking":false,"_monsterinsights_sitenote_active":false,"_monsterinsights_sitenote_note":"","_monsterinsights_sitenote_category":0,"_jetpack_memberships_contains_paid_content":false,"footnotes":"","jetpack_publicize_message":"","jetpack_publicize_feature_enabled":true,"jetpack_social_post_already_shared":false,"jetpack_social_options":{"image_generator_settings":{"template":"highway","enabled":false},"version":2}},"categories":[23],"tags":[],"class_list":["post-11494","post","type-post","status-publish","format-standard","has-post-thumbnail","hentry","category-entretenimiento"],"jetpack_publicize_connections":[],"aioseo_notices":[],"jetpack_featured_media_url":"https:\/\/samanoticiasdurango.com\/wp-content\/uploads\/XbZ3ukLe.jpg","featured_image_urls":{"full":["https:\/\/samanoticiasdurango.com\/wp-content\/uploads\/XbZ3ukLe.jpg",680,383,false],"thumbnail":["https:\/\/samanoticiasdurango.com\/wp-content\/uploads\/XbZ3ukLe-150x150.jpg",150,150,true],"medium":["https:\/\/samanoticiasdurango.com\/wp-content\/uploads\/XbZ3ukLe-300x169.jpg",300,169,true],"medium_large":["https:\/\/samanoticiasdurango.com\/wp-content\/uploads\/XbZ3ukLe.jpg",640,360,false],"large":["https:\/\/samanoticiasdurango.com\/wp-content\/uploads\/XbZ3ukLe.jpg",640,360,false],"1536x1536":["https:\/\/samanoticiasdurango.com\/wp-content\/uploads\/XbZ3ukLe.jpg",680,383,false],"2048x2048":["https:\/\/samanoticiasdurango.com\/wp-content\/uploads\/XbZ3ukLe.jpg",680,383,false],"chromenews-featured":["https:\/\/samanoticiasdurango.com\/wp-content\/uploads\/XbZ3ukLe.jpg",680,383,false],"chromenews-large":["https:\/\/samanoticiasdurango.com\/wp-content\/uploads\/XbZ3ukLe.jpg",680,383,false],"chromenews-medium":["https:\/\/samanoticiasdurango.com\/wp-content\/uploads\/XbZ3ukLe-590x383.jpg",590,383,true]},"author_info":{"display_name":"Redacci\u00f3n","author_link":"https:\/\/samanoticiasdurango.com\/index.php\/author\/jjsama13gmail-com\/"},"category_info":"<a href=\"https:\/\/samanoticiasdurango.com\/index.php\/category\/entretenimiento\/\" rel=\"category tag\">ENTRETENIMIENTO<\/a>","tag_info":"ENTRETENIMIENTO","comment_count":"0","jetpack_sharing_enabled":true,"_links":{"self":[{"href":"https:\/\/samanoticiasdurango.com\/index.php\/wp-json\/wp\/v2\/posts\/11494","targetHints":{"allow":["GET"]}}],"collection":[{"href":"https:\/\/samanoticiasdurango.com\/index.php\/wp-json\/wp\/v2\/posts"}],"about":[{"href":"https:\/\/samanoticiasdurango.com\/index.php\/wp-json\/wp\/v2\/types\/post"}],"author":[{"embeddable":true,"href":"https:\/\/samanoticiasdurango.com\/index.php\/wp-json\/wp\/v2\/users\/1"}],"replies":[{"embeddable":true,"href":"https:\/\/samanoticiasdurango.com\/index.php\/wp-json\/wp\/v2\/comments?post=11494"}],"version-history":[{"count":1,"href":"https:\/\/samanoticiasdurango.com\/index.php\/wp-json\/wp\/v2\/posts\/11494\/revisions"}],"predecessor-version":[{"id":11496,"href":"https:\/\/samanoticiasdurango.com\/index.php\/wp-json\/wp\/v2\/posts\/11494\/revisions\/11496"}],"wp:featuredmedia":[{"embeddable":true,"href":"https:\/\/samanoticiasdurango.com\/index.php\/wp-json\/wp\/v2\/media\/11495"}],"wp:attachment":[{"href":"https:\/\/samanoticiasdurango.com\/index.php\/wp-json\/wp\/v2\/media?parent=11494"}],"wp:term":[{"taxonomy":"category","embeddable":true,"href":"https:\/\/samanoticiasdurango.com\/index.php\/wp-json\/wp\/v2\/categories?post=11494"},{"taxonomy":"post_tag","embeddable":true,"href":"https:\/\/samanoticiasdurango.com\/index.php\/wp-json\/wp\/v2\/tags?post=11494"}],"curies":[{"name":"wp","href":"https:\/\/api.w.org\/{rel}","templated":true}]}}