{"id":11499,"date":"2024-10-02T03:43:13","date_gmt":"2024-10-02T03:43:13","guid":{"rendered":"http:\/\/samanoticiasdurango.com\/?p=11499"},"modified":"2024-10-02T03:43:14","modified_gmt":"2024-10-02T03:43:14","slug":"a-mexico-y-durango-les-ira-bien-con-claudia-hector-herrera","status":"publish","type":"post","link":"https:\/\/samanoticiasdurango.com\/index.php\/2024\/10\/02\/a-mexico-y-durango-les-ira-bien-con-claudia-hector-herrera\/","title":{"rendered":"A M\u00e9xico y Durango les ir\u00e1 bien con Claudia: H\u00e9ctor Herrera"},"content":{"rendered":"\n<p>\u2022 La primera presidenta de M\u00e9xico trabajar\u00e1 en beneficio de las y los duranguenses; promover\u00e1 el desarrollo econ\u00f3mico y social del pa\u00eds<\/p>\n\n\n\n<p>&#8220;A M\u00e9xico y Durango les espera un futuro prometedor bajo el liderazgo de Claudia Sheinbaum Pardo, como primera presidenta de M\u00e9xico, ya que la prioridad es el beneficio de los ciudadanos&#8221;, expres\u00f3 H\u00e9ctor Herrera N\u00fa\u00f1ez, presidente de la Junta de Gobierno y Coordinaci\u00f3n Pol\u00edtica del Congreso del Estado.<\/p>\n\n\n\n<p>Al felicitar Sheibaum Pardo por asumir la primera magistratura del pa\u00eds, el legislador destac\u00f3 que ella conoce las necesidades tanto de los duranguenses como de todos los mexicanos, y confi\u00f3 en que su gobierno trabajar\u00e1 en beneficio de las y los duranguenses promoviendo el desarrollo econ\u00f3mico y social del pa\u00eds.<\/p>\n\n\n\n<p>\u201cEsta es una nueva etapa para M\u00e9xico y para los duranguenses, una etapa que estar\u00e1 marcada por una estrecha coordinaci\u00f3n con el nuevo gobierno&#8221;, afirm\u00f3, subrayando que este trabajo conjunto ser\u00e1 clave para la entidad.<\/p>\n\n\n\n<p>Por ello, asegur\u00f3 que el gobernador Esteban Villegas Villarreal sabr\u00e1 hacer equipo con el nuevo gobierno federal para consolidar los proyectos estrat\u00e9gicos que Durango necesita para continuar creciendo y generando oportunidades para su poblaci\u00f3n.<\/p>\n\n\n\n<p>\u201cM\u00e1s all\u00e1 de las diferencias pol\u00edticas el mayor inter\u00e9s es el beneficio de todos los mexicanos a trav\u00e9s de la coordinaci\u00f3n con los estados y los municipios como lo ha dado a conocer la primera presidenta de M\u00e9xico durante su mensaje en el Congreso de la Uni\u00f3n\u201d, subray\u00f3 H\u00e9ctor Herrera.<\/p>\n\n\n\n<p>El tambi\u00e9n coordinador del Grupo Parlamentario de Morena, agreg\u00f3 que es el tiempo de dar continuidad a la Cuarta Transformaci\u00f3n que impuls\u00f3 Andr\u00e9s Manuel L\u00f3pez Obrador.<\/p>\n","protected":false},"excerpt":{"rendered":"<p>\u2022 La primera presidenta de M\u00e9xico trabajar\u00e1 en beneficio de las y los duranguenses; promover\u00e1<\/p>\n","protected":false},"author":1,"featured_media":11500,"comment_status":"open","ping_status":"open","sticky":false,"template":"","format":"standard","meta":{"om_disable_all_campaigns":false,"_monsterinsights_skip_tracking":false,"_monsterinsights_sitenote_active":false,"_monsterinsights_sitenote_note":"","_monsterinsights_sitenote_category":0,"_jetpack_memberships_contains_paid_content":false,"footnotes":"","jetpack_publicize_message":"","jetpack_publicize_feature_enabled":true,"jetpack_social_post_already_shared":false,"jetpack_social_options":{"image_generator_settings":{"template":"highway","enabled":false},"version":2}},"categories":[1],"tags":[],"class_list":["post-11499","post","type-post","status-publish","format-standard","has-post-thumbnail","hentry","category-archivo"],"jetpack_publicize_connections":[],"aioseo_notices":[],"jetpack_featured_media_url":"https:\/\/samanoticiasdurango.com\/wp-content\/uploads\/NEWS-SAMA.00_00_34_09.Imagen-fija003.jpg","featured_image_urls":{"full":["https:\/\/samanoticiasdurango.com\/wp-content\/uploads\/NEWS-SAMA.00_00_34_09.Imagen-fija003.jpg",680,383,false],"thumbnail":["https:\/\/samanoticiasdurango.com\/wp-content\/uploads\/NEWS-SAMA.00_00_34_09.Imagen-fija003-150x150.jpg",150,150,true],"medium":["https:\/\/samanoticiasdurango.com\/wp-content\/uploads\/NEWS-SAMA.00_00_34_09.Imagen-fija003-300x169.jpg",300,169,true],"medium_large":["https:\/\/samanoticiasdurango.com\/wp-content\/uploads\/NEWS-SAMA.00_00_34_09.Imagen-fija003.jpg",640,360,false],"large":["https:\/\/samanoticiasdurango.com\/wp-content\/uploads\/NEWS-SAMA.00_00_34_09.Imagen-fija003.jpg",640,360,false],"1536x1536":["https:\/\/samanoticiasdurango.com\/wp-content\/uploads\/NEWS-SAMA.00_00_34_09.Imagen-fija003.jpg",680,383,false],"2048x2048":["https:\/\/samanoticiasdurango.com\/wp-content\/uploads\/NEWS-SAMA.00_00_34_09.Imagen-fija003.jpg",680,383,false],"chromenews-featured":["https:\/\/samanoticiasdurango.com\/wp-content\/uploads\/NEWS-SAMA.00_00_34_09.Imagen-fija003.jpg",680,383,false],"chromenews-large":["https:\/\/samanoticiasdurango.com\/wp-content\/uploads\/NEWS-SAMA.00_00_34_09.Imagen-fija003.jpg",680,383,false],"chromenews-medium":["https:\/\/samanoticiasdurango.com\/wp-content\/uploads\/NEWS-SAMA.00_00_34_09.Imagen-fija003-590x383.jpg",590,383,true]},"author_info":{"display_name":"Redacci\u00f3n","author_link":"https:\/\/samanoticiasdurango.com\/index.php\/author\/jjsama13gmail-com\/"},"category_info":"<a href=\"https:\/\/samanoticiasdurango.com\/index.php\/category\/archivo\/\" rel=\"category tag\">DURANGO<\/a>","tag_info":"DURANGO","comment_count":"0","jetpack_sharing_enabled":true,"_links":{"self":[{"href":"https:\/\/samanoticiasdurango.com\/index.php\/wp-json\/wp\/v2\/posts\/11499","targetHints":{"allow":["GET"]}}],"collection":[{"href":"https:\/\/samanoticiasdurango.com\/index.php\/wp-json\/wp\/v2\/posts"}],"about":[{"href":"https:\/\/samanoticiasdurango.com\/index.php\/wp-json\/wp\/v2\/types\/post"}],"author":[{"embeddable":true,"href":"https:\/\/samanoticiasdurango.com\/index.php\/wp-json\/wp\/v2\/users\/1"}],"replies":[{"embeddable":true,"href":"https:\/\/samanoticiasdurango.com\/index.php\/wp-json\/wp\/v2\/comments?post=11499"}],"version-history":[{"count":1,"href":"https:\/\/samanoticiasdurango.com\/index.php\/wp-json\/wp\/v2\/posts\/11499\/revisions"}],"predecessor-version":[{"id":11501,"href":"https:\/\/samanoticiasdurango.com\/index.php\/wp-json\/wp\/v2\/posts\/11499\/revisions\/11501"}],"wp:featuredmedia":[{"embeddable":true,"href":"https:\/\/samanoticiasdurango.com\/index.php\/wp-json\/wp\/v2\/media\/11500"}],"wp:attachment":[{"href":"https:\/\/samanoticiasdurango.com\/index.php\/wp-json\/wp\/v2\/media?parent=11499"}],"wp:term":[{"taxonomy":"category","embeddable":true,"href":"https:\/\/samanoticiasdurango.com\/index.php\/wp-json\/wp\/v2\/categories?post=11499"},{"taxonomy":"post_tag","embeddable":true,"href":"https:\/\/samanoticiasdurango.com\/index.php\/wp-json\/wp\/v2\/tags?post=11499"}],"curies":[{"name":"wp","href":"https:\/\/api.w.org\/{rel}","templated":true}]}}