{"id":11510,"date":"2024-10-04T01:47:19","date_gmt":"2024-10-04T01:47:19","guid":{"rendered":"http:\/\/samanoticiasdurango.com\/?p=11510"},"modified":"2024-10-04T01:47:20","modified_gmt":"2024-10-04T01:47:20","slug":"floral-leal-propone-un-cobro-justo-del-dap-para-los-lerdenses-cumpliendo-con-el-reclamo-social-del-distrito-13","status":"publish","type":"post","link":"https:\/\/samanoticiasdurango.com\/index.php\/2024\/10\/04\/floral-leal-propone-un-cobro-justo-del-dap-para-los-lerdenses-cumpliendo-con-el-reclamo-social-del-distrito-13\/","title":{"rendered":"\u00a1Floral Leal propone un cobro justo del DAP para los lerdenses! Cumpliendo con el reclamo social del Distrito 13."},"content":{"rendered":"\n<p>Con el objetivo de establecer un cobro justo, equitativo por el Derecho de Alumbrado P\u00fablico (DAP) en Lerdo, la diputada Flora Isela Leal M\u00e9ndez, del Grupo Parlamentario de Morena, present\u00f3 la iniciativa de reforma a la Ley de Ingresos del Municipio que busca ajustar las tarifas de acuerdo al consumo real de los ciudadanos, respondiendo as\u00ed a una de las principales demandas de los lerdenses.<\/p>\n\n\n\n<p><br>Durante la exposici\u00f3n de motivos, la legisladora se\u00f1al\u00f3 que, en sus recorridos por el distrito 13, los habitantes de Lerdo han manifestado su inconformidad por el elevado costo del DAP, comparado con el municipio vecino de G\u00f3mez Palacio, por lo que a trav\u00e9s de esta propuesta legislativa se da respuesta a un compromiso que hizo en campa\u00f1a.<\/p>\n\n\n\n<p><br>En este sentido, la representante popular consider\u00f3 urgente reformar la ley para establecer tarifas diferenciadas que incluyan est\u00edmulos fiscales justos, garantizando el principio de proporcionalidad y equidad en beneficio de las familias. \u201cCon esta reforma atendemos el reclamo social de los lerdenses, quienes d\u00eda a d\u00eda se esfuerzan por mejorar su situaci\u00f3n econ\u00f3mica.<\/p>\n\n\n\n<p><br>\u201cCon estas acciones, damos respuesta al reclamo social de las familias lerdenses, que d\u00eda a d\u00eda trabajan arduamente para llevar el sustento a sus hogares, buscando siempre contar con Leyes que impacten en sus bolsillos de manera positiva\u201d, resalt\u00f3 Leal M\u00e9ndez.<\/p>\n\n\n\n<p><br>Explic\u00f3 que el servicio de alumbrado p\u00fablico es una responsabilidad municipal fundamental para garantizar la seguridad y mejorar la imagen urbana; por ello, la reforma busca asegurar un cobro adecuado por este servicio esencial.<\/p>\n\n\n\n<p><br>\u201cHagamos pol\u00edtica que transforme la realidad de quienes m\u00e1s lo necesitan, en l\u00ednea con los principios de la Cuarta Transformaci\u00f3n. No permitiremos gobiernos ricos con pueblo pobre\u201d, concluy\u00f3 la diputada.<\/p>\n","protected":false},"excerpt":{"rendered":"<p>Con el objetivo de establecer un cobro justo, equitativo por el Derecho de Alumbrado P\u00fablico<\/p>\n","protected":false},"author":1,"featured_media":11511,"comment_status":"open","ping_status":"open","sticky":false,"template":"","format":"standard","meta":{"om_disable_all_campaigns":false,"_monsterinsights_skip_tracking":false,"_monsterinsights_sitenote_active":false,"_monsterinsights_sitenote_note":"","_monsterinsights_sitenote_category":0,"_jetpack_memberships_contains_paid_content":false,"footnotes":"","jetpack_publicize_message":"","jetpack_publicize_feature_enabled":true,"jetpack_social_post_already_shared":false,"jetpack_social_options":{"image_generator_settings":{"template":"highway","enabled":false},"version":2}},"categories":[1],"tags":[],"class_list":["post-11510","post","type-post","status-publish","format-standard","has-post-thumbnail","hentry","category-archivo"],"jetpack_publicize_connections":[],"aioseo_notices":[],"jetpack_featured_media_url":"https:\/\/samanoticiasdurango.com\/wp-content\/uploads\/lerdo.jpg","featured_image_urls":{"full":["https:\/\/samanoticiasdurango.com\/wp-content\/uploads\/lerdo.jpg",828,466,false],"thumbnail":["https:\/\/samanoticiasdurango.com\/wp-content\/uploads\/lerdo-150x150.jpg",150,150,true],"medium":["https:\/\/samanoticiasdurango.com\/wp-content\/uploads\/lerdo-300x169.jpg",300,169,true],"medium_large":["https:\/\/samanoticiasdurango.com\/wp-content\/uploads\/lerdo-768x432.jpg",640,360,true],"large":["https:\/\/samanoticiasdurango.com\/wp-content\/uploads\/lerdo.jpg",640,360,false],"1536x1536":["https:\/\/samanoticiasdurango.com\/wp-content\/uploads\/lerdo.jpg",828,466,false],"2048x2048":["https:\/\/samanoticiasdurango.com\/wp-content\/uploads\/lerdo.jpg",828,466,false],"chromenews-featured":["https:\/\/samanoticiasdurango.com\/wp-content\/uploads\/lerdo.jpg",828,466,false],"chromenews-large":["https:\/\/samanoticiasdurango.com\/wp-content\/uploads\/lerdo-825x466.jpg",825,466,true],"chromenews-medium":["https:\/\/samanoticiasdurango.com\/wp-content\/uploads\/lerdo-590x410.jpg",590,410,true]},"author_info":{"display_name":"Redacci\u00f3n","author_link":"https:\/\/samanoticiasdurango.com\/index.php\/author\/jjsama13gmail-com\/"},"category_info":"<a href=\"https:\/\/samanoticiasdurango.com\/index.php\/category\/archivo\/\" rel=\"category tag\">DURANGO<\/a>","tag_info":"DURANGO","comment_count":"0","jetpack_sharing_enabled":true,"_links":{"self":[{"href":"https:\/\/samanoticiasdurango.com\/index.php\/wp-json\/wp\/v2\/posts\/11510","targetHints":{"allow":["GET"]}}],"collection":[{"href":"https:\/\/samanoticiasdurango.com\/index.php\/wp-json\/wp\/v2\/posts"}],"about":[{"href":"https:\/\/samanoticiasdurango.com\/index.php\/wp-json\/wp\/v2\/types\/post"}],"author":[{"embeddable":true,"href":"https:\/\/samanoticiasdurango.com\/index.php\/wp-json\/wp\/v2\/users\/1"}],"replies":[{"embeddable":true,"href":"https:\/\/samanoticiasdurango.com\/index.php\/wp-json\/wp\/v2\/comments?post=11510"}],"version-history":[{"count":1,"href":"https:\/\/samanoticiasdurango.com\/index.php\/wp-json\/wp\/v2\/posts\/11510\/revisions"}],"predecessor-version":[{"id":11512,"href":"https:\/\/samanoticiasdurango.com\/index.php\/wp-json\/wp\/v2\/posts\/11510\/revisions\/11512"}],"wp:featuredmedia":[{"embeddable":true,"href":"https:\/\/samanoticiasdurango.com\/index.php\/wp-json\/wp\/v2\/media\/11511"}],"wp:attachment":[{"href":"https:\/\/samanoticiasdurango.com\/index.php\/wp-json\/wp\/v2\/media?parent=11510"}],"wp:term":[{"taxonomy":"category","embeddable":true,"href":"https:\/\/samanoticiasdurango.com\/index.php\/wp-json\/wp\/v2\/categories?post=11510"},{"taxonomy":"post_tag","embeddable":true,"href":"https:\/\/samanoticiasdurango.com\/index.php\/wp-json\/wp\/v2\/tags?post=11510"}],"curies":[{"name":"wp","href":"https:\/\/api.w.org\/{rel}","templated":true}]}}