{"id":11517,"date":"2024-10-04T02:58:59","date_gmt":"2024-10-04T02:58:59","guid":{"rendered":"http:\/\/samanoticiasdurango.com\/?p=11517"},"modified":"2024-10-04T02:59:00","modified_gmt":"2024-10-04T02:59:00","slug":"en-solo-25-dias-la-brutal-guerra-entre-los-chapitos-y-mayiza-ha-dejado-mas-de-100-homicidios-y-cerca-de-200-desaparecidos-en-sinaloa","status":"publish","type":"post","link":"https:\/\/samanoticiasdurango.com\/index.php\/2024\/10\/04\/en-solo-25-dias-la-brutal-guerra-entre-los-chapitos-y-mayiza-ha-dejado-mas-de-100-homicidios-y-cerca-de-200-desaparecidos-en-sinaloa\/","title":{"rendered":"En solo 25 d\u00edas, la brutal guerra entre los Chapitos y Mayiza ha dejado m\u00e1s de 100 homicidios y cerca de 200 desaparecidos en Sinaloa."},"content":{"rendered":"\n<p>En apenas 25 d\u00edas, Sinaloa ha sido testigo de una escalofriante ola de violencia, con m\u00e1s de 100 homicidios y cerca de 200 desaparecidos. Los enfrentamientos entre los grupos criminales liderados por los &#8220;Chapitos&#8221; y &#8220;Mayiza&#8221; han generado un clima de terror en la regi\u00f3n.<\/p>\n\n\n\n<p>Los colectivos de familiares de desaparecidos han alzado la voz, demandando a los tres niveles de gobierno una respuesta efectiva ante esta crisis. <\/p>\n\n\n\n<p>A pesar de las numerosas denuncias y la creciente preocupaci\u00f3n de la sociedad civil, la situaci\u00f3n se ha intensificado, dejando a la poblaci\u00f3n en un estado de incertidumbre.<\/p>\n\n\n\n<p>La falta de intervenci\u00f3n contundente ha llevado a muchos a cuestionar la capacidad del Estado para garantizar la seguridad. <\/p>\n\n\n\n<p>En medio de esta brutalidad, la comunidad clama por justicia y protecci\u00f3n, esperando que las autoridades tomen medidas urgentes para poner fin a este ciclo de violencia que parece no tener fin. Las estad\u00edsticas son alarmantes y reflejan una realidad que requiere atenci\u00f3n inmediata.<\/p>\n","protected":false},"excerpt":{"rendered":"<p>En apenas 25 d\u00edas, Sinaloa ha sido testigo de una escalofriante ola de violencia, con<\/p>\n","protected":false},"author":1,"featured_media":11518,"comment_status":"open","ping_status":"open","sticky":false,"template":"","format":"standard","meta":{"om_disable_all_campaigns":false,"_monsterinsights_skip_tracking":false,"_monsterinsights_sitenote_active":false,"_monsterinsights_sitenote_note":"","_monsterinsights_sitenote_category":0,"_jetpack_memberships_contains_paid_content":false,"footnotes":"","jetpack_publicize_message":"","jetpack_publicize_feature_enabled":true,"jetpack_social_post_already_shared":false,"jetpack_social_options":{"image_generator_settings":{"template":"highway","enabled":false},"version":2}},"categories":[5],"tags":[],"class_list":["post-11517","post","type-post","status-publish","format-standard","has-post-thumbnail","hentry","category-nacional"],"jetpack_publicize_connections":[],"aioseo_notices":[],"jetpack_featured_media_url":"https:\/\/samanoticiasdurango.com\/wp-content\/uploads\/web-7.jpg","featured_image_urls":{"full":["https:\/\/samanoticiasdurango.com\/wp-content\/uploads\/web-7.jpg",828,466,false],"thumbnail":["https:\/\/samanoticiasdurango.com\/wp-content\/uploads\/web-7-150x150.jpg",150,150,true],"medium":["https:\/\/samanoticiasdurango.com\/wp-content\/uploads\/web-7-300x169.jpg",300,169,true],"medium_large":["https:\/\/samanoticiasdurango.com\/wp-content\/uploads\/web-7-768x432.jpg",640,360,true],"large":["https:\/\/samanoticiasdurango.com\/wp-content\/uploads\/web-7.jpg",640,360,false],"1536x1536":["https:\/\/samanoticiasdurango.com\/wp-content\/uploads\/web-7.jpg",828,466,false],"2048x2048":["https:\/\/samanoticiasdurango.com\/wp-content\/uploads\/web-7.jpg",828,466,false],"chromenews-featured":["https:\/\/samanoticiasdurango.com\/wp-content\/uploads\/web-7.jpg",828,466,false],"chromenews-large":["https:\/\/samanoticiasdurango.com\/wp-content\/uploads\/web-7-825x466.jpg",825,466,true],"chromenews-medium":["https:\/\/samanoticiasdurango.com\/wp-content\/uploads\/web-7-590x410.jpg",590,410,true]},"author_info":{"display_name":"Redacci\u00f3n","author_link":"https:\/\/samanoticiasdurango.com\/index.php\/author\/jjsama13gmail-com\/"},"category_info":"<a href=\"https:\/\/samanoticiasdurango.com\/index.php\/category\/nacional\/\" rel=\"category tag\">NACIONAL<\/a>","tag_info":"NACIONAL","comment_count":"0","jetpack_sharing_enabled":true,"_links":{"self":[{"href":"https:\/\/samanoticiasdurango.com\/index.php\/wp-json\/wp\/v2\/posts\/11517","targetHints":{"allow":["GET"]}}],"collection":[{"href":"https:\/\/samanoticiasdurango.com\/index.php\/wp-json\/wp\/v2\/posts"}],"about":[{"href":"https:\/\/samanoticiasdurango.com\/index.php\/wp-json\/wp\/v2\/types\/post"}],"author":[{"embeddable":true,"href":"https:\/\/samanoticiasdurango.com\/index.php\/wp-json\/wp\/v2\/users\/1"}],"replies":[{"embeddable":true,"href":"https:\/\/samanoticiasdurango.com\/index.php\/wp-json\/wp\/v2\/comments?post=11517"}],"version-history":[{"count":1,"href":"https:\/\/samanoticiasdurango.com\/index.php\/wp-json\/wp\/v2\/posts\/11517\/revisions"}],"predecessor-version":[{"id":11519,"href":"https:\/\/samanoticiasdurango.com\/index.php\/wp-json\/wp\/v2\/posts\/11517\/revisions\/11519"}],"wp:featuredmedia":[{"embeddable":true,"href":"https:\/\/samanoticiasdurango.com\/index.php\/wp-json\/wp\/v2\/media\/11518"}],"wp:attachment":[{"href":"https:\/\/samanoticiasdurango.com\/index.php\/wp-json\/wp\/v2\/media?parent=11517"}],"wp:term":[{"taxonomy":"category","embeddable":true,"href":"https:\/\/samanoticiasdurango.com\/index.php\/wp-json\/wp\/v2\/categories?post=11517"},{"taxonomy":"post_tag","embeddable":true,"href":"https:\/\/samanoticiasdurango.com\/index.php\/wp-json\/wp\/v2\/tags?post=11517"}],"curies":[{"name":"wp","href":"https:\/\/api.w.org\/{rel}","templated":true}]}}