{"id":11534,"date":"2024-10-05T13:57:07","date_gmt":"2024-10-05T13:57:07","guid":{"rendered":"http:\/\/samanoticiasdurango.com\/?p=11534"},"modified":"2024-10-05T13:57:08","modified_gmt":"2024-10-05T13:57:08","slug":"mexicana-acepta-culpa-por-trafico-de-personas-en-ee-uu-ramos-conspiro-para-trasladar-y-alojar-a-18-indocumentados","status":"publish","type":"post","link":"https:\/\/samanoticiasdurango.com\/index.php\/2024\/10\/05\/mexicana-acepta-culpa-por-trafico-de-personas-en-ee-uu-ramos-conspiro-para-trasladar-y-alojar-a-18-indocumentados\/","title":{"rendered":"Mexicana acepta culpa por tr\u00e1fico de personas en EE.UU. Ramos conspir\u00f3 para trasladar y alojar a 18 indocumentados."},"content":{"rendered":"\n<p>Una mujer mexicana se declar\u00f3 culpable de tr\u00e1fico de personas en Estados Unidos, enfrentando cargos graves que implican la conspiraci\u00f3n para transportar y albergar al menos 18 personas indocumentadas. Seg\u00fan las autoridades, esta actividad representa una violaci\u00f3n de las leyes de inmigraci\u00f3n y una amenaza a la seguridad de los migrantes, quienes a menudo se encuentran en situaciones vulnerables.<\/p>\n\n\n\n<p>El caso de Ramos destaca los peligros del tr\u00e1fico de personas y c\u00f3mo las redes criminales se aprovechan de la desesperaci\u00f3n de aquellos que buscan una mejor vida. Las consecuencias legales para los involucrados en este tipo de actividades son severas, con penas que pueden alcanzar varios a\u00f1os de prisi\u00f3n.<\/p>\n\n\n\n<p>Las autoridades han intensificado sus esfuerzos para desmantelar estas redes de tr\u00e1fico, conscientes de que cada persona indocumentada es potencialmente v\u00edctima de explotaci\u00f3n y abuso. Este tipo de delitos no solo afecta a los individuos involucrados, sino que tambi\u00e9n tiene un impacto significativo en las comunidades y en la seguridad p\u00fablica.<\/p>\n\n\n\n<p>Ramos, quien se enfrenta a una posible condena de a\u00f1os tras las rejas, es un recordatorio de la complejidad de los problemas relacionados con la migraci\u00f3n y el tr\u00e1fico de personas en la frontera entre M\u00e9xico y Estados Unidos.<\/p>\n","protected":false},"excerpt":{"rendered":"<p>Una mujer mexicana se declar\u00f3 culpable de tr\u00e1fico de personas en Estados Unidos, enfrentando cargos<\/p>\n","protected":false},"author":1,"featured_media":11535,"comment_status":"open","ping_status":"open","sticky":false,"template":"","format":"standard","meta":{"om_disable_all_campaigns":false,"_monsterinsights_skip_tracking":false,"_monsterinsights_sitenote_active":false,"_monsterinsights_sitenote_note":"","_monsterinsights_sitenote_category":0,"_jetpack_memberships_contains_paid_content":false,"footnotes":"","jetpack_publicize_message":"","jetpack_publicize_feature_enabled":true,"jetpack_social_post_already_shared":false,"jetpack_social_options":{"image_generator_settings":{"template":"highway","enabled":false},"version":2}},"categories":[6],"tags":[],"class_list":["post-11534","post","type-post","status-publish","format-standard","has-post-thumbnail","hentry","category-internacional"],"jetpack_publicize_connections":[],"aioseo_notices":[],"jetpack_featured_media_url":"https:\/\/samanoticiasdurango.com\/wp-content\/uploads\/NEWS-SAMA.00_00_04_05.Imagen-fija004.jpg","featured_image_urls":{"full":["https:\/\/samanoticiasdurango.com\/wp-content\/uploads\/NEWS-SAMA.00_00_04_05.Imagen-fija004.jpg",828,466,false],"thumbnail":["https:\/\/samanoticiasdurango.com\/wp-content\/uploads\/NEWS-SAMA.00_00_04_05.Imagen-fija004-150x150.jpg",150,150,true],"medium":["https:\/\/samanoticiasdurango.com\/wp-content\/uploads\/NEWS-SAMA.00_00_04_05.Imagen-fija004-300x169.jpg",300,169,true],"medium_large":["https:\/\/samanoticiasdurango.com\/wp-content\/uploads\/NEWS-SAMA.00_00_04_05.Imagen-fija004-768x432.jpg",640,360,true],"large":["https:\/\/samanoticiasdurango.com\/wp-content\/uploads\/NEWS-SAMA.00_00_04_05.Imagen-fija004.jpg",640,360,false],"1536x1536":["https:\/\/samanoticiasdurango.com\/wp-content\/uploads\/NEWS-SAMA.00_00_04_05.Imagen-fija004.jpg",828,466,false],"2048x2048":["https:\/\/samanoticiasdurango.com\/wp-content\/uploads\/NEWS-SAMA.00_00_04_05.Imagen-fija004.jpg",828,466,false],"chromenews-featured":["https:\/\/samanoticiasdurango.com\/wp-content\/uploads\/NEWS-SAMA.00_00_04_05.Imagen-fija004.jpg",828,466,false],"chromenews-large":["https:\/\/samanoticiasdurango.com\/wp-content\/uploads\/NEWS-SAMA.00_00_04_05.Imagen-fija004-825x466.jpg",825,466,true],"chromenews-medium":["https:\/\/samanoticiasdurango.com\/wp-content\/uploads\/NEWS-SAMA.00_00_04_05.Imagen-fija004-590x410.jpg",590,410,true]},"author_info":{"display_name":"Redacci\u00f3n","author_link":"https:\/\/samanoticiasdurango.com\/index.php\/author\/jjsama13gmail-com\/"},"category_info":"<a href=\"https:\/\/samanoticiasdurango.com\/index.php\/category\/internacional\/\" rel=\"category tag\">INTERNACIONAL<\/a>","tag_info":"INTERNACIONAL","comment_count":"0","jetpack_sharing_enabled":true,"_links":{"self":[{"href":"https:\/\/samanoticiasdurango.com\/index.php\/wp-json\/wp\/v2\/posts\/11534","targetHints":{"allow":["GET"]}}],"collection":[{"href":"https:\/\/samanoticiasdurango.com\/index.php\/wp-json\/wp\/v2\/posts"}],"about":[{"href":"https:\/\/samanoticiasdurango.com\/index.php\/wp-json\/wp\/v2\/types\/post"}],"author":[{"embeddable":true,"href":"https:\/\/samanoticiasdurango.com\/index.php\/wp-json\/wp\/v2\/users\/1"}],"replies":[{"embeddable":true,"href":"https:\/\/samanoticiasdurango.com\/index.php\/wp-json\/wp\/v2\/comments?post=11534"}],"version-history":[{"count":1,"href":"https:\/\/samanoticiasdurango.com\/index.php\/wp-json\/wp\/v2\/posts\/11534\/revisions"}],"predecessor-version":[{"id":11536,"href":"https:\/\/samanoticiasdurango.com\/index.php\/wp-json\/wp\/v2\/posts\/11534\/revisions\/11536"}],"wp:featuredmedia":[{"embeddable":true,"href":"https:\/\/samanoticiasdurango.com\/index.php\/wp-json\/wp\/v2\/media\/11535"}],"wp:attachment":[{"href":"https:\/\/samanoticiasdurango.com\/index.php\/wp-json\/wp\/v2\/media?parent=11534"}],"wp:term":[{"taxonomy":"category","embeddable":true,"href":"https:\/\/samanoticiasdurango.com\/index.php\/wp-json\/wp\/v2\/categories?post=11534"},{"taxonomy":"post_tag","embeddable":true,"href":"https:\/\/samanoticiasdurango.com\/index.php\/wp-json\/wp\/v2\/tags?post=11534"}],"curies":[{"name":"wp","href":"https:\/\/api.w.org\/{rel}","templated":true}]}}