{"id":11557,"date":"2024-10-05T19:20:25","date_gmt":"2024-10-05T19:20:25","guid":{"rendered":"http:\/\/samanoticiasdurango.com\/?p=11557"},"modified":"2024-10-05T19:21:07","modified_gmt":"2024-10-05T19:21:07","slug":"ataque-en-bar-de-celaya-cobra-3-vidas-guanajuato-ya-suma-32-homicidios-en-octubre-celaya-guanajuato-violencia","status":"publish","type":"post","link":"https:\/\/samanoticiasdurango.com\/index.php\/2024\/10\/05\/ataque-en-bar-de-celaya-cobra-3-vidas-guanajuato-ya-suma-32-homicidios-en-octubre-celaya-guanajuato-violencia\/","title":{"rendered":"Ataque en bar de Celaya cobra 3 vidas; Guanajuato ya suma 32 homicidios en octubre."},"content":{"rendered":"\n<p>En una nueva ola de violencia que sacude al estado de Guanajuato, un ataque armado en un bar de Celaya ha dejado un saldo tr\u00e1gico de tres personas fallecidas. Este incidente es parte de un preocupante patr\u00f3n de homicidios que ha cobrado 32 vidas en lo que va del mes.<\/p>\n\n\n\n<p>Seg\u00fan informes preliminares, hombres armados irrumpieron en el establecimiento durante la noche, disparando indiscriminadamente contra los presentes. Testigos aseguraron haber escuchado m\u00faltiples detonaciones, lo que gener\u00f3 p\u00e1nico entre los clientes y trabajadores del lugar. Las autoridades locales est\u00e1n investigando el ataque y han implementado operativos en la zona para dar con los responsables.<\/p>\n\n\n\n<p>Este suceso no solo resalta la creciente inseguridad en Celaya, sino que tambi\u00e9n pone de relieve una problem\u00e1tica m\u00e1s amplia en el estado, donde la lucha entre c\u00e1rteles de la droga y la falta de control por parte de las fuerzas de seguridad han contribuido a un aumento alarmante de la violencia.<\/p>\n\n\n\n<p>Las autoridades estatales han hecho un llamado a la poblaci\u00f3n para que colabore con informaci\u00f3n que pueda ser \u00fatil en la investigaci\u00f3n, mientras que organizaciones de derechos humanos han expresado su preocupaci\u00f3n ante el incremento de la violencia y la necesidad urgente de pol\u00edticas efectivas de seguridad y justicia.<\/p>\n\n\n\n<p>La comunidad se encuentra en duelo por estas p\u00e9rdidas, y muchos exigen respuestas y acciones concretas para frenar la espiral de violencia que afecta a Guanajuato y, en particular, a Celaya. Las familias de las v\u00edctimas buscan justicia en medio de un panorama que parece cada vez m\u00e1s desalentador.<\/p>\n\n\n\n<p><\/p>\n","protected":false},"excerpt":{"rendered":"<p>En una nueva ola de violencia que sacude al estado de Guanajuato, un ataque armado<\/p>\n","protected":false},"author":1,"featured_media":11558,"comment_status":"open","ping_status":"open","sticky":false,"template":"","format":"standard","meta":{"om_disable_all_campaigns":false,"_monsterinsights_skip_tracking":false,"_monsterinsights_sitenote_active":false,"_monsterinsights_sitenote_note":"","_monsterinsights_sitenote_category":0,"_jetpack_memberships_contains_paid_content":false,"footnotes":"","jetpack_publicize_message":"","jetpack_publicize_feature_enabled":true,"jetpack_social_post_already_shared":false,"jetpack_social_options":{"image_generator_settings":{"template":"highway","enabled":false},"version":2}},"categories":[5],"tags":[],"class_list":["post-11557","post","type-post","status-publish","format-standard","has-post-thumbnail","hentry","category-nacional"],"jetpack_publicize_connections":[],"aioseo_notices":[],"jetpack_featured_media_url":"https:\/\/samanoticiasdurango.com\/wp-content\/uploads\/9-5.jpg","featured_image_urls":{"full":["https:\/\/samanoticiasdurango.com\/wp-content\/uploads\/9-5.jpg",680,383,false],"thumbnail":["https:\/\/samanoticiasdurango.com\/wp-content\/uploads\/9-5-150x150.jpg",150,150,true],"medium":["https:\/\/samanoticiasdurango.com\/wp-content\/uploads\/9-5-300x169.jpg",300,169,true],"medium_large":["https:\/\/samanoticiasdurango.com\/wp-content\/uploads\/9-5.jpg",640,360,false],"large":["https:\/\/samanoticiasdurango.com\/wp-content\/uploads\/9-5.jpg",640,360,false],"1536x1536":["https:\/\/samanoticiasdurango.com\/wp-content\/uploads\/9-5.jpg",680,383,false],"2048x2048":["https:\/\/samanoticiasdurango.com\/wp-content\/uploads\/9-5.jpg",680,383,false],"chromenews-featured":["https:\/\/samanoticiasdurango.com\/wp-content\/uploads\/9-5.jpg",680,383,false],"chromenews-large":["https:\/\/samanoticiasdurango.com\/wp-content\/uploads\/9-5.jpg",680,383,false],"chromenews-medium":["https:\/\/samanoticiasdurango.com\/wp-content\/uploads\/9-5-590x383.jpg",590,383,true]},"author_info":{"display_name":"Redacci\u00f3n","author_link":"https:\/\/samanoticiasdurango.com\/index.php\/author\/jjsama13gmail-com\/"},"category_info":"<a href=\"https:\/\/samanoticiasdurango.com\/index.php\/category\/nacional\/\" rel=\"category tag\">NACIONAL<\/a>","tag_info":"NACIONAL","comment_count":"0","jetpack_sharing_enabled":true,"_links":{"self":[{"href":"https:\/\/samanoticiasdurango.com\/index.php\/wp-json\/wp\/v2\/posts\/11557","targetHints":{"allow":["GET"]}}],"collection":[{"href":"https:\/\/samanoticiasdurango.com\/index.php\/wp-json\/wp\/v2\/posts"}],"about":[{"href":"https:\/\/samanoticiasdurango.com\/index.php\/wp-json\/wp\/v2\/types\/post"}],"author":[{"embeddable":true,"href":"https:\/\/samanoticiasdurango.com\/index.php\/wp-json\/wp\/v2\/users\/1"}],"replies":[{"embeddable":true,"href":"https:\/\/samanoticiasdurango.com\/index.php\/wp-json\/wp\/v2\/comments?post=11557"}],"version-history":[{"count":2,"href":"https:\/\/samanoticiasdurango.com\/index.php\/wp-json\/wp\/v2\/posts\/11557\/revisions"}],"predecessor-version":[{"id":11560,"href":"https:\/\/samanoticiasdurango.com\/index.php\/wp-json\/wp\/v2\/posts\/11557\/revisions\/11560"}],"wp:featuredmedia":[{"embeddable":true,"href":"https:\/\/samanoticiasdurango.com\/index.php\/wp-json\/wp\/v2\/media\/11558"}],"wp:attachment":[{"href":"https:\/\/samanoticiasdurango.com\/index.php\/wp-json\/wp\/v2\/media?parent=11557"}],"wp:term":[{"taxonomy":"category","embeddable":true,"href":"https:\/\/samanoticiasdurango.com\/index.php\/wp-json\/wp\/v2\/categories?post=11557"},{"taxonomy":"post_tag","embeddable":true,"href":"https:\/\/samanoticiasdurango.com\/index.php\/wp-json\/wp\/v2\/tags?post=11557"}],"curies":[{"name":"wp","href":"https:\/\/api.w.org\/{rel}","templated":true}]}}