{"id":11573,"date":"2024-10-06T14:59:58","date_gmt":"2024-10-06T14:59:58","guid":{"rendered":"http:\/\/samanoticiasdurango.com\/?p=11573"},"modified":"2024-10-06T14:59:59","modified_gmt":"2024-10-06T14:59:59","slug":"reos-protestan-dentro-de-penal-de-morelos-y-desatan-enfrentamiento-con-autoridades","status":"publish","type":"post","link":"https:\/\/samanoticiasdurango.com\/index.php\/2024\/10\/06\/reos-protestan-dentro-de-penal-de-morelos-y-desatan-enfrentamiento-con-autoridades\/","title":{"rendered":"Reos protestan dentro de penal de Morelos y desatan enfrentamiento con autoridades"},"content":{"rendered":"\n<p>Recientemente, el penal de Morelos se convirti\u00f3 en el escenario de una tensa protesta por parte de los reos, quienes exigieron mejoras en las condiciones de vida dentro del centro penitenciario. Los internos, frustrados por la falta de atenci\u00f3n a sus reclamos, decidieron llevar a cabo una manifestaci\u00f3n que r\u00e1pidamente escal\u00f3 en violencia.<\/p>\n\n\n\n<p>Los incidentes comenzaron cuando un grupo de reos se reuni\u00f3 para demandar acceso a atenci\u00f3n m\u00e9dica adecuada, alimentaci\u00f3n suficiente y reducci\u00f3n de tiempos de visita. Sin embargo, la situaci\u00f3n se complic\u00f3 cuando algunos individuos intentaron tomar el control de una zona del penal, lo que llev\u00f3 a un enfrentamiento directo con las autoridades.<\/p>\n\n\n\n<p>Las fuerzas de seguridad, alertadas por la alteraci\u00f3n del orden, respondieron con un operativo que incluy\u00f3 el uso de gases lacrim\u00f3genos para dispersar a los manifestantes. A pesar de los intentos de di\u00e1logo por parte de los funcionarios, la tensi\u00f3n aument\u00f3 y se reportaron varios heridos, tanto entre los reos como entre los agentes.<\/p>\n\n\n\n<p>Las autoridades anunciaron que se abrir\u00e1 una investigaci\u00f3n para esclarecer los hechos y evaluar la situaci\u00f3n dentro del penal. Este incidente ha reavivado el debate sobre las condiciones carcelarias en M\u00e9xico y la necesidad urgente de reformas que garanticen un tratamiento humano para los internos.<\/p>\n","protected":false},"excerpt":{"rendered":"<p>Recientemente, el penal de Morelos se convirti\u00f3 en el escenario de una tensa protesta por<\/p>\n","protected":false},"author":1,"featured_media":11574,"comment_status":"open","ping_status":"open","sticky":false,"template":"","format":"standard","meta":{"om_disable_all_campaigns":false,"_monsterinsights_skip_tracking":false,"_monsterinsights_sitenote_active":false,"_monsterinsights_sitenote_note":"","_monsterinsights_sitenote_category":0,"_jetpack_memberships_contains_paid_content":false,"footnotes":"","jetpack_publicize_message":"","jetpack_publicize_feature_enabled":true,"jetpack_social_post_already_shared":false,"jetpack_social_options":{"image_generator_settings":{"template":"highway","enabled":false},"version":2}},"categories":[5],"tags":[],"class_list":["post-11573","post","type-post","status-publish","format-standard","has-post-thumbnail","hentry","category-nacional"],"jetpack_publicize_connections":[],"aioseo_notices":[],"jetpack_featured_media_url":"https:\/\/samanoticiasdurango.com\/wp-content\/uploads\/QddazDNw.jpg","featured_image_urls":{"full":["https:\/\/samanoticiasdurango.com\/wp-content\/uploads\/QddazDNw.jpg",680,340,false],"thumbnail":["https:\/\/samanoticiasdurango.com\/wp-content\/uploads\/QddazDNw-150x150.jpg",150,150,true],"medium":["https:\/\/samanoticiasdurango.com\/wp-content\/uploads\/QddazDNw-300x150.jpg",300,150,true],"medium_large":["https:\/\/samanoticiasdurango.com\/wp-content\/uploads\/QddazDNw.jpg",640,320,false],"large":["https:\/\/samanoticiasdurango.com\/wp-content\/uploads\/QddazDNw.jpg",640,320,false],"1536x1536":["https:\/\/samanoticiasdurango.com\/wp-content\/uploads\/QddazDNw.jpg",680,340,false],"2048x2048":["https:\/\/samanoticiasdurango.com\/wp-content\/uploads\/QddazDNw.jpg",680,340,false],"chromenews-featured":["https:\/\/samanoticiasdurango.com\/wp-content\/uploads\/QddazDNw.jpg",680,340,false],"chromenews-large":["https:\/\/samanoticiasdurango.com\/wp-content\/uploads\/QddazDNw.jpg",680,340,false],"chromenews-medium":["https:\/\/samanoticiasdurango.com\/wp-content\/uploads\/QddazDNw-590x340.jpg",590,340,true]},"author_info":{"display_name":"Redacci\u00f3n","author_link":"https:\/\/samanoticiasdurango.com\/index.php\/author\/jjsama13gmail-com\/"},"category_info":"<a href=\"https:\/\/samanoticiasdurango.com\/index.php\/category\/nacional\/\" rel=\"category tag\">NACIONAL<\/a>","tag_info":"NACIONAL","comment_count":"0","jetpack_sharing_enabled":true,"_links":{"self":[{"href":"https:\/\/samanoticiasdurango.com\/index.php\/wp-json\/wp\/v2\/posts\/11573","targetHints":{"allow":["GET"]}}],"collection":[{"href":"https:\/\/samanoticiasdurango.com\/index.php\/wp-json\/wp\/v2\/posts"}],"about":[{"href":"https:\/\/samanoticiasdurango.com\/index.php\/wp-json\/wp\/v2\/types\/post"}],"author":[{"embeddable":true,"href":"https:\/\/samanoticiasdurango.com\/index.php\/wp-json\/wp\/v2\/users\/1"}],"replies":[{"embeddable":true,"href":"https:\/\/samanoticiasdurango.com\/index.php\/wp-json\/wp\/v2\/comments?post=11573"}],"version-history":[{"count":1,"href":"https:\/\/samanoticiasdurango.com\/index.php\/wp-json\/wp\/v2\/posts\/11573\/revisions"}],"predecessor-version":[{"id":11575,"href":"https:\/\/samanoticiasdurango.com\/index.php\/wp-json\/wp\/v2\/posts\/11573\/revisions\/11575"}],"wp:featuredmedia":[{"embeddable":true,"href":"https:\/\/samanoticiasdurango.com\/index.php\/wp-json\/wp\/v2\/media\/11574"}],"wp:attachment":[{"href":"https:\/\/samanoticiasdurango.com\/index.php\/wp-json\/wp\/v2\/media?parent=11573"}],"wp:term":[{"taxonomy":"category","embeddable":true,"href":"https:\/\/samanoticiasdurango.com\/index.php\/wp-json\/wp\/v2\/categories?post=11573"},{"taxonomy":"post_tag","embeddable":true,"href":"https:\/\/samanoticiasdurango.com\/index.php\/wp-json\/wp\/v2\/tags?post=11573"}],"curies":[{"name":"wp","href":"https:\/\/api.w.org\/{rel}","templated":true}]}}