{"id":11590,"date":"2024-10-08T21:34:34","date_gmt":"2024-10-08T21:34:34","guid":{"rendered":"http:\/\/samanoticiasdurango.com\/?p=11590"},"modified":"2024-10-08T21:34:35","modified_gmt":"2024-10-08T21:34:35","slug":"comparecencias-tematicas-que-marcan-el-rumbo-politico-del-2025","status":"publish","type":"post","link":"https:\/\/samanoticiasdurango.com\/index.php\/2024\/10\/08\/comparecencias-tematicas-que-marcan-el-rumbo-politico-del-2025\/","title":{"rendered":"Comparecencias tem\u00e1ticas que marcan el rumbo pol\u00edtico del 2025"},"content":{"rendered":"\n<p>Bajo un nuevo formato y ejes tem\u00e1ticos para tener una visi\u00f3n m\u00e1s integral del trabajo de la administraci\u00f3n estatal, dieron inicio las comparecencias en el Congreso del Estado como parte de la glosa del segundo informe de gobierno de Esteban Villegas Villarreal; pero tambi\u00e9n se convierte en un term\u00f3metro del clima pol\u00edtico que se vive en Durango, con actores clave que empiezan a perfilarse para los retos electorales de 2025.<\/p>\n\n\n\n<p>Este modelo de comparecencias tem\u00e1ticas, a diferencia de los formatos tradicionales, permite a los legisladores y ciudadanos obtener respuestas m\u00e1s claras y directas sobre \u00e1reas clave de la administraci\u00f3n p\u00fablica; resultado de los acuerdos entre los integrantes de la Junta de Gobierno y Coordinaci\u00f3n Pol\u00edtica, que encabeza H\u00e9ctor Herrera N\u00fa\u00f1ez.<\/p>\n\n\n\n<p>En esta primera jornada, comparecieron Julio David Pay\u00e1n Guerrero, Secretario de Bienestar Social; el Dr. Mois\u00e9s N\u00e1jera Torres, Secretario de Salud; y Guillermo Adame Calder\u00f3n, Secretario de Educaci\u00f3n. Este \u00faltimo, adem\u00e1s de su gesti\u00f3n en el \u00e1mbito educativo, ha sido mencionado como un posible contendiente para la alcald\u00eda de la capital, lo que a\u00f1ade un tinte pol\u00edtico a su actuaci\u00f3n en la comparecencia.<\/p>\n\n\n\n<p>El enfoque tem\u00e1tico permiti\u00f3 que los secretarios respondieron a cuestionamientos enfocados en sus respectivas \u00e1reas, sin que las respuestas se diluyeran en temas no relacionados; as\u00ed como una mayor profundizaci\u00f3n en los temas abordados, desde el combate a la pobreza y la atenci\u00f3n m\u00e9dica, hasta el estado de la educaci\u00f3n en la entidad.<\/p>\n\n\n\n<p>Uno de los puntos m\u00e1s interesantes de la jornada fue que las preguntas de los legisladores surgieron de los reclamos y preocupaciones expresadas por la ciudadan\u00eda en sus distritos, lo que le dio mucho m\u00e1s cercano a las comparecencias, vinculando directamente las preocupaciones sociales con la rendici\u00f3n de cuentas.<\/p>\n\n\n\n<p>En el \u00e1mbito de Bienestar Social, Julio Pay\u00e1n Guerrero tuvo que responder sobre las acciones del gobierno para reducir la desigualdad y atender a los sectores m\u00e1s vulnerables, especialmente en las zonas rurales. En tanto, el Dr. Mois\u00e9s N\u00e1jera enfrent\u00f3 cuestionamientos sobre el abasto de medicamentos y los avances en infraestructura hospitalaria, temas que han sido una preocupaci\u00f3n constante entre los duranguenses, lo cual se ha atendido con la Ruta de la Salud Brigadas con Valor que llega a las comunidades m\u00e1s alejadas.<\/p>\n\n\n\n<p>Por su parte, Guillermo Adame no solo habl\u00f3 de los retos en materia educativa, como el rezago escolar post-pandemia, sino tambi\u00e9n de sus visitas a territorio para evaluar de primera mano las condiciones de las escuelas y la calidad educativa en los municipios m\u00e1s apartados.<\/p>\n\n\n\n<p>El formato, aunque novedoso, gener\u00f3 algunas complicaciones, ya que a algunos diputados y diputadas les falt\u00f3 tiempo para abordar todos los temas de manera exhaustiva; sin embargo, la mayor\u00eda coincidi\u00f3 en que este esquema es un avance hacia una rendici\u00f3n de cuentas m\u00e1s eficiente y cercana a la ciudadan\u00eda.<\/p>\n\n\n\n<p>Este primer ejercicio tem\u00e1tico en las comparecencias abre la puerta a un modelo m\u00e1s din\u00e1mico y efectivo de interacci\u00f3n entre el Legislativo y el Ejecutivo; pero tambi\u00e9n la glosa del segundo informe de Esteban Villegas no solo se convierte en un espacio para el an\u00e1lisis de su gesti\u00f3n, sino el inicio de una carrera pol\u00edtica que tendr\u00e1n varios funcionarios como protagonistas en el pr\u00f3ximo proceso electoral.<\/p>\n","protected":false},"excerpt":{"rendered":"<p>Bajo un nuevo formato y ejes tem\u00e1ticos para tener una visi\u00f3n m\u00e1s integral del trabajo<\/p>\n","protected":false},"author":1,"featured_media":11591,"comment_status":"open","ping_status":"open","sticky":false,"template":"","format":"standard","meta":{"om_disable_all_campaigns":false,"_monsterinsights_skip_tracking":false,"_monsterinsights_sitenote_active":false,"_monsterinsights_sitenote_note":"","_monsterinsights_sitenote_category":0,"_jetpack_memberships_contains_paid_content":false,"footnotes":"","jetpack_publicize_message":"","jetpack_publicize_feature_enabled":true,"jetpack_social_post_already_shared":false,"jetpack_social_options":{"image_generator_settings":{"template":"highway","enabled":false},"version":2}},"categories":[18],"tags":[],"class_list":["post-11590","post","type-post","status-publish","format-standard","has-post-thumbnail","hentry","category-colaboracion"],"jetpack_publicize_connections":[],"aioseo_notices":[],"jetpack_featured_media_url":"https:\/\/samanoticiasdurango.com\/wp-content\/uploads\/WhatsApp-Image-2024-10-08-at-3.04.28-PM.jpeg","featured_image_urls":{"full":["https:\/\/samanoticiasdurango.com\/wp-content\/uploads\/WhatsApp-Image-2024-10-08-at-3.04.28-PM.jpeg",1280,853,false],"thumbnail":["https:\/\/samanoticiasdurango.com\/wp-content\/uploads\/WhatsApp-Image-2024-10-08-at-3.04.28-PM-150x150.jpeg",150,150,true],"medium":["https:\/\/samanoticiasdurango.com\/wp-content\/uploads\/WhatsApp-Image-2024-10-08-at-3.04.28-PM-300x200.jpeg",300,200,true],"medium_large":["https:\/\/samanoticiasdurango.com\/wp-content\/uploads\/WhatsApp-Image-2024-10-08-at-3.04.28-PM-768x512.jpeg",640,427,true],"large":["https:\/\/samanoticiasdurango.com\/wp-content\/uploads\/WhatsApp-Image-2024-10-08-at-3.04.28-PM-1024x682.jpeg",640,426,true],"1536x1536":["https:\/\/samanoticiasdurango.com\/wp-content\/uploads\/WhatsApp-Image-2024-10-08-at-3.04.28-PM.jpeg",1280,853,false],"2048x2048":["https:\/\/samanoticiasdurango.com\/wp-content\/uploads\/WhatsApp-Image-2024-10-08-at-3.04.28-PM.jpeg",1280,853,false],"chromenews-featured":["https:\/\/samanoticiasdurango.com\/wp-content\/uploads\/WhatsApp-Image-2024-10-08-at-3.04.28-PM-1024x682.jpeg",1024,682,true],"chromenews-large":["https:\/\/samanoticiasdurango.com\/wp-content\/uploads\/WhatsApp-Image-2024-10-08-at-3.04.28-PM-825x575.jpeg",825,575,true],"chromenews-medium":["https:\/\/samanoticiasdurango.com\/wp-content\/uploads\/WhatsApp-Image-2024-10-08-at-3.04.28-PM-590x410.jpeg",590,410,true]},"author_info":{"display_name":"Redacci\u00f3n","author_link":"https:\/\/samanoticiasdurango.com\/index.php\/author\/jjsama13gmail-com\/"},"category_info":"<a href=\"https:\/\/samanoticiasdurango.com\/index.php\/category\/colaboracion\/\" rel=\"category tag\">OPINION<\/a>","tag_info":"OPINION","comment_count":"0","jetpack_sharing_enabled":true,"_links":{"self":[{"href":"https:\/\/samanoticiasdurango.com\/index.php\/wp-json\/wp\/v2\/posts\/11590","targetHints":{"allow":["GET"]}}],"collection":[{"href":"https:\/\/samanoticiasdurango.com\/index.php\/wp-json\/wp\/v2\/posts"}],"about":[{"href":"https:\/\/samanoticiasdurango.com\/index.php\/wp-json\/wp\/v2\/types\/post"}],"author":[{"embeddable":true,"href":"https:\/\/samanoticiasdurango.com\/index.php\/wp-json\/wp\/v2\/users\/1"}],"replies":[{"embeddable":true,"href":"https:\/\/samanoticiasdurango.com\/index.php\/wp-json\/wp\/v2\/comments?post=11590"}],"version-history":[{"count":1,"href":"https:\/\/samanoticiasdurango.com\/index.php\/wp-json\/wp\/v2\/posts\/11590\/revisions"}],"predecessor-version":[{"id":11592,"href":"https:\/\/samanoticiasdurango.com\/index.php\/wp-json\/wp\/v2\/posts\/11590\/revisions\/11592"}],"wp:featuredmedia":[{"embeddable":true,"href":"https:\/\/samanoticiasdurango.com\/index.php\/wp-json\/wp\/v2\/media\/11591"}],"wp:attachment":[{"href":"https:\/\/samanoticiasdurango.com\/index.php\/wp-json\/wp\/v2\/media?parent=11590"}],"wp:term":[{"taxonomy":"category","embeddable":true,"href":"https:\/\/samanoticiasdurango.com\/index.php\/wp-json\/wp\/v2\/categories?post=11590"},{"taxonomy":"post_tag","embeddable":true,"href":"https:\/\/samanoticiasdurango.com\/index.php\/wp-json\/wp\/v2\/tags?post=11590"}],"curies":[{"name":"wp","href":"https:\/\/api.w.org\/{rel}","templated":true}]}}