{"id":11594,"date":"2024-10-09T00:03:54","date_gmt":"2024-10-09T00:03:54","guid":{"rendered":"http:\/\/samanoticiasdurango.com\/?p=11594"},"modified":"2024-10-09T00:03:55","modified_gmt":"2024-10-09T00:03:55","slug":"claudia-sheinbaum-debe-enfrentar-retos-importantes-asegura-ernesto-alanis","status":"publish","type":"post","link":"https:\/\/samanoticiasdurango.com\/index.php\/2024\/10\/09\/claudia-sheinbaum-debe-enfrentar-retos-importantes-asegura-ernesto-alanis\/","title":{"rendered":"Claudia Sheinbaum debe enfrentar retos importantes, asegura Ernesto Alan\u00eds.\u00a0"},"content":{"rendered":"\n<p>Ante el inicio de la nueva administraci\u00f3n federal encabezada por Claudia Sheinbaum Pardo, el coordinador del Grupo Parlamentario del PRI (GPPRI) en el Congreso del Estado, Ernesto Alan\u00eds Herrera, expres\u00f3 su confianza en que este momento marque el cambio que M\u00e9xico necesita.<\/p>\n\n\n\n<p><br>\u201cConfiamos en que esta nueva etapa sea el verdadero cambio que se prometi\u00f3 en campa\u00f1a. Ahora, veremos si estas propuestas se hacen realidad o si ser\u00e1n una simple continuidad del gobierno anterior\u201d, afirm\u00f3 al realizar un pronunciamiento en la sesi\u00f3n ordinaria.<\/p>\n\n\n\n<p><br>Reafirm\u00f3 el compromiso del GPPRI de contribuir al desarrollo del pa\u00eds y atender las necesidades del estado de Durango. \u201cCuando se trate de nuestro estado, siempre contar\u00e1 con la contribuci\u00f3n y el trabajo de nuestro Grupo Parlamentario\u201d.<\/p>\n\n\n\n<p><br>Asimismo, hizo un llamado urgente a poner fin a la polarizaci\u00f3n que ha afectado la vida p\u00fablica del pa\u00eds durante los \u00faltimos seis a\u00f1os. <\/p>\n\n\n\n<p>\u201cEs momento de construir la unidad nacional por el bien de todos\u201d, a\u00f1adi\u00f3.<\/p>\n\n\n\n<p><br>El legislador subray\u00f3 que el \u00e9xito del nuevo gobierno depender\u00e1 de su capacidad para implementar pol\u00edticas que fortalezcan a M\u00e9xico, promuevan la sustentabilidad, mejoren su posicionamiento internacional y, sobre todo, impulsen el bienestar de las familias mexicanas.<\/p>\n\n\n\n<p><br>\u201cDesde nuestra bancada, hacemos votos para que la administraci\u00f3n de la Dra. Sheinbaum supere los retos heredados y lo haga en beneficio de este gran pa\u00eds, al que todos pertenecemos. Que sea por el bien de M\u00e9xico y por el beneficio de todas y todos\u201d, resalt\u00f3.<\/p>\n\n\n\n<p><br>El legislador tambi\u00e9n reconoci\u00f3 las capacidades de la presidenta de la Rep\u00fablica, destacando su formaci\u00f3n acad\u00e9mica en prestigiosas universidades tanto de M\u00e9xico como del extranjero, lo que considera un atributo que distingue esta nueva etapa de liderazgo.<\/p>\n","protected":false},"excerpt":{"rendered":"<p>Ante el inicio de la nueva administraci\u00f3n federal encabezada por Claudia Sheinbaum Pardo, el coordinador<\/p>\n","protected":false},"author":1,"featured_media":11595,"comment_status":"open","ping_status":"open","sticky":false,"template":"","format":"standard","meta":{"om_disable_all_campaigns":false,"_monsterinsights_skip_tracking":false,"_monsterinsights_sitenote_active":false,"_monsterinsights_sitenote_note":"","_monsterinsights_sitenote_category":0,"_jetpack_memberships_contains_paid_content":false,"footnotes":"","jetpack_publicize_message":"","jetpack_publicize_feature_enabled":true,"jetpack_social_post_already_shared":false,"jetpack_social_options":{"image_generator_settings":{"template":"highway","enabled":false},"version":2}},"categories":[1],"tags":[],"class_list":["post-11594","post","type-post","status-publish","format-standard","has-post-thumbnail","hentry","category-archivo"],"jetpack_publicize_connections":[],"aioseo_notices":[],"jetpack_featured_media_url":"https:\/\/samanoticiasdurango.com\/wp-content\/uploads\/a52213fb-bbb5-40af-80c1-6bf6f9a4d44f.00_00_01_08.Imagen-fija001.jpg","featured_image_urls":{"full":["https:\/\/samanoticiasdurango.com\/wp-content\/uploads\/a52213fb-bbb5-40af-80c1-6bf6f9a4d44f.00_00_01_08.Imagen-fija001.jpg",680,383,false],"thumbnail":["https:\/\/samanoticiasdurango.com\/wp-content\/uploads\/a52213fb-bbb5-40af-80c1-6bf6f9a4d44f.00_00_01_08.Imagen-fija001-150x150.jpg",150,150,true],"medium":["https:\/\/samanoticiasdurango.com\/wp-content\/uploads\/a52213fb-bbb5-40af-80c1-6bf6f9a4d44f.00_00_01_08.Imagen-fija001-300x169.jpg",300,169,true],"medium_large":["https:\/\/samanoticiasdurango.com\/wp-content\/uploads\/a52213fb-bbb5-40af-80c1-6bf6f9a4d44f.00_00_01_08.Imagen-fija001.jpg",640,360,false],"large":["https:\/\/samanoticiasdurango.com\/wp-content\/uploads\/a52213fb-bbb5-40af-80c1-6bf6f9a4d44f.00_00_01_08.Imagen-fija001.jpg",640,360,false],"1536x1536":["https:\/\/samanoticiasdurango.com\/wp-content\/uploads\/a52213fb-bbb5-40af-80c1-6bf6f9a4d44f.00_00_01_08.Imagen-fija001.jpg",680,383,false],"2048x2048":["https:\/\/samanoticiasdurango.com\/wp-content\/uploads\/a52213fb-bbb5-40af-80c1-6bf6f9a4d44f.00_00_01_08.Imagen-fija001.jpg",680,383,false],"chromenews-featured":["https:\/\/samanoticiasdurango.com\/wp-content\/uploads\/a52213fb-bbb5-40af-80c1-6bf6f9a4d44f.00_00_01_08.Imagen-fija001.jpg",680,383,false],"chromenews-large":["https:\/\/samanoticiasdurango.com\/wp-content\/uploads\/a52213fb-bbb5-40af-80c1-6bf6f9a4d44f.00_00_01_08.Imagen-fija001.jpg",680,383,false],"chromenews-medium":["https:\/\/samanoticiasdurango.com\/wp-content\/uploads\/a52213fb-bbb5-40af-80c1-6bf6f9a4d44f.00_00_01_08.Imagen-fija001-590x383.jpg",590,383,true]},"author_info":{"display_name":"Redacci\u00f3n","author_link":"https:\/\/samanoticiasdurango.com\/index.php\/author\/jjsama13gmail-com\/"},"category_info":"<a href=\"https:\/\/samanoticiasdurango.com\/index.php\/category\/archivo\/\" rel=\"category tag\">DURANGO<\/a>","tag_info":"DURANGO","comment_count":"0","jetpack_sharing_enabled":true,"_links":{"self":[{"href":"https:\/\/samanoticiasdurango.com\/index.php\/wp-json\/wp\/v2\/posts\/11594","targetHints":{"allow":["GET"]}}],"collection":[{"href":"https:\/\/samanoticiasdurango.com\/index.php\/wp-json\/wp\/v2\/posts"}],"about":[{"href":"https:\/\/samanoticiasdurango.com\/index.php\/wp-json\/wp\/v2\/types\/post"}],"author":[{"embeddable":true,"href":"https:\/\/samanoticiasdurango.com\/index.php\/wp-json\/wp\/v2\/users\/1"}],"replies":[{"embeddable":true,"href":"https:\/\/samanoticiasdurango.com\/index.php\/wp-json\/wp\/v2\/comments?post=11594"}],"version-history":[{"count":1,"href":"https:\/\/samanoticiasdurango.com\/index.php\/wp-json\/wp\/v2\/posts\/11594\/revisions"}],"predecessor-version":[{"id":11596,"href":"https:\/\/samanoticiasdurango.com\/index.php\/wp-json\/wp\/v2\/posts\/11594\/revisions\/11596"}],"wp:featuredmedia":[{"embeddable":true,"href":"https:\/\/samanoticiasdurango.com\/index.php\/wp-json\/wp\/v2\/media\/11595"}],"wp:attachment":[{"href":"https:\/\/samanoticiasdurango.com\/index.php\/wp-json\/wp\/v2\/media?parent=11594"}],"wp:term":[{"taxonomy":"category","embeddable":true,"href":"https:\/\/samanoticiasdurango.com\/index.php\/wp-json\/wp\/v2\/categories?post=11594"},{"taxonomy":"post_tag","embeddable":true,"href":"https:\/\/samanoticiasdurango.com\/index.php\/wp-json\/wp\/v2\/tags?post=11594"}],"curies":[{"name":"wp","href":"https:\/\/api.w.org\/{rel}","templated":true}]}}