{"id":11646,"date":"2024-10-13T18:37:28","date_gmt":"2024-10-13T18:37:28","guid":{"rendered":"http:\/\/samanoticiasdurango.com\/?p=11646"},"modified":"2024-10-13T18:37:30","modified_gmt":"2024-10-13T18:37:30","slug":"la-estrategia-de-seguridad-de-omar-garcia-harfuch-retoma-ideas-del-libro-seguridad-con-bienestar-de-garcia-luna","status":"publish","type":"post","link":"https:\/\/samanoticiasdurango.com\/index.php\/2024\/10\/13\/la-estrategia-de-seguridad-de-omar-garcia-harfuch-retoma-ideas-del-libro-seguridad-con-bienestar-de-garcia-luna\/","title":{"rendered":"La estrategia de seguridad de Omar Garc\u00eda Harfuch retoma ideas del libro \u201cSeguridad con Bienestar\u201d de Garc\u00eda Luna."},"content":{"rendered":"\n<p>Una semana despu\u00e9s de su llegada a la Presidencia, Claudia Sheinbaum Pardo present\u00f3 su estrategia de seguridad, la cual ser\u00e1 implementada por<a rel=\"noreferrer noopener\" href=\"https:\/\/www.infobae.com\/mexico\/2024\/10\/10\/al-estilo-zetas-omar-garcia-harfuch-acercara-fuerzas-especiales-del-ejercito-al-cartel-de-sinaloa-afirma-jesus-lemus\/\" target=\"_blank\"><strong>Omar Garc\u00eda Harfuch<\/strong><\/a>&nbsp;como titular de la Secretar\u00eda de Seguridad y Protecci\u00f3n Ciudadana (SSPC), pero que retoma elementos del libro&nbsp;<em>\u201cSeguridad con Bienestar\u201d,<\/em>&nbsp;escrito por&nbsp;<strong>Genaro Garc\u00eda Luna.<\/strong><\/p>\n\n\n\n<p>M\u00e1s all\u00e1 del nombre del libro -utiliza una de las palabras m\u00e1s utilizadas por la 4T: Bienestar-, entre las 147 p\u00e1ginas del libro de Garc\u00eda Luna y las 10 de la<strong>&nbsp;estrategia de seguridad del gobierno de Claudia Sheinbaum<\/strong>, se encuentran las siguientes coincidencias.<\/p>\n\n\n\n<p>La Estrategia Nacional de Seguridad se enfoca en cuatro ejes:&nbsp;<strong>Atenci\u00f3n a las Causa<\/strong>s, Consolidaci\u00f3n de la Guardia Nacional, Fortalecimiento de Inteligencia e Investigaci\u00f3n y Coordinaci\u00f3n absoluta en el Gabinete de Seguridad y con las Entidades Federativas:<\/p>\n\n\n\n<h2 class=\"wp-block-heading\">Omar Garc\u00eda Harfuch<\/h2>\n\n\n\n<p><a rel=\"noreferrer noopener\" href=\"https:\/\/www.infobae.com\/mexico\/2024\/08\/07\/ellos-son-la-nueva-generacion-de-narcos-que-se-empoderaron-bajo-la-administracion-de-amlo\/\" target=\"_blank\"><strong>Atenci\u00f3n a los delitos de alto impacto<\/strong><\/a>, es tambi\u00e9n uno de los factores esenciales de la Estrategia Nacional de Seguridad que ser\u00e1 implementada por Omar Garc\u00eda Harfuch, para ello se har\u00e1 un \u201can\u00e1lisis integral del fen\u00f3meno: redes criminales, sus estructuras jer\u00e1rquicas, log\u00edstica, operativa y protecci\u00f3n institucional; an\u00e1lisis de incidencia; presencia interinstitucional en zonas de mayor incidencia; programa de atenci\u00f3n a extorsi\u00f3n y cobro de piso; despliegue de Unidades Especiales en municipios Prioritarios e Identificaci\u00f3n de liderazgos criminales.<\/p>\n\n\n\n<h2 class=\"wp-block-heading\">Genaro Garc\u00eda Luna<\/h2>\n\n\n\n<p>En la p\u00e1gina 91 de&nbsp;<em>\u201cSeguridad con Bienestar\u201d<\/em>&nbsp;se propone crear las siguientes&nbsp;<strong>\u201cL\u00edneas de acci\u00f3n\u201d;&nbsp;<\/strong>adem\u00e1s, Genaro Garc\u00eda Luna -declarado culpable por tener v\u00ednculos con el C\u00e1rtel de Sinaloa- identific\u00f3 \u201csiete ejes estrat\u00e9gicos en materia de seguridad p\u00fablica: Despliegue territorial:<\/p>\n\n\n\n<ul class=\"wp-block-list\">\n<li>Esquema Operativo de Combate a&nbsp;<strong>delitos de mayor impacto social<\/strong>: secuestro, extorsi\u00f3n, cobro de piso y homicidio<\/li>\n\n\n\n<li>\u201cInteligencia operativa para el combate a la estructura criminal<\/li>\n\n\n\n<li>Prevenci\u00f3n del delito en los diferentes sectores, con la participaci\u00f3n de la sociedad a trav\u00e9s de la Mesa de Seguridad<\/li>\n\n\n\n<li>Ajuste del esquema operativo con el despliegue de 8 mil elementos<\/li>\n<\/ul>\n\n\n\n<p><img loading=\"lazy\" decoding=\"async\" alt=\"El titular de la SSPC anunci\u00f3 la creaci\u00f3n de la subsecretar\u00eda. (Cuartoscuro)\" height=\"1080\" src=\"https:\/\/www.infobae.com\/resizer\/v2\/M2QOE5GD4JCKFICQIHIP3OW6GM.jpg?auth=9322376b87dc754cbaf4df076dfba1f87c60242170ebab451c73c14f543ffd48&amp;smart=true&amp;width=350&amp;height=197&amp;quality=85\" width=\"1920\">El titular de la SSPC anunci\u00f3 la creaci\u00f3n de la subsecretar\u00eda. (Cuartoscuro)<\/p>\n\n\n\n<h2 class=\"wp-block-heading\">Omar Garc\u00eda Harfuch<\/h2>\n\n\n\n<p><strong>Atenci\u00f3n a las causas:<\/strong>&nbsp;Disminuir las violencias contra ni\u00f1as, ni\u00f1os, adolescentes y j\u00f3venes que viven en lugares de bajo desarrollo econ\u00f3mico, social y alto \u00edndice delictivo. Claudia Sheinbaum tambi\u00e9n propone la \u201creconstrucci\u00f3n del tejido social y la construcci\u00f3n y generaci\u00f3n de la paz\u201d (si no hay paz, es porque hay guerra); as\u00ed como acciones de prevenci\u00f3n de conductas antisociales y su vinculaci\u00f3n con la delincuencia.<\/p>\n\n\n\n<h2 class=\"wp-block-heading\">Genaro Garc\u00eda Luna<\/h2>\n\n\n\n<p>En la p\u00e1gina 92 del libro del exsecretario de Seguridad P\u00fablica con Felipe Calder\u00f3n se establece como objetivos:<\/p>\n\n\n\n<ul class=\"wp-block-list\">\n<li><strong>Dise\u00f1o de programas sociales<\/strong>&nbsp;articulados con la estrategia de seguridad para atender las causas de la violencia, con la participaci\u00f3n de las \u00e1reas de prevenci\u00f3n, educaci\u00f3n, salud, desarrollo social, econom\u00eda y trabajo<\/li>\n\n\n\n<li>Incorporaci\u00f3n de organizaciones de la sociedad civil en el dise\u00f1o de pol\u00edticas p\u00fablicas, intervenci\u00f3n y seguimiento de programas operativos e indicadores<\/li>\n\n\n\n<li>Disposici\u00f3n de 285 c\u00e1maras distribuidas estrat\u00e9gicamente en los puntos cr\u00edticos de la ciudad para mejorar la respuesta ante incidentes de alto impacto<\/li>\n<\/ul>\n\n\n\n<p><img loading=\"lazy\" decoding=\"async\" alt=\"FOTO DE ARCHIVO: El secretario de Seguridad P\u00fablica de M\u00e9xico, Genaro Garc\u00eda Luna, asiste a una reuni\u00f3n con la comisi\u00f3n de Derechos Humanos en el Senado, en la Ciudad de M\u00e9xico, 29 de noviembre de 2012. REUTERS\/Tomas Bravo\/File Photo\" height=\"555\" src=\"https:\/\/www.infobae.com\/resizer\/v2\/M5NW6MEJBGJ66H5WE7SRVFMLUE.jpg?auth=8e3787c5d137cc74052b0e185c67bfcc087d71a41f4fbaeffb17e89785afa8c5&amp;smart=true&amp;width=350&amp;height=233&amp;quality=85\" width=\"800\">FOTO DE ARCHIVO: El secretario de Seguridad P\u00fablica de M\u00e9xico, Genaro Garc\u00eda Luna, asiste a una reuni\u00f3n con la comisi\u00f3n de Derechos Humanos en el Senado, en la Ciudad de M\u00e9xico, 29 de noviembre de 2012. REUTERS\/Tomas Bravo\/File Photo<\/p>\n\n\n\n<h2 class=\"wp-block-heading\">Omar Garc\u00eda Harfuch<\/h2>\n\n\n\n<p><a rel=\"noreferrer noopener\" href=\"https:\/\/www.infobae.com\/mexico\/2024\/10\/12\/esto-cuestan-los-ocelotl-los-vehiculos-blindados-que-la-sedena-mando-a-sinaloa-y-michoacan\/\" target=\"_blank\"><strong>Fortalecimiento de inteligencia e investigaci\u00f3n<\/strong>:&nbsp;<\/a>Claudia Sheinbaum y su gabinete de seguridad pretenden consolidar el Sistema Nacional de Inteligencia con el aumento de personal y tecnolog\u00eda que permita desarrollar protocolos de intercambio de informaci\u00f3n que deriven en carpetas de investigaci\u00f3n s\u00f3lidas, vinculaciones a proceso y sentencias.<\/p>\n\n\n\n<h2 class=\"wp-block-heading\">Genaro Garc\u00eda Luna<\/h2>\n\n\n\n<p>En la p\u00e1gina 93, Garc\u00eda Luna explica que: \u201cLa estrategia del Gobierno Federal entre 2010 y 2012 (&#8230;) para disminuir la violencia, la desarticulaci\u00f3n de los grupos criminales y la atenci\u00f3n a las causad del delito, fue un modelo de \u00e9xito.&nbsp;<strong>El combate al delito con informaci\u00f3n de inteligencia<\/strong>&nbsp;y el esquema de participaci\u00f3n ciudadana (&#8230;) mostr\u00f3 que es posible revertir en el corto plazo los efectos de la violencia.<\/p>\n\n\n\n<p>Tambi\u00e9n afirma que la Ley Federal de la Polic\u00eda Federal permiti\u00f3 t\u00e9cnicas especiales de investigaci\u00f3n bajo la conducci\u00f3n y el mando del Ministerio P\u00fablico para prevenir delitos al tener conocimientos sobre rutas, procedencia y destino. Por su parte, el gobierno de<strong>&nbsp;Claudia Sheinbaum&nbsp;<\/strong>apuesto a la consolidaci\u00f3n de la Guardia Nacional, una instituci\u00f3n que naci\u00f3 en marzo de 2019 con la promesa de estar bajo un mando civil y que a d\u00edas de que tomara protesta, se consolid\u00f3 su pase a la Sedena.<\/p>\n\n\n\n<blockquote class=\"wp-block-quote is-layout-flow wp-block-quote-is-layout-flow\">\n<p>\u201cEl modelo que tenemos hoy, el que estamos viendo para la aplicaci\u00f3n de un programa de pacificaci\u00f3n, es el modelo que ya hab\u00eda plasmado Garc\u00eda Luna, por lo menos en la tinta\u201d, se\u00f1al\u00f3 Jes\u00fas Lemus al autor de esta nota.<\/p>\n<cite><strong><em>Con informaci\u00f3n de INFOBAE<\/em><\/strong><\/cite><\/blockquote>\n","protected":false},"excerpt":{"rendered":"<p>Una semana despu\u00e9s de su llegada a la Presidencia, Claudia Sheinbaum Pardo present\u00f3 su estrategia<\/p>\n","protected":false},"author":1,"featured_media":11647,"comment_status":"open","ping_status":"open","sticky":false,"template":"","format":"standard","meta":{"om_disable_all_campaigns":false,"_monsterinsights_skip_tracking":false,"_monsterinsights_sitenote_active":false,"_monsterinsights_sitenote_note":"","_monsterinsights_sitenote_category":0,"_jetpack_memberships_contains_paid_content":false,"footnotes":"","jetpack_publicize_message":"","jetpack_publicize_feature_enabled":true,"jetpack_social_post_already_shared":false,"jetpack_social_options":{"image_generator_settings":{"template":"highway","enabled":false},"version":2}},"categories":[5],"tags":[],"class_list":["post-11646","post","type-post","status-publish","format-standard","has-post-thumbnail","hentry","category-nacional"],"jetpack_publicize_connections":[],"aioseo_notices":[],"jetpack_featured_media_url":"https:\/\/samanoticiasdurango.com\/wp-content\/uploads\/01-2.jpg","featured_image_urls":{"full":["https:\/\/samanoticiasdurango.com\/wp-content\/uploads\/01-2.jpg",680,383,false],"thumbnail":["https:\/\/samanoticiasdurango.com\/wp-content\/uploads\/01-2-150x150.jpg",150,150,true],"medium":["https:\/\/samanoticiasdurango.com\/wp-content\/uploads\/01-2-300x169.jpg",300,169,true],"medium_large":["https:\/\/samanoticiasdurango.com\/wp-content\/uploads\/01-2.jpg",640,360,false],"large":["https:\/\/samanoticiasdurango.com\/wp-content\/uploads\/01-2.jpg",640,360,false],"1536x1536":["https:\/\/samanoticiasdurango.com\/wp-content\/uploads\/01-2.jpg",680,383,false],"2048x2048":["https:\/\/samanoticiasdurango.com\/wp-content\/uploads\/01-2.jpg",680,383,false],"chromenews-featured":["https:\/\/samanoticiasdurango.com\/wp-content\/uploads\/01-2.jpg",680,383,false],"chromenews-large":["https:\/\/samanoticiasdurango.com\/wp-content\/uploads\/01-2.jpg",680,383,false],"chromenews-medium":["https:\/\/samanoticiasdurango.com\/wp-content\/uploads\/01-2-590x383.jpg",590,383,true]},"author_info":{"display_name":"Redacci\u00f3n","author_link":"https:\/\/samanoticiasdurango.com\/index.php\/author\/jjsama13gmail-com\/"},"category_info":"<a href=\"https:\/\/samanoticiasdurango.com\/index.php\/category\/nacional\/\" rel=\"category tag\">NACIONAL<\/a>","tag_info":"NACIONAL","comment_count":"0","jetpack_sharing_enabled":true,"_links":{"self":[{"href":"https:\/\/samanoticiasdurango.com\/index.php\/wp-json\/wp\/v2\/posts\/11646","targetHints":{"allow":["GET"]}}],"collection":[{"href":"https:\/\/samanoticiasdurango.com\/index.php\/wp-json\/wp\/v2\/posts"}],"about":[{"href":"https:\/\/samanoticiasdurango.com\/index.php\/wp-json\/wp\/v2\/types\/post"}],"author":[{"embeddable":true,"href":"https:\/\/samanoticiasdurango.com\/index.php\/wp-json\/wp\/v2\/users\/1"}],"replies":[{"embeddable":true,"href":"https:\/\/samanoticiasdurango.com\/index.php\/wp-json\/wp\/v2\/comments?post=11646"}],"version-history":[{"count":1,"href":"https:\/\/samanoticiasdurango.com\/index.php\/wp-json\/wp\/v2\/posts\/11646\/revisions"}],"predecessor-version":[{"id":11648,"href":"https:\/\/samanoticiasdurango.com\/index.php\/wp-json\/wp\/v2\/posts\/11646\/revisions\/11648"}],"wp:featuredmedia":[{"embeddable":true,"href":"https:\/\/samanoticiasdurango.com\/index.php\/wp-json\/wp\/v2\/media\/11647"}],"wp:attachment":[{"href":"https:\/\/samanoticiasdurango.com\/index.php\/wp-json\/wp\/v2\/media?parent=11646"}],"wp:term":[{"taxonomy":"category","embeddable":true,"href":"https:\/\/samanoticiasdurango.com\/index.php\/wp-json\/wp\/v2\/categories?post=11646"},{"taxonomy":"post_tag","embeddable":true,"href":"https:\/\/samanoticiasdurango.com\/index.php\/wp-json\/wp\/v2\/tags?post=11646"}],"curies":[{"name":"wp","href":"https:\/\/api.w.org\/{rel}","templated":true}]}}