{"id":11717,"date":"2024-10-17T15:45:45","date_gmt":"2024-10-17T15:45:45","guid":{"rendered":"http:\/\/samanoticiasdurango.com\/?p=11717"},"modified":"2024-10-17T15:50:16","modified_gmt":"2024-10-17T15:50:16","slug":"cinco-anos-despues-del-culiacanazo-el-cartel-de-sinaloa-ha-cambiado-drasticamente","status":"publish","type":"post","link":"https:\/\/samanoticiasdurango.com\/index.php\/2024\/10\/17\/cinco-anos-despues-del-culiacanazo-el-cartel-de-sinaloa-ha-cambiado-drasticamente\/","title":{"rendered":"Cinco a\u00f1os despu\u00e9s del \u2018Culiacanazo\u2019, el C\u00e1rtel de Sinaloa ha cambiado dr\u00e1sticamente.\u00a0"},"content":{"rendered":"\n<p>El 17 de octubre de 2019, el gobierno encabezado por Andr\u00e9s Manuel L\u00f3pez Obrador llev\u00f3 a cabo un amplio operativo en la ciudad de Culiac\u00e1n, Sinaloa, mientras cientos de ciudadanos continuaban con sus actividades diarias sin alteraciones. La meta del despliegue era la captura de Ovidio Guzm\u00e1n L\u00f3pez, uno de los miembros de Los Chapitos, pero los resultados fueron decepcionantes. A cinco a\u00f1os del conocido &#8216;Culiacanazo&#8217;, se han observado cambios significativos en el seno del C\u00e1rtel de Sinaloa.<\/p>\n\n\n\n<p>Desde el infame &#8216;Jueves Negro&#8217;, M\u00e9xico ha presenciado una serie de transformaciones dentro de la organizaci\u00f3n criminal que alguna vez estuvo bajo el mando de Joaqu\u00edn \u2018El Chapo\u2019 Guzm\u00e1n e Ismael \u2018El Mayo\u2019 Zambada.<\/p>\n\n\n\n<p>Uno de los cambios m\u00e1s destacados es que la facci\u00f3n del C\u00e1rtel de Sinaloa liderada por los hijos de Guzm\u00e1n Loera ahora est\u00e1 compuesta \u00fanicamente por dos de los cuatro integrantes originales, tras la detenci\u00f3n de Ovidio Guzm\u00e1n L\u00f3pez el 5 de enero de 2023 y Joaqu\u00edn Guzm\u00e1n L\u00f3pez el 25 de julio de 2024. Estos son los hermanos Iv\u00e1n Archivaldo y Jes\u00fas Alfredo Guzm\u00e1n Salazar.<\/p>\n\n\n\n<p>No obstante, Los Menores, como tambi\u00e9n se les conoce, no son los \u00fanicos que han sufrido la p\u00e9rdida de miembros clave.<\/p>\n\n\n\n<p>La facci\u00f3n dirigida por Ismael \u2018El Mayo\u2019 Zambada ha pasado al control de su hijo, Ismael Zambada Sicairos, alias \u2018El Mayito Flaco\u2019, despu\u00e9s de que fuera forzado a abandonar M\u00e9xico y trasladado a Estados Unidos el 25 de julio de 2024.<\/p>\n\n\n\n<p>En la actualidad, ambas facciones se encuentran inmersas en una intensa confrontaci\u00f3n en Sinaloa, que ya ha costado la vida a 103 personas en lo que va de octubre, seg\u00fan datos de la Secretar\u00eda de Seguridad y Protecci\u00f3n Ciudadana (SSPC) hasta el 16 de octubre.<\/p>\n\n\n\n<p>Acontecimientos clave de los \u00faltimos cinco a\u00f1os:<br>17 de octubre de 2019: A las 18:49 horas, Ovidio Guzm\u00e1n L\u00f3pez es liberado.<br>Los Chapitos y \u2018El Mayo\u2019 Zambada se distancian tras la negativa del segundo a participar en actos violentos para liberar a Guzm\u00e1n L\u00f3pez.<br>Diciembre de 2021: Estados Unidos presiona a M\u00e9xico para capturar al hijo de \u2018El Chapo\u2019.<br>5 de enero de 2023: Miembros de la Sedena arrestan, por segunda vez, a Ovidio Guzm\u00e1n en Jes\u00fas Mar\u00eda.<br>15 de septiembre de 2023: Ovidio Guzm\u00e1n es extraditado a Estados Unidos y presentado en la Corte Federal de Distrito Norte de Illinois, en Chicago.<br>22 de noviembre de 2023: N\u00e9stor Isidro P\u00e9rez Salas, alias \u2018El Nini\u2019, miembro del equipo de seguridad de Los Chapitos, es detenido en Colinas de la Rivera, Culiac\u00e1n.<br>14 de febrero de 2024: \u2018El Nini\u2019 es extraditado a Estados Unidos.<br>15 de febrero de 2024: El Departamento de Justicia de EE. UU. formula una quinta acusaci\u00f3n formal contra \u2018El Mayo\u2019 Zambada, esta vez por asociaci\u00f3n delictuosa relacionada con la fabricaci\u00f3n y distribuci\u00f3n de fentanilo.<br>21-22 de marzo de 2024: Los Chapitos supuestamente inician una disputa con la facci\u00f3n del C\u00e1rtel de Sinaloa liderada por Aureliano Guzm\u00e1n Loera, conocido como \u2018El Guano\u2019, su t\u00edo.<br>23 de julio de 2024: Ovidio Guzm\u00e1n es liberado del Centro Correccional Metropolitano (MCC) de Chicago, aunque permanece bajo custodia de las autoridades estadounidenses.<br>25 de julio de 2024: Detenci\u00f3n de \u2018El Mayo\u2019 Zambada y Joaqu\u00edn Guzm\u00e1n L\u00f3pez en El Paso, Texas.<br>10 de agosto de 2024: Zambada Garc\u00eda publica una carta acusando a Joaqu\u00edn Guzm\u00e1n L\u00f3pez, su ahijado, de haberlo entregado a las autoridades estadounidenses, revelando tambi\u00e9n detalles sobre el asesinato del exrector de la Universidad Aut\u00f3noma de Sinaloa (UAS), H\u00e9ctor Cu\u00e9n Ojeda, y vinculando al gobernador Rub\u00e9n Rocha Moya con el narcotr\u00e1fico.<br>11 de agosto de 2024: La Fiscal\u00eda General de la Rep\u00fablica (FGR) abre una investigaci\u00f3n por traici\u00f3n a la patria en contra de Joaqu\u00edn Guzm\u00e1n L\u00f3pez.<br>9 de septiembre de 2024: Los Chapitos y La Mayiza inician un violento conflicto derivado de la detenci\u00f3n de \u2018El Mayo\u2019 y la traici\u00f3n de Joaqu\u00edn Guzm\u00e1n L\u00f3pez.<\/p>\n\n\n\n<p>El jueves 17 de octubre de 2019, elementos de la Secretar\u00eda de la Defensa Nacional (Sedena) y fuerzas de seguridad estatales llevaron a cabo la detenci\u00f3n de \u2018El Rat\u00f3n\u2019 en el Fraccionamiento \u2018Tres R\u00edos\u2019, en Culiac\u00e1n.<\/p>\n\n\n\n<p>Las autoridades indicaron que dicho operativo obedec\u00eda a una orden de aprehensi\u00f3n emitida m\u00e1s de un a\u00f1o antes, el 2 de abril de 2018, por la Corte Federal de Columbia, Estados Unidos, que acusaba a Ovidio Guzm\u00e1n de delitos relacionados con el tr\u00e1fico de drogas.<\/p>\n\n\n\n<p>Seg\u00fan una cronolog\u00eda de los sucesos difundida por el grupo de hacktivistas \u2018Guacamaya\u2019, el operativo de la Sedena dur\u00f3 4 horas y 15 minutos, durante las cuales las fuerzas de seguridad lograron capturar al hijo de \u2018El Chapo\u2019, enfrent\u00e1ndose a hombres de Los Chapitos, para finalmente ser instruidos a liberarlo debido a la violencia desatada.<\/p>\n\n\n\n<p>Este evento se considera uno de los m\u00e1s significativos del sexenio del expresidente L\u00f3pez Obrador, dado que poco despu\u00e9s de la liberaci\u00f3n de Ovidio Guzm\u00e1n se divulg\u00f3 que \u00e9l hab\u00eda ordenado dicha acci\u00f3n. La detenci\u00f3n y posterior liberaci\u00f3n de \u2018El Rat\u00f3n\u2019 resultaron en ocho muertes\u2014cuatro civiles, militares y miembros del crimen organizado\u2014, as\u00ed como al menos 21 heridos, numerosos bloqueos de calles y carreteras, catorce enfrentamientos y la fuga de 51 internos del Centro Penitenciario de Aguaruto.<\/p>\n\n\n\n<p><strong>Con informaci\u00f3n de  INFOBAE<\/strong><\/p>\n","protected":false},"excerpt":{"rendered":"<p>El 17 de octubre de 2019, el gobierno encabezado por Andr\u00e9s Manuel L\u00f3pez Obrador llev\u00f3<\/p>\n","protected":false},"author":1,"featured_media":11719,"comment_status":"open","ping_status":"open","sticky":false,"template":"","format":"standard","meta":{"om_disable_all_campaigns":false,"_monsterinsights_skip_tracking":false,"_monsterinsights_sitenote_active":false,"_monsterinsights_sitenote_note":"","_monsterinsights_sitenote_category":0,"_jetpack_memberships_contains_paid_content":false,"footnotes":"","jetpack_publicize_message":"","jetpack_publicize_feature_enabled":true,"jetpack_social_post_already_shared":false,"jetpack_social_options":{"image_generator_settings":{"template":"highway","enabled":false},"version":2}},"categories":[1],"tags":[],"class_list":["post-11717","post","type-post","status-publish","format-standard","has-post-thumbnail","hentry","category-archivo"],"jetpack_publicize_connections":[],"aioseo_notices":[],"jetpack_featured_media_url":"https:\/\/samanoticiasdurango.com\/wp-content\/uploads\/23-1.jpg","featured_image_urls":{"full":["https:\/\/samanoticiasdurango.com\/wp-content\/uploads\/23-1.jpg",680,383,false],"thumbnail":["https:\/\/samanoticiasdurango.com\/wp-content\/uploads\/23-1-150x150.jpg",150,150,true],"medium":["https:\/\/samanoticiasdurango.com\/wp-content\/uploads\/23-1-300x169.jpg",300,169,true],"medium_large":["https:\/\/samanoticiasdurango.com\/wp-content\/uploads\/23-1.jpg",640,360,false],"large":["https:\/\/samanoticiasdurango.com\/wp-content\/uploads\/23-1.jpg",640,360,false],"1536x1536":["https:\/\/samanoticiasdurango.com\/wp-content\/uploads\/23-1.jpg",680,383,false],"2048x2048":["https:\/\/samanoticiasdurango.com\/wp-content\/uploads\/23-1.jpg",680,383,false],"chromenews-featured":["https:\/\/samanoticiasdurango.com\/wp-content\/uploads\/23-1.jpg",680,383,false],"chromenews-large":["https:\/\/samanoticiasdurango.com\/wp-content\/uploads\/23-1.jpg",680,383,false],"chromenews-medium":["https:\/\/samanoticiasdurango.com\/wp-content\/uploads\/23-1-590x383.jpg",590,383,true]},"author_info":{"display_name":"Redacci\u00f3n","author_link":"https:\/\/samanoticiasdurango.com\/index.php\/author\/jjsama13gmail-com\/"},"category_info":"<a href=\"https:\/\/samanoticiasdurango.com\/index.php\/category\/archivo\/\" rel=\"category tag\">DURANGO<\/a>","tag_info":"DURANGO","comment_count":"0","jetpack_sharing_enabled":true,"_links":{"self":[{"href":"https:\/\/samanoticiasdurango.com\/index.php\/wp-json\/wp\/v2\/posts\/11717","targetHints":{"allow":["GET"]}}],"collection":[{"href":"https:\/\/samanoticiasdurango.com\/index.php\/wp-json\/wp\/v2\/posts"}],"about":[{"href":"https:\/\/samanoticiasdurango.com\/index.php\/wp-json\/wp\/v2\/types\/post"}],"author":[{"embeddable":true,"href":"https:\/\/samanoticiasdurango.com\/index.php\/wp-json\/wp\/v2\/users\/1"}],"replies":[{"embeddable":true,"href":"https:\/\/samanoticiasdurango.com\/index.php\/wp-json\/wp\/v2\/comments?post=11717"}],"version-history":[{"count":1,"href":"https:\/\/samanoticiasdurango.com\/index.php\/wp-json\/wp\/v2\/posts\/11717\/revisions"}],"predecessor-version":[{"id":11718,"href":"https:\/\/samanoticiasdurango.com\/index.php\/wp-json\/wp\/v2\/posts\/11717\/revisions\/11718"}],"wp:featuredmedia":[{"embeddable":true,"href":"https:\/\/samanoticiasdurango.com\/index.php\/wp-json\/wp\/v2\/media\/11719"}],"wp:attachment":[{"href":"https:\/\/samanoticiasdurango.com\/index.php\/wp-json\/wp\/v2\/media?parent=11717"}],"wp:term":[{"taxonomy":"category","embeddable":true,"href":"https:\/\/samanoticiasdurango.com\/index.php\/wp-json\/wp\/v2\/categories?post=11717"},{"taxonomy":"post_tag","embeddable":true,"href":"https:\/\/samanoticiasdurango.com\/index.php\/wp-json\/wp\/v2\/tags?post=11717"}],"curies":[{"name":"wp","href":"https:\/\/api.w.org\/{rel}","templated":true}]}}