{"id":11985,"date":"2024-11-02T19:17:11","date_gmt":"2024-11-02T19:17:11","guid":{"rendered":"https:\/\/samanoticiasdurango.com\/?p=11985"},"modified":"2024-11-02T19:17:12","modified_gmt":"2024-11-02T19:17:12","slug":"la-prolongada-disputa-entre-rafa-marquez-y-adriana-lavat-su-exesposa-de-un-ideal-amoroso-a-una-pesadilla-judicial","status":"publish","type":"post","link":"https:\/\/samanoticiasdurango.com\/index.php\/2024\/11\/02\/la-prolongada-disputa-entre-rafa-marquez-y-adriana-lavat-su-exesposa-de-un-ideal-amoroso-a-una-pesadilla-judicial\/","title":{"rendered":"La prolongada disputa entre Rafa M\u00e1rquez y Adriana Lavat, su exesposa: de un ideal amoroso a una pesadilla judicial."},"content":{"rendered":"\n<p>En 2006, la relaci\u00f3n amorosa de cuatro a\u00f1os entre el ex futbolista Rafael M\u00e1rquez y la actriz mexicana Adriana Lavat lleg\u00f3 a su fin en medio de rumores sobre un romance entre el deportista y la modelo<strong>&nbsp;Jaydy Michel<\/strong>, primera esposa del cantante espa\u00f1ol Alejandro Sanz.<\/p>\n\n\n\n<p>Un a\u00f1o despu\u00e9s, el arranque de la batalla legal se produjo tras el inicio del proceso de divorcio. M\u00e1rquez y Lavat se separaron legalmente en Espa\u00f1a en 2008, tiempo en el que el mexicano jugaba para<strong>&nbsp;FC Barcelona<\/strong>, desde entonces han mantenido una&nbsp;<a rel=\"noreferrer noopener\" href=\"https:\/\/www.infobae.com\/mexico\/2024\/11\/01\/cual-es-la-fortuna-de-rafa-marquez-y-por-que-iria-a-la-carcel\/\" target=\"_blank\"><strong>disputa legal<\/strong><\/a>&nbsp;por la manutenci\u00f3n de sus dos hijos, Santiago y Rafaela.<\/p>\n\n\n\n<p>La actriz y el futbolista&nbsp;<strong>se casaron por lo civil<\/strong>&nbsp;en 2001 y, dos a\u00f1os despu\u00e9s, celebraron su boda religiosa en la parroquia de San Fernando, en el Centro Hist\u00f3rico de la Ciudad de M\u00e9xico, acompa\u00f1ados por amigos futbolistas como Pavel Pardo y Duilio Davino, y figuras del espect\u00e1culo cercanas a Jorge Lavat, padre de Adriana.<img loading=\"lazy\" decoding=\"async\" alt=\"Adriana asegur\u00f3 que su deber era cambiar el patr\u00f3n de violencia econ\u00f3mica que aqueja a muchos. (Instagram: @adrianalavat )\" height=\"1080\" src=\"https:\/\/www.infobae.com\/resizer\/v2\/NVF3WYA7PRG4RI6MZNIDNN3IQQ.jpg?auth=b05dd8b7d9e21269c023c9ded209cefdf04fd329084cbd2a3f03647960d33d55&amp;smart=true&amp;width=350&amp;height=197&amp;quality=85\" width=\"1920\">Adriana asegur\u00f3 que su deber era cambiar el patr\u00f3n de violencia econ\u00f3mica que aqueja a muchos. (Instagram: @adrianalavat )<\/p>\n\n\n\n<h2 class=\"wp-block-heading\">La pensi\u00f3n de los hijos<\/h2>\n\n\n\n<p>En 2017, Adriana Lavat hizo p\u00fablica una denuncia contra su ex esposo, el futbolista Rafael M\u00e1rquez, exigiendo el&nbsp;<strong>restablecimiento de la pensi\u00f3n alimenticia&nbsp;<\/strong>para sus hijos. Mediante un comunicado, la actriz explic\u00f3 que tuvo&nbsp;<a rel=\"noreferrer noopener\" href=\"https:\/\/www.infobae.com\/mexico\/deportes\/2024\/11\/01\/como-fue-la-boda-secreta-de-rafa-marquez-y-jaydy-michel-en-una-playa-mexicana\/\" target=\"_blank\"><strong>tres juicios&nbsp;<\/strong><\/a>de reducci\u00f3n de la pensi\u00f3n de su hijos y logr\u00f3 un acuerdo cuando recibi\u00f3 la cuarta solicitud de ajuste, sin embargo, el deportista sigui\u00f3 neg\u00e1ndose a cumplir con los pagos.<\/p>\n\n\n\n<p>\u201cDespu\u00e9s de tres meses de incumplimiento de pago sin manifestaci\u00f3n alguna, sin explicaci\u00f3n ni apoyo de ning\u00fan tipo como siempre, despu\u00e9s de no recibir ni siquiera un mensaje de: \u00bfQu\u00e9 necesitan? Despu\u00e9s de pedir por favor el pago de colegiatura, despu\u00e9s de pedir ayuda, y de s\u00f3lo recibir respuestas una vez m\u00e1s de firmas de documentos, de control a cambio del pago, mi abogado se encargar\u00e1 de apegarse a las leyes, para que \u00e9stas act\u00faen como corresponde\u201d confes\u00f3 Lavat.<\/p>\n\n\n\n<p>Seg\u00fan la actriz, esta negativa afectaba directamente a sus hijos, raz\u00f3n por la cual buscaba una resoluci\u00f3n judicial para asegurar el cumplimiento de la manutenci\u00f3n. A finales de 2018, la situaci\u00f3n escal\u00f3 cuando Lavat solicit\u00f3 formalmente a una corte de Miami que ordenara a M\u00e1rquez el pago de<strong>&nbsp;88 mil d\u00f3lares&nbsp;<\/strong>en pensi\u00f3n alimenticia atrasada o, en su defecto, que se le enviara a prisi\u00f3n por desacato.<\/p>\n\n\n\n<p>Esta deuda acumulada correspond\u00eda a los pagos de manutenci\u00f3n acordados en 2016, por lo que el futbolista se comprometi\u00f3 a cubrir siete mil quinientos d\u00f3lares mensuales. Sin embargo, el monto no fue cubierto, generando una considerable deuda y tensiones legales entre ambos.<\/p>\n\n\n\n<p>En medio de este conflicto, Lavat declar\u00f3 que, adem\u00e1s del incumplimiento, hab\u00eda recibido presiones por parte de los abogados de M\u00e1rquez para disuadir su demanda. Seg\u00fan la actriz de \u201cTierra de reyes\u201d (2014), un abogado penalista contratado por el jugador intent\u00f3 intimidarla, advirti\u00e9ndole que el proceso legal ser\u00eda&nbsp;<strong>largo, tedioso y costoso.<\/strong><\/p>\n\n\n\n<p>\u201cMe mandaron decir que he sido muy conflictiva en todo este tiempo\u2026 O sea, que una mujer que no deja que hagan menos a sus hijos y que pelea porque le den lo que le corresponde\u2026 adem\u00e1s de todo lo que me han llamado es tambi\u00e9n conflictiva\u201d, a\u00f1adi\u00f3 Adriana en el comunicado.<\/p>\n\n\n\n<p>Finalmente, Adriana asegur\u00f3 que su deber era cambiar el patr\u00f3n de&nbsp;<strong>violencia econ\u00f3mica&nbsp;<\/strong>que aqueja a muchos. \u201cNo se trata de cantidades de dinero, se trata de control, de las formas que da\u00f1an, que son injustas y que deben cambiar\u201d concluy\u00f3.<img loading=\"lazy\" decoding=\"async\" alt=\"Mediante un comunicado, la actriz explic\u00f3 que tuvo tres juicios de reducci\u00f3n de la pensi\u00f3n de su hijos y logr\u00f3 un acuerdo cuando recibi\u00f3 la cuarta solicitud de ajuste, sin embargo, el deportista sigui\u00f3 neg\u00e1ndose a cumplir con los pagos.  (IG\/ @rafamarquez.a)\" height=\"1080\" src=\"https:\/\/www.infobae.com\/resizer\/v2\/7MB33XEVM5HQ5J563E5JLL4ZQQ.jpg?auth=1be254a3ac5b722d5172d9a42676dd8646159f2cc4d5741fc20c933d0d7ad6bc&amp;smart=true&amp;width=350&amp;height=197&amp;quality=85\" width=\"1920\">Mediante un comunicado, la actriz explic\u00f3 que tuvo tres juicios de reducci\u00f3n de la pensi\u00f3n de su hijos y logr\u00f3 un acuerdo cuando recibi\u00f3 la cuarta solicitud de ajuste, sin embargo, el deportista sigui\u00f3 neg\u00e1ndose a cumplir con los pagos. (IG\/ @rafamarquez.a)<\/p>\n\n\n\n<h2 class=\"wp-block-heading\">Riesgo de c\u00e1rcel en Espa\u00f1a<\/h2>\n\n\n\n<p>Seg\u00fan datos de la revista Semana, el 3 de octubre de 2024 el&nbsp;<strong>Juzgado de Instrucci\u00f3n N\u00famero 2 de Alcobendas&nbsp;<\/strong>admiti\u00f3 el tr\u00e1mite de la segunda denuncia de Lavat contra M\u00e1rquez por un supuesto delito de Frustraci\u00f3n de la Ejecuci\u00f3n, tras el incumplimiento en el pago de la pensi\u00f3n de los dos hijos que tienen en com\u00fan.<\/p>\n\n\n\n<p>En su denuncia, Adriana implic\u00f3 a la actual esposa del futbolista, Jaydy Michel, quien podr\u00eda enfrentarse a repercusiones legales en el caso. Lavat se\u00f1al\u00f3 que el capit\u00e1n de la Selecci\u00f3n Mexicana estar\u00eda buscando&nbsp;<strong>evitar el pago de la deuda&nbsp;<\/strong>que presuntamente mantiene con ella, recurriendo a diversas estrategias, como realizar<strong>&nbsp;pagos desde cuentas registradas a nombre de la modelo.<\/strong><\/p>\n\n\n\n<p>Actualmente, Rafael M\u00e1rquez es<strong>&nbsp;t\u00e9cnico auxiliar<\/strong>&nbsp;de la Selecci\u00f3n Mexicana y&nbsp;<strong>entrenador&nbsp;<\/strong>del equipo juvenil del&nbsp;<strong>FC Barcelona<\/strong>, conocido como el Bar\u00e7a Atl\u00e8tic, en Espa\u00f1a. Su carrera como director t\u00e9cnico comenz\u00f3 en 2022, cuando fue designado para dirigir el equipo filial, una oportunidad que le permite seguir desarroll\u00e1ndose en el \u00e1mbito del f\u00fatbol profesional tras su destacada trayectoria como jugador.<\/p>\n\n\n\n<p><strong><em>Con informaci\u00f2n de INFOBAE<\/em><\/strong><\/p>\n\n\n\n<p><\/p>\n","protected":false},"excerpt":{"rendered":"<p>En 2006, la relaci\u00f3n amorosa de cuatro a\u00f1os entre el ex futbolista Rafael M\u00e1rquez y<\/p>\n","protected":false},"author":1,"featured_media":11986,"comment_status":"open","ping_status":"open","sticky":false,"template":"","format":"standard","meta":{"om_disable_all_campaigns":false,"_monsterinsights_skip_tracking":false,"_monsterinsights_sitenote_active":false,"_monsterinsights_sitenote_note":"","_monsterinsights_sitenote_category":0,"_jetpack_memberships_contains_paid_content":false,"footnotes":"","jetpack_publicize_message":"","jetpack_publicize_feature_enabled":true,"jetpack_social_post_already_shared":false,"jetpack_social_options":{"image_generator_settings":{"template":"highway","enabled":false},"version":2}},"categories":[5],"tags":[],"class_list":["post-11985","post","type-post","status-publish","format-standard","has-post-thumbnail","hentry","category-nacional"],"jetpack_publicize_connections":[],"aioseo_notices":[],"jetpack_featured_media_url":"https:\/\/samanoticiasdurango.com\/wp-content\/uploads\/BODA.jpeg","featured_image_urls":{"full":["https:\/\/samanoticiasdurango.com\/wp-content\/uploads\/BODA.jpeg",680,383,false],"thumbnail":["https:\/\/samanoticiasdurango.com\/wp-content\/uploads\/BODA-150x150.jpeg",150,150,true],"medium":["https:\/\/samanoticiasdurango.com\/wp-content\/uploads\/BODA-300x169.jpeg",300,169,true],"medium_large":["https:\/\/samanoticiasdurango.com\/wp-content\/uploads\/BODA.jpeg",640,360,false],"large":["https:\/\/samanoticiasdurango.com\/wp-content\/uploads\/BODA.jpeg",640,360,false],"1536x1536":["https:\/\/samanoticiasdurango.com\/wp-content\/uploads\/BODA.jpeg",680,383,false],"2048x2048":["https:\/\/samanoticiasdurango.com\/wp-content\/uploads\/BODA.jpeg",680,383,false],"chromenews-featured":["https:\/\/samanoticiasdurango.com\/wp-content\/uploads\/BODA.jpeg",680,383,false],"chromenews-large":["https:\/\/samanoticiasdurango.com\/wp-content\/uploads\/BODA.jpeg",680,383,false],"chromenews-medium":["https:\/\/samanoticiasdurango.com\/wp-content\/uploads\/BODA-590x383.jpeg",590,383,true]},"author_info":{"display_name":"Redacci\u00f3n","author_link":"https:\/\/samanoticiasdurango.com\/index.php\/author\/jjsama13gmail-com\/"},"category_info":"<a href=\"https:\/\/samanoticiasdurango.com\/index.php\/category\/nacional\/\" rel=\"category tag\">NACIONAL<\/a>","tag_info":"NACIONAL","comment_count":"0","jetpack_sharing_enabled":true,"_links":{"self":[{"href":"https:\/\/samanoticiasdurango.com\/index.php\/wp-json\/wp\/v2\/posts\/11985","targetHints":{"allow":["GET"]}}],"collection":[{"href":"https:\/\/samanoticiasdurango.com\/index.php\/wp-json\/wp\/v2\/posts"}],"about":[{"href":"https:\/\/samanoticiasdurango.com\/index.php\/wp-json\/wp\/v2\/types\/post"}],"author":[{"embeddable":true,"href":"https:\/\/samanoticiasdurango.com\/index.php\/wp-json\/wp\/v2\/users\/1"}],"replies":[{"embeddable":true,"href":"https:\/\/samanoticiasdurango.com\/index.php\/wp-json\/wp\/v2\/comments?post=11985"}],"version-history":[{"count":1,"href":"https:\/\/samanoticiasdurango.com\/index.php\/wp-json\/wp\/v2\/posts\/11985\/revisions"}],"predecessor-version":[{"id":11987,"href":"https:\/\/samanoticiasdurango.com\/index.php\/wp-json\/wp\/v2\/posts\/11985\/revisions\/11987"}],"wp:featuredmedia":[{"embeddable":true,"href":"https:\/\/samanoticiasdurango.com\/index.php\/wp-json\/wp\/v2\/media\/11986"}],"wp:attachment":[{"href":"https:\/\/samanoticiasdurango.com\/index.php\/wp-json\/wp\/v2\/media?parent=11985"}],"wp:term":[{"taxonomy":"category","embeddable":true,"href":"https:\/\/samanoticiasdurango.com\/index.php\/wp-json\/wp\/v2\/categories?post=11985"},{"taxonomy":"post_tag","embeddable":true,"href":"https:\/\/samanoticiasdurango.com\/index.php\/wp-json\/wp\/v2\/tags?post=11985"}],"curies":[{"name":"wp","href":"https:\/\/api.w.org\/{rel}","templated":true}]}}