{"id":12058,"date":"2024-11-05T04:21:38","date_gmt":"2024-11-05T04:21:38","guid":{"rendered":"https:\/\/samanoticiasdurango.com\/?p=12058"},"modified":"2024-11-05T04:26:47","modified_gmt":"2024-11-05T04:26:47","slug":"2025-celebracion-de-los-200-anos-de-la-primera-constitucion-de-durango","status":"publish","type":"post","link":"https:\/\/samanoticiasdurango.com\/index.php\/2024\/11\/05\/2025-celebracion-de-los-200-anos-de-la-primera-constitucion-de-durango\/","title":{"rendered":"2025, celebraci\u00f3n de los 200 a\u00f1os de la primera Constituci\u00f3n de Durango.\u00a0"},"content":{"rendered":"\n<p>Al conmemorarse el pr\u00f3ximo a\u00f1o el bicentenario de la expedici\u00f3n del m\u00e1ximo ordenamiento jur\u00eddico local, los y las diputadas del PRI en el Congreso del Estado, han propuesto denominar al 2025, como el A\u00f1o de la Primera Constituci\u00f3n Pol\u00edtica del Estado, hecho que da cuenta de la historia pol\u00edtica y social de la entidad.<\/p>\n\n\n\n<p>Ernesto Alan\u00eds Herrera, Coordinador del Grupo Parlamentario del Partido Revolucionario Institucional (GP-PRI), record\u00f3 que fue el 1 de septiembre de 1825 cuando la primera Constituci\u00f3n del Estado fue expedida y es considerada como de las pocas que han establecido el sistema bicameral en toda la historia del derecho constitucional.<\/p>\n\n\n\n<p>Ante el Pleno del parlamento local, Alan\u00eds Herrera indic\u00f3 la celebraci\u00f3n de los 200 a\u00f1os de \u00e9sta, debemos entenderla, no s\u00f3lo como una fecha de conmemoraci\u00f3n de la elaboraci\u00f3n de nuestra constituci\u00f3n local, sino que es el momento id\u00f3neo para reconocer nuestra identidad y el papel que como parte de la federaci\u00f3n desempe\u00f1amos con orgullo.<\/p>\n\n\n\n<p>Destac\u00f3 que fue en 1824 y tras la Independencia de M\u00e9xico, el territorio de Durango comenz\u00f3 a tener cambios importantes, pues en la convocatoria al Primer Congreso Constituyente se estableci\u00f3 que se llamar\u00eda Provincia de Nueva Vizcaya. Despu\u00e9s \u2013agreg\u00f3- en el Acta Constitutiva del 31 de enero de 1824, se estableci\u00f3 que Durango junto con Chihuahua y Nuevo M\u00e9xico formar\u00edan un nuevo Estado que se llam\u00f3 Interno del Norte.<\/p>\n\n\n\n<p>ENo obstante, los duranguenses quer\u00edan formar un Estado propio, objetivo que lograron el 22 de mayo de 1824, cuando el Congreso orden\u00f3 su separaci\u00f3n de Chihuahua y Nuevo M\u00e9xico y se cre\u00f3 el Estado de Durango y como tal expidi\u00f3 su primera Constituci\u00f3n al a\u00f1o siguiente, agreg\u00f3 el coordinador del GP-PRI.<\/p>\n\n\n\n<p><br>Finalmente, el diputado Ernesto Alan\u00eds dijo a partir de este hecho hist\u00f3rico para los duranguenses, ha tenido un desarrollo constitucional que es digno de estudio porque nos permite entender c\u00f3mo llegamos al momento actual y proyectarnos mejor hacia el futuro.<\/p>\n","protected":false},"excerpt":{"rendered":"<p>Al conmemorarse el pr\u00f3ximo a\u00f1o el bicentenario de la expedici\u00f3n del m\u00e1ximo ordenamiento jur\u00eddico local,<\/p>\n","protected":false},"author":1,"featured_media":12059,"comment_status":"open","ping_status":"open","sticky":false,"template":"","format":"standard","meta":{"om_disable_all_campaigns":false,"_monsterinsights_skip_tracking":false,"_monsterinsights_sitenote_active":false,"_monsterinsights_sitenote_note":"","_monsterinsights_sitenote_category":0,"_jetpack_memberships_contains_paid_content":false,"footnotes":"","jetpack_publicize_message":"","jetpack_publicize_feature_enabled":true,"jetpack_social_post_already_shared":false,"jetpack_social_options":{"image_generator_settings":{"template":"highway","enabled":false},"version":2}},"categories":[1],"tags":[],"class_list":["post-12058","post","type-post","status-publish","format-standard","has-post-thumbnail","hentry","category-archivo"],"jetpack_publicize_connections":[],"aioseo_notices":[],"jetpack_featured_media_url":"https:\/\/samanoticiasdurango.com\/wp-content\/uploads\/1-12.jpg","featured_image_urls":{"full":["https:\/\/samanoticiasdurango.com\/wp-content\/uploads\/1-12.jpg",680,383,false],"thumbnail":["https:\/\/samanoticiasdurango.com\/wp-content\/uploads\/1-12-150x150.jpg",150,150,true],"medium":["https:\/\/samanoticiasdurango.com\/wp-content\/uploads\/1-12-300x169.jpg",300,169,true],"medium_large":["https:\/\/samanoticiasdurango.com\/wp-content\/uploads\/1-12.jpg",640,360,false],"large":["https:\/\/samanoticiasdurango.com\/wp-content\/uploads\/1-12.jpg",640,360,false],"1536x1536":["https:\/\/samanoticiasdurango.com\/wp-content\/uploads\/1-12.jpg",680,383,false],"2048x2048":["https:\/\/samanoticiasdurango.com\/wp-content\/uploads\/1-12.jpg",680,383,false],"chromenews-featured":["https:\/\/samanoticiasdurango.com\/wp-content\/uploads\/1-12.jpg",680,383,false],"chromenews-large":["https:\/\/samanoticiasdurango.com\/wp-content\/uploads\/1-12.jpg",680,383,false],"chromenews-medium":["https:\/\/samanoticiasdurango.com\/wp-content\/uploads\/1-12-590x383.jpg",590,383,true]},"author_info":{"display_name":"Redacci\u00f3n","author_link":"https:\/\/samanoticiasdurango.com\/index.php\/author\/jjsama13gmail-com\/"},"category_info":"<a href=\"https:\/\/samanoticiasdurango.com\/index.php\/category\/archivo\/\" rel=\"category tag\">DURANGO<\/a>","tag_info":"DURANGO","comment_count":"0","jetpack_sharing_enabled":true,"_links":{"self":[{"href":"https:\/\/samanoticiasdurango.com\/index.php\/wp-json\/wp\/v2\/posts\/12058","targetHints":{"allow":["GET"]}}],"collection":[{"href":"https:\/\/samanoticiasdurango.com\/index.php\/wp-json\/wp\/v2\/posts"}],"about":[{"href":"https:\/\/samanoticiasdurango.com\/index.php\/wp-json\/wp\/v2\/types\/post"}],"author":[{"embeddable":true,"href":"https:\/\/samanoticiasdurango.com\/index.php\/wp-json\/wp\/v2\/users\/1"}],"replies":[{"embeddable":true,"href":"https:\/\/samanoticiasdurango.com\/index.php\/wp-json\/wp\/v2\/comments?post=12058"}],"version-history":[{"count":1,"href":"https:\/\/samanoticiasdurango.com\/index.php\/wp-json\/wp\/v2\/posts\/12058\/revisions"}],"predecessor-version":[{"id":12060,"href":"https:\/\/samanoticiasdurango.com\/index.php\/wp-json\/wp\/v2\/posts\/12058\/revisions\/12060"}],"wp:featuredmedia":[{"embeddable":true,"href":"https:\/\/samanoticiasdurango.com\/index.php\/wp-json\/wp\/v2\/media\/12059"}],"wp:attachment":[{"href":"https:\/\/samanoticiasdurango.com\/index.php\/wp-json\/wp\/v2\/media?parent=12058"}],"wp:term":[{"taxonomy":"category","embeddable":true,"href":"https:\/\/samanoticiasdurango.com\/index.php\/wp-json\/wp\/v2\/categories?post=12058"},{"taxonomy":"post_tag","embeddable":true,"href":"https:\/\/samanoticiasdurango.com\/index.php\/wp-json\/wp\/v2\/tags?post=12058"}],"curies":[{"name":"wp","href":"https:\/\/api.w.org\/{rel}","templated":true}]}}