{"id":12094,"date":"2024-11-10T01:31:16","date_gmt":"2024-11-10T01:31:16","guid":{"rendered":"https:\/\/samanoticiasdurango.com\/?p=12094"},"modified":"2024-11-10T01:33:23","modified_gmt":"2024-11-10T01:33:23","slug":"es-la-chuloteca-un-espacio-lleno-de-alegria-tono-ochoa","status":"publish","type":"post","link":"https:\/\/samanoticiasdurango.com\/index.php\/2024\/11\/10\/es-la-chuloteca-un-espacio-lleno-de-alegria-tono-ochoa\/","title":{"rendered":"Es la Chuloteca un espacio lleno de alegr\u00eda: To\u00f1o Ochoa"},"content":{"rendered":"\n<p>\u201cMis tres nietos y yo, desde que conocimos la Chuloteca, acudimos cada jueves; para ellos es como ir al parque, son muy felices y nosotros notamos los cambios\u201d, comparti\u00f3 emocionada la se\u00f1ora Mar\u00eda Roc\u00edo Quezada Blanco, quien semanalmente lleva a sus nietos a este espacio que el Gobierno Municipal destina a las infancias de Durango.<\/p>\n\n\n\n<p>Giovanni Rosso, titular del Instituto Municipal para el Desarrollo Humano y Valores (INDEHVAL), destac\u00f3 que esta atenci\u00f3n no solo se brinda en sus instalaciones, sino que tambi\u00e9n se lleva a escuelas, fraccionamientos y colonias. Una de las hijas de Quezada Blanco gestion\u00f3 la visita de la Chuloteca M\u00f3vil a la escuela de sus hijas para promover actividades que fortalecen el bienestar integral de la ni\u00f1ez duranguense.<\/p>\n\n\n\n<p>\u201cMis ni\u00f1os ten\u00edan muchos miedos, y esto les ayud\u00f3 a entender qu\u00e9 es el miedo, el coraje y todo lo que implican sus sentimientos; ahora son m\u00e1s sociables y alegres gracias a la Chuloteca. Muchas gracias\u201d, expres\u00f3 agradecida.<\/p>\n\n\n\n<p>A poco m\u00e1s de tres meses de su inicio, la Chuloteca de INDEHVAL ya suma m\u00e1s de mil visitas de ni\u00f1as y ni\u00f1os hasta los 12 a\u00f1os, quienes, a trav\u00e9s del juego y la recreaci\u00f3n, fortalecen su salud emocional en un espacio digno.<\/p>\n\n\n\n<p>El Gobierno Municipal contin\u00faa su valiosa labor en pro de la ni\u00f1ez, ense\u00f1ando sobre inteligencia emocional para que aprendan a identificar y gestionar sus emociones desde temprana edad, destac\u00f3 Marisol Gonz\u00e1lez Sierra, coordinadora de la Chuloteca.<\/p>\n","protected":false},"excerpt":{"rendered":"<p>\u201cMis tres nietos y yo, desde que conocimos la Chuloteca, acudimos cada jueves; para ellos<\/p>\n","protected":false},"author":1,"featured_media":12095,"comment_status":"open","ping_status":"open","sticky":false,"template":"","format":"standard","meta":{"om_disable_all_campaigns":false,"_monsterinsights_skip_tracking":false,"_monsterinsights_sitenote_active":false,"_monsterinsights_sitenote_note":"","_monsterinsights_sitenote_category":0,"_jetpack_memberships_contains_paid_content":false,"footnotes":"","jetpack_publicize_message":"","jetpack_publicize_feature_enabled":true,"jetpack_social_post_already_shared":false,"jetpack_social_options":{"image_generator_settings":{"template":"highway","enabled":false},"version":2}},"categories":[1],"tags":[],"class_list":["post-12094","post","type-post","status-publish","format-standard","has-post-thumbnail","hentry","category-archivo"],"jetpack_publicize_connections":[],"aioseo_notices":[],"jetpack_featured_media_url":"https:\/\/samanoticiasdurango.com\/wp-content\/uploads\/0-12.jpg","featured_image_urls":{"full":["https:\/\/samanoticiasdurango.com\/wp-content\/uploads\/0-12.jpg",1920,1080,false],"thumbnail":["https:\/\/samanoticiasdurango.com\/wp-content\/uploads\/0-12-150x150.jpg",150,150,true],"medium":["https:\/\/samanoticiasdurango.com\/wp-content\/uploads\/0-12-300x169.jpg",300,169,true],"medium_large":["https:\/\/samanoticiasdurango.com\/wp-content\/uploads\/0-12-768x432.jpg",640,360,true],"large":["https:\/\/samanoticiasdurango.com\/wp-content\/uploads\/0-12-1024x576.jpg",640,360,true],"1536x1536":["https:\/\/samanoticiasdurango.com\/wp-content\/uploads\/0-12-1536x864.jpg",1536,864,true],"2048x2048":["https:\/\/samanoticiasdurango.com\/wp-content\/uploads\/0-12.jpg",1920,1080,false],"chromenews-featured":["https:\/\/samanoticiasdurango.com\/wp-content\/uploads\/0-12-1024x576.jpg",1024,576,true],"chromenews-large":["https:\/\/samanoticiasdurango.com\/wp-content\/uploads\/0-12-825x575.jpg",825,575,true],"chromenews-medium":["https:\/\/samanoticiasdurango.com\/wp-content\/uploads\/0-12-590x410.jpg",590,410,true]},"author_info":{"display_name":"Redacci\u00f3n","author_link":"https:\/\/samanoticiasdurango.com\/index.php\/author\/jjsama13gmail-com\/"},"category_info":"<a href=\"https:\/\/samanoticiasdurango.com\/index.php\/category\/archivo\/\" rel=\"category tag\">DURANGO<\/a>","tag_info":"DURANGO","comment_count":"0","jetpack_sharing_enabled":true,"_links":{"self":[{"href":"https:\/\/samanoticiasdurango.com\/index.php\/wp-json\/wp\/v2\/posts\/12094","targetHints":{"allow":["GET"]}}],"collection":[{"href":"https:\/\/samanoticiasdurango.com\/index.php\/wp-json\/wp\/v2\/posts"}],"about":[{"href":"https:\/\/samanoticiasdurango.com\/index.php\/wp-json\/wp\/v2\/types\/post"}],"author":[{"embeddable":true,"href":"https:\/\/samanoticiasdurango.com\/index.php\/wp-json\/wp\/v2\/users\/1"}],"replies":[{"embeddable":true,"href":"https:\/\/samanoticiasdurango.com\/index.php\/wp-json\/wp\/v2\/comments?post=12094"}],"version-history":[{"count":1,"href":"https:\/\/samanoticiasdurango.com\/index.php\/wp-json\/wp\/v2\/posts\/12094\/revisions"}],"predecessor-version":[{"id":12096,"href":"https:\/\/samanoticiasdurango.com\/index.php\/wp-json\/wp\/v2\/posts\/12094\/revisions\/12096"}],"wp:featuredmedia":[{"embeddable":true,"href":"https:\/\/samanoticiasdurango.com\/index.php\/wp-json\/wp\/v2\/media\/12095"}],"wp:attachment":[{"href":"https:\/\/samanoticiasdurango.com\/index.php\/wp-json\/wp\/v2\/media?parent=12094"}],"wp:term":[{"taxonomy":"category","embeddable":true,"href":"https:\/\/samanoticiasdurango.com\/index.php\/wp-json\/wp\/v2\/categories?post=12094"},{"taxonomy":"post_tag","embeddable":true,"href":"https:\/\/samanoticiasdurango.com\/index.php\/wp-json\/wp\/v2\/tags?post=12094"}],"curies":[{"name":"wp","href":"https:\/\/api.w.org\/{rel}","templated":true}]}}