{"id":12097,"date":"2024-11-10T01:36:36","date_gmt":"2024-11-10T01:36:36","guid":{"rendered":"https:\/\/samanoticiasdurango.com\/?p=12097"},"modified":"2024-11-10T02:06:35","modified_gmt":"2024-11-10T02:06:35","slug":"claudia-sheinbaum-incluye-electricidad-en-justicia-a-pueblos-originarios","status":"publish","type":"post","link":"https:\/\/samanoticiasdurango.com\/index.php\/2024\/11\/10\/claudia-sheinbaum-incluye-electricidad-en-justicia-a-pueblos-originarios\/","title":{"rendered":"Claudia Sheinbaum incluye electricidad en justicia a pueblos originarios."},"content":{"rendered":"\n<p>La Presidenta de M\u00e9xico, Claudia Sheinbaum Pardo, anunci\u00f3 que garantizar la electricidad en las comunidades originarias ser\u00e1 parte de los Planes de Justicia para los pueblos ind\u00edgenas y asever\u00f3 que antes de finalizar noviembre la Comisi\u00f3n Federal de Electricidad (CFE) comenzar\u00e1 a trabajar con el programa de electrificaci\u00f3n en la comunidad Los Frijoles, ubicada en Mezquital Durango.<\/p>\n\n\n\n<p>\u201cVa a venir hasta ac\u00e1 la directora general de Comisi\u00f3n Federal de Electricidad con el gobernador, con Adelfo y con la secretaria de Energ\u00eda para que dentro de los Planes de Justicia venga el programa de electrificaci\u00f3n, sea directo por cable o a trav\u00e9s de paneles solares con bater\u00edas, pero tenemos que electrificar a las comunidades como parte de los planes de justicia\u201d, asever\u00f3 durante la Inauguraci\u00f3n de los primeros 5 kil\u00f3metros del camino artesanal Pata de Gallo-Santiago Teneraca.<\/p>\n\n\n\n<p>Asimismo, inform\u00f3 que ya se comienza con el borrador para las leyes secundarias de la reforma constitucional que reconoce a los pueblos originarios como sujetos de derecho, en las que se contempla la posibilidad de que las comunidades tengan un presupuesto asignado para que a trav\u00e9s de sus asambleas decidan el destino de los recursos que se les entregar\u00e1n de manera directa.<\/p>\n\n\n\n<p>Adem\u00e1s, asever\u00f3 que continuar\u00e1n con la construcci\u00f3n de caminos artesanales y se apoyar\u00e1 al mejoramiento de viviendas en las comunidades ind\u00edgenas.<\/p>\n\n\n\n<p>\u201cVan a continuar todos los planes de justicia para los pueblos ind\u00edgenas. No hay divorcio, no empezamos de cero, vamos a darle continuidad y a aumentar el apoyo a las comunidades\u201d, puntualiz\u00f3.<\/p>\n","protected":false},"excerpt":{"rendered":"<p>La Presidenta de M\u00e9xico, Claudia Sheinbaum Pardo, anunci\u00f3 que garantizar la electricidad en las comunidades<\/p>\n","protected":false},"author":1,"featured_media":12098,"comment_status":"open","ping_status":"open","sticky":false,"template":"","format":"standard","meta":{"om_disable_all_campaigns":false,"_monsterinsights_skip_tracking":false,"_monsterinsights_sitenote_active":false,"_monsterinsights_sitenote_note":"","_monsterinsights_sitenote_category":0,"_jetpack_memberships_contains_paid_content":false,"footnotes":"","jetpack_publicize_message":"","jetpack_publicize_feature_enabled":true,"jetpack_social_post_already_shared":false,"jetpack_social_options":{"image_generator_settings":{"template":"highway","enabled":false},"version":2}},"categories":[1],"tags":[],"class_list":["post-12097","post","type-post","status-publish","format-standard","has-post-thumbnail","hentry","category-archivo"],"jetpack_publicize_connections":[],"aioseo_notices":[],"jetpack_featured_media_url":"https:\/\/samanoticiasdurango.com\/wp-content\/uploads\/00-scaled.jpeg","featured_image_urls":{"full":["https:\/\/samanoticiasdurango.com\/wp-content\/uploads\/00-scaled.jpeg",2560,1524,false],"thumbnail":["https:\/\/samanoticiasdurango.com\/wp-content\/uploads\/00-150x150.jpeg",150,150,true],"medium":["https:\/\/samanoticiasdurango.com\/wp-content\/uploads\/00-300x179.jpeg",300,179,true],"medium_large":["https:\/\/samanoticiasdurango.com\/wp-content\/uploads\/00-768x457.jpeg",640,381,true],"large":["https:\/\/samanoticiasdurango.com\/wp-content\/uploads\/00-1024x609.jpeg",640,381,true],"1536x1536":["https:\/\/samanoticiasdurango.com\/wp-content\/uploads\/00-1536x914.jpeg",1536,914,true],"2048x2048":["https:\/\/samanoticiasdurango.com\/wp-content\/uploads\/00-2048x1219.jpeg",2048,1219,true],"chromenews-featured":["https:\/\/samanoticiasdurango.com\/wp-content\/uploads\/00-1024x609.jpeg",1024,609,true],"chromenews-large":["https:\/\/samanoticiasdurango.com\/wp-content\/uploads\/00-825x575.jpeg",825,575,true],"chromenews-medium":["https:\/\/samanoticiasdurango.com\/wp-content\/uploads\/00-590x410.jpeg",590,410,true]},"author_info":{"display_name":"Redacci\u00f3n","author_link":"https:\/\/samanoticiasdurango.com\/index.php\/author\/jjsama13gmail-com\/"},"category_info":"<a href=\"https:\/\/samanoticiasdurango.com\/index.php\/category\/archivo\/\" rel=\"category tag\">DURANGO<\/a>","tag_info":"DURANGO","comment_count":"0","jetpack_sharing_enabled":true,"_links":{"self":[{"href":"https:\/\/samanoticiasdurango.com\/index.php\/wp-json\/wp\/v2\/posts\/12097","targetHints":{"allow":["GET"]}}],"collection":[{"href":"https:\/\/samanoticiasdurango.com\/index.php\/wp-json\/wp\/v2\/posts"}],"about":[{"href":"https:\/\/samanoticiasdurango.com\/index.php\/wp-json\/wp\/v2\/types\/post"}],"author":[{"embeddable":true,"href":"https:\/\/samanoticiasdurango.com\/index.php\/wp-json\/wp\/v2\/users\/1"}],"replies":[{"embeddable":true,"href":"https:\/\/samanoticiasdurango.com\/index.php\/wp-json\/wp\/v2\/comments?post=12097"}],"version-history":[{"count":1,"href":"https:\/\/samanoticiasdurango.com\/index.php\/wp-json\/wp\/v2\/posts\/12097\/revisions"}],"predecessor-version":[{"id":12099,"href":"https:\/\/samanoticiasdurango.com\/index.php\/wp-json\/wp\/v2\/posts\/12097\/revisions\/12099"}],"wp:featuredmedia":[{"embeddable":true,"href":"https:\/\/samanoticiasdurango.com\/index.php\/wp-json\/wp\/v2\/media\/12098"}],"wp:attachment":[{"href":"https:\/\/samanoticiasdurango.com\/index.php\/wp-json\/wp\/v2\/media?parent=12097"}],"wp:term":[{"taxonomy":"category","embeddable":true,"href":"https:\/\/samanoticiasdurango.com\/index.php\/wp-json\/wp\/v2\/categories?post=12097"},{"taxonomy":"post_tag","embeddable":true,"href":"https:\/\/samanoticiasdurango.com\/index.php\/wp-json\/wp\/v2\/tags?post=12097"}],"curies":[{"name":"wp","href":"https:\/\/api.w.org\/{rel}","templated":true}]}}