{"id":12102,"date":"2024-11-10T16:52:00","date_gmt":"2024-11-10T16:52:00","guid":{"rendered":"https:\/\/samanoticiasdurango.com\/?p=12102"},"modified":"2024-11-10T17:33:12","modified_gmt":"2024-11-10T17:33:12","slug":"masacre-en-bar-de-queretaro-10-muertos-en-un-minuto-sucedio-en-los-cantaritos-calle-circunvalacion","status":"publish","type":"post","link":"https:\/\/samanoticiasdurango.com\/index.php\/2024\/11\/10\/masacre-en-bar-de-queretaro-10-muertos-en-un-minuto-sucedio-en-los-cantaritos-calle-circunvalacion\/","title":{"rendered":"Masacre en bar de Quer\u00e9taro: 10 muertos en un minuto. Sucedi\u00f3 en &#8220;Los Cantaritos&#8221;, calle Circunvalaci\u00f3n."},"content":{"rendered":"\n<p>El ataque perpetrado en el bar &#8220;Los Cantaritos&#8221; en Quer\u00e9taro, que dej\u00f3 un saldo tr\u00e1gico de diez vidas perdidas y siete heridos, es un recordatorio desgarrador de la violencia que asola a nuestro pa\u00eds. Este incidente, que tuvo lugar la noche del 9 de noviembre, no solo refleja la brutalidad de los actos criminales, sino tambi\u00e9n un problema sist\u00e9mico m\u00e1s profundo que contin\u00faa afectando la vida diaria de los ciudadanos.<\/p>\n\n\n\n<p>Desde el momento en que se produjo el ataque, la respuesta inmediata de las autoridades y la cobertura medi\u00e1tica ha puesto de relieve la importancia de analizar los factores que contribuyen a este tipo de tragedias. La difusi\u00f3n de videos en redes sociales, donde se observa a al menos cuatro hombres armados llegando en una camioneta gris, evidencia una planificaci\u00f3n y ejecuci\u00f3n que va m\u00e1s all\u00e1 de un arrebato violento. Esto plantea preguntas sobre la seguridad p\u00fablica y la eficacia de las estrategias implementadas para proteger a los ciudadanos en lugares que deber\u00edan ser espacios de recreaci\u00f3n y esparcimiento.<\/p>\n\n\n\n<p>El bar &#8220;Los Cantaritos&#8221; se presentaba como un lugar de alegr\u00eda y convivencia, donde la gente pod\u00eda disfrutar de sabores \u00fanicos en un ambiente vibrante. Sin embargo, esa promesa de diversi\u00f3n se torn\u00f3 en un escenario de horror. La simplicidad de su propuesta contrasta con la complejidad de la situaci\u00f3n de seguridad que enfrenta M\u00e9xico. En este contexto, no se puede ignorar el papel que juegan factores como el narcotr\u00e1fico, la corrupci\u00f3n y la impunidad en la perpetuaci\u00f3n de actos de violencia.<\/p>\n\n\n\n<p>El hecho de que las calles de nuestras ciudades se conviertan en el escenario de ejecuciones y enfrentamientos armados es alarmante. Esta tragedia tiene repercusiones no solo en las v\u00edctimas directas, sino tambi\u00e9n en la percepci\u00f3n de seguridad que tienen los ciudadanos. La confianza en las instituciones se erosiona cuando eventos como el de &#8220;Los Cantaritos&#8221; ocurren con frecuencia, dejando a muchas personas reacias a salir y disfrutar de la vida social.<\/p>\n\n\n\n<p>Adem\u00e1s, es fundamental reflexionar sobre la deshumanizaci\u00f3n que acompa\u00f1a a estos relatos. Cada una de las diez v\u00edctimas era una persona con sue\u00f1os, historias y seres queridos. Tras cada cifra hay un trasfondo personal que nos invita a empatizar y a no permitir que estas tragedias se conviertan en meras estad\u00edsticas. El dolor y el sufrimiento de las familias afectadas deben ser el impulso para exigir cambios significativos en la pol\u00edtica de seguridad y justicia en nuestro pa\u00eds.<\/p>\n\n\n\n<p>La indignaci\u00f3n y el lamento que surgen ante esta tragedia deben traducirse en acciones concretas. Como sociedad, debemos demandar un enfoque m\u00e1s humano y proactivo para combatir la violencia, que no solo involucre la fuerza p\u00fablica, sino tambi\u00e9n la participaci\u00f3n comunitaria, la educaci\u00f3n y el acceso a oportunidades que alejen a los j\u00f3venes de caminos oscuros.<\/p>\n\n\n\n<p>En conclusi\u00f3n, el ataque en &#8220;Los Cantaritos&#8221; es un llamado urgente a la reflexi\u00f3n y a la acci\u00f3n colectiva. No podemos resignarnos a vivir en un entorno marcado por la violencia; es necesario trabajar juntos, como sociedad, para construir un futuro donde la paz y la seguridad sean derechos garantizados para todos. La memoria de las v\u00edctimas debe motivarnos a luchar contra la impunidad y a exigir un cambio que prevenga tragedias similares en el futuro.<\/p>\n","protected":false},"excerpt":{"rendered":"<p>El ataque perpetrado en el bar &#8220;Los Cantaritos&#8221; en Quer\u00e9taro, que dej\u00f3 un saldo tr\u00e1gico<\/p>\n","protected":false},"author":1,"featured_media":12103,"comment_status":"open","ping_status":"open","sticky":false,"template":"","format":"standard","meta":{"om_disable_all_campaigns":false,"_monsterinsights_skip_tracking":false,"_monsterinsights_sitenote_active":false,"_monsterinsights_sitenote_note":"","_monsterinsights_sitenote_category":0,"_jetpack_memberships_contains_paid_content":false,"footnotes":"","jetpack_publicize_message":"","jetpack_publicize_feature_enabled":true,"jetpack_social_post_already_shared":false,"jetpack_social_options":{"image_generator_settings":{"template":"highway","enabled":false},"version":2}},"categories":[5],"tags":[],"class_list":["post-12102","post","type-post","status-publish","format-standard","has-post-thumbnail","hentry","category-nacional"],"jetpack_publicize_connections":[],"aioseo_notices":[],"jetpack_featured_media_url":"https:\/\/samanoticiasdurango.com\/wp-content\/uploads\/guanajuato-violencia.avif","featured_image_urls":{"full":["https:\/\/samanoticiasdurango.com\/wp-content\/uploads\/guanajuato-violencia.avif",992,558,false],"thumbnail":["https:\/\/samanoticiasdurango.com\/wp-content\/uploads\/guanajuato-violencia-150x150.avif",150,150,true],"medium":["https:\/\/samanoticiasdurango.com\/wp-content\/uploads\/guanajuato-violencia-300x169.avif",300,169,true],"medium_large":["https:\/\/samanoticiasdurango.com\/wp-content\/uploads\/guanajuato-violencia-768x432.avif",640,360,true],"large":["https:\/\/samanoticiasdurango.com\/wp-content\/uploads\/guanajuato-violencia.avif",640,360,false],"1536x1536":["https:\/\/samanoticiasdurango.com\/wp-content\/uploads\/guanajuato-violencia.avif",992,558,false],"2048x2048":["https:\/\/samanoticiasdurango.com\/wp-content\/uploads\/guanajuato-violencia.avif",992,558,false],"chromenews-featured":["https:\/\/samanoticiasdurango.com\/wp-content\/uploads\/guanajuato-violencia.avif",992,558,false],"chromenews-large":["https:\/\/samanoticiasdurango.com\/wp-content\/uploads\/guanajuato-violencia-825x558.avif",825,558,true],"chromenews-medium":["https:\/\/samanoticiasdurango.com\/wp-content\/uploads\/guanajuato-violencia-590x410.avif",590,410,true]},"author_info":{"display_name":"Redacci\u00f3n","author_link":"https:\/\/samanoticiasdurango.com\/index.php\/author\/jjsama13gmail-com\/"},"category_info":"<a href=\"https:\/\/samanoticiasdurango.com\/index.php\/category\/nacional\/\" rel=\"category tag\">NACIONAL<\/a>","tag_info":"NACIONAL","comment_count":"0","jetpack_sharing_enabled":true,"_links":{"self":[{"href":"https:\/\/samanoticiasdurango.com\/index.php\/wp-json\/wp\/v2\/posts\/12102","targetHints":{"allow":["GET"]}}],"collection":[{"href":"https:\/\/samanoticiasdurango.com\/index.php\/wp-json\/wp\/v2\/posts"}],"about":[{"href":"https:\/\/samanoticiasdurango.com\/index.php\/wp-json\/wp\/v2\/types\/post"}],"author":[{"embeddable":true,"href":"https:\/\/samanoticiasdurango.com\/index.php\/wp-json\/wp\/v2\/users\/1"}],"replies":[{"embeddable":true,"href":"https:\/\/samanoticiasdurango.com\/index.php\/wp-json\/wp\/v2\/comments?post=12102"}],"version-history":[{"count":1,"href":"https:\/\/samanoticiasdurango.com\/index.php\/wp-json\/wp\/v2\/posts\/12102\/revisions"}],"predecessor-version":[{"id":12104,"href":"https:\/\/samanoticiasdurango.com\/index.php\/wp-json\/wp\/v2\/posts\/12102\/revisions\/12104"}],"wp:featuredmedia":[{"embeddable":true,"href":"https:\/\/samanoticiasdurango.com\/index.php\/wp-json\/wp\/v2\/media\/12103"}],"wp:attachment":[{"href":"https:\/\/samanoticiasdurango.com\/index.php\/wp-json\/wp\/v2\/media?parent=12102"}],"wp:term":[{"taxonomy":"category","embeddable":true,"href":"https:\/\/samanoticiasdurango.com\/index.php\/wp-json\/wp\/v2\/categories?post=12102"},{"taxonomy":"post_tag","embeddable":true,"href":"https:\/\/samanoticiasdurango.com\/index.php\/wp-json\/wp\/v2\/tags?post=12102"}],"curies":[{"name":"wp","href":"https:\/\/api.w.org\/{rel}","templated":true}]}}