{"id":12180,"date":"2024-11-14T20:21:03","date_gmt":"2024-11-14T20:21:03","guid":{"rendered":"https:\/\/samanoticiasdurango.com\/?p=12180"},"modified":"2024-11-14T21:38:07","modified_gmt":"2024-11-14T21:38:07","slug":"capturan-a-la-parka-jefe-de-halcones-de-la-familia-michoacana-en-operativo-en-morelos","status":"publish","type":"post","link":"https:\/\/samanoticiasdurango.com\/index.php\/2024\/11\/14\/capturan-a-la-parka-jefe-de-halcones-de-la-familia-michoacana-en-operativo-en-morelos\/","title":{"rendered":"Capturan a \u2018La Parka\u2019, jefe de halcones de la Familia Michoacana, en operativo en Morelos."},"content":{"rendered":"\n<p>A trav\u00e9s de sus canales oficiales, la Fiscal\u00eda General del Estado (FGE) de Morelos ha confirmado la detenci\u00f3n de Jaime \u201cN\u201d, conocido como \u2018La Parka\u2019. Este individuo ha sido identificado como el presunto jefe de halcones (informantes) del c\u00e1rtel de La Familia Michoacana en los municipios de Amacuzac y Puente de Ixtla.<\/p>\n\n\n\n<p>Seg\u00fan reportes proporcionados por el fiscal Uriel Carmona G\u00e1ndara, pesaba sobre este l\u00edder delincuencial una orden de aprehensi\u00f3n por el delito de extorsi\u00f3n agravada, la cual fue cumplimentada el d\u00eda de hoy por agentes de la Fiscal\u00eda de Investigaci\u00f3n de Delitos de Alto Impacto (FIDAI).<\/p>\n\n\n\n<p>La captura se llev\u00f3 a cabo en el contexto de un megaoperativo que combin\u00f3 acciones terrestres y a\u00e9reas, coordinado por la FIDAI. Este esfuerzo fue realizado en estrecha colaboraci\u00f3n con la Secretar\u00eda de la Defensa Nacional, la Guardia Nacional, la Agencia de Investigaci\u00f3n Criminal (AIC) y la Secretar\u00eda de Seguridad y Protecci\u00f3n Ciudadana de Morelos.<\/p>\n\n\n\n<p>El despliegue t\u00e1ctico tuvo lugar de manera simult\u00e1nea en los municipios de Amacuzac, Coatl\u00e1n del R\u00edo y Puente de Ixtla. Hasta la tarde del 14 de noviembre, el fiscal confirm\u00f3 la intervenci\u00f3n en siete propiedades, que inclu\u00edan cuatro domicilios y tres locales comerciales, todos vinculados con La Familia Michoacana. Estas acciones son parte de una investigaci\u00f3n m\u00e1s amplia enfocada en delitos de extorsi\u00f3n y privaci\u00f3n de la libertad.<\/p>\n\n\n\n<p>En sus declaraciones, el fiscal Carmona destac\u00f3: \u201cLas acciones desplegadas en la zona forman parte de la estrategia instrumentada para el combate a la extorsi\u00f3n y acciones dirigidas contra grupos delincuenciales como la Familia Michoacana, que opera en la regi\u00f3n y en distintos puntos del estado. Estos grupos han afectado a diversas empresas, incluyendo FEMSA, dedicada a la distribuci\u00f3n refresquera desde el municipio de Puente de Ixtla\u201d.<\/p>\n\n\n\n<p>La detenci\u00f3n de Jaime \u201cN\u201d representa un avance significativo en la lucha contra la criminalidad organizada en Morelos, subrayando el compromiso de las autoridades en la erradicaci\u00f3n de actividades il\u00edcitas que afectan a la sociedad y a la econom\u00eda local.<\/p>\n","protected":false},"excerpt":{"rendered":"<p>A trav\u00e9s de sus canales oficiales, la Fiscal\u00eda General del Estado (FGE) de Morelos ha<\/p>\n","protected":false},"author":1,"featured_media":12181,"comment_status":"open","ping_status":"open","sticky":false,"template":"","format":"standard","meta":{"om_disable_all_campaigns":false,"_monsterinsights_skip_tracking":false,"_monsterinsights_sitenote_active":false,"_monsterinsights_sitenote_note":"","_monsterinsights_sitenote_category":0,"_jetpack_memberships_contains_paid_content":false,"footnotes":"","jetpack_publicize_message":"","jetpack_publicize_feature_enabled":true,"jetpack_social_post_already_shared":false,"jetpack_social_options":{"image_generator_settings":{"template":"highway","enabled":false},"version":2}},"categories":[1],"tags":[],"class_list":["post-12180","post","type-post","status-publish","format-standard","has-post-thumbnail","hentry","category-archivo"],"jetpack_publicize_connections":[],"aioseo_notices":[],"jetpack_featured_media_url":"https:\/\/samanoticiasdurango.com\/wp-content\/uploads\/la-parka.jpeg","featured_image_urls":{"full":["https:\/\/samanoticiasdurango.com\/wp-content\/uploads\/la-parka.jpeg",680,383,false],"thumbnail":["https:\/\/samanoticiasdurango.com\/wp-content\/uploads\/la-parka-150x150.jpeg",150,150,true],"medium":["https:\/\/samanoticiasdurango.com\/wp-content\/uploads\/la-parka-300x169.jpeg",300,169,true],"medium_large":["https:\/\/samanoticiasdurango.com\/wp-content\/uploads\/la-parka.jpeg",640,360,false],"large":["https:\/\/samanoticiasdurango.com\/wp-content\/uploads\/la-parka.jpeg",640,360,false],"1536x1536":["https:\/\/samanoticiasdurango.com\/wp-content\/uploads\/la-parka.jpeg",680,383,false],"2048x2048":["https:\/\/samanoticiasdurango.com\/wp-content\/uploads\/la-parka.jpeg",680,383,false],"chromenews-featured":["https:\/\/samanoticiasdurango.com\/wp-content\/uploads\/la-parka.jpeg",680,383,false],"chromenews-large":["https:\/\/samanoticiasdurango.com\/wp-content\/uploads\/la-parka.jpeg",680,383,false],"chromenews-medium":["https:\/\/samanoticiasdurango.com\/wp-content\/uploads\/la-parka-590x383.jpeg",590,383,true]},"author_info":{"display_name":"Redacci\u00f3n","author_link":"https:\/\/samanoticiasdurango.com\/index.php\/author\/jjsama13gmail-com\/"},"category_info":"<a href=\"https:\/\/samanoticiasdurango.com\/index.php\/category\/archivo\/\" rel=\"category tag\">DURANGO<\/a>","tag_info":"DURANGO","comment_count":"0","jetpack_sharing_enabled":true,"_links":{"self":[{"href":"https:\/\/samanoticiasdurango.com\/index.php\/wp-json\/wp\/v2\/posts\/12180","targetHints":{"allow":["GET"]}}],"collection":[{"href":"https:\/\/samanoticiasdurango.com\/index.php\/wp-json\/wp\/v2\/posts"}],"about":[{"href":"https:\/\/samanoticiasdurango.com\/index.php\/wp-json\/wp\/v2\/types\/post"}],"author":[{"embeddable":true,"href":"https:\/\/samanoticiasdurango.com\/index.php\/wp-json\/wp\/v2\/users\/1"}],"replies":[{"embeddable":true,"href":"https:\/\/samanoticiasdurango.com\/index.php\/wp-json\/wp\/v2\/comments?post=12180"}],"version-history":[{"count":1,"href":"https:\/\/samanoticiasdurango.com\/index.php\/wp-json\/wp\/v2\/posts\/12180\/revisions"}],"predecessor-version":[{"id":12182,"href":"https:\/\/samanoticiasdurango.com\/index.php\/wp-json\/wp\/v2\/posts\/12180\/revisions\/12182"}],"wp:featuredmedia":[{"embeddable":true,"href":"https:\/\/samanoticiasdurango.com\/index.php\/wp-json\/wp\/v2\/media\/12181"}],"wp:attachment":[{"href":"https:\/\/samanoticiasdurango.com\/index.php\/wp-json\/wp\/v2\/media?parent=12180"}],"wp:term":[{"taxonomy":"category","embeddable":true,"href":"https:\/\/samanoticiasdurango.com\/index.php\/wp-json\/wp\/v2\/categories?post=12180"},{"taxonomy":"post_tag","embeddable":true,"href":"https:\/\/samanoticiasdurango.com\/index.php\/wp-json\/wp\/v2\/tags?post=12180"}],"curies":[{"name":"wp","href":"https:\/\/api.w.org\/{rel}","templated":true}]}}