{"id":12194,"date":"2024-11-15T20:24:12","date_gmt":"2024-11-15T20:24:12","guid":{"rendered":"https:\/\/samanoticiasdurango.com\/?p=12194"},"modified":"2024-11-15T20:24:13","modified_gmt":"2024-11-15T20:24:13","slug":"la-violencia-vicaria-es-una-pendiente-prioritario-en-la-agenda-de-claudia-sheinbaum-para-garantizar-que-las-mujeres-vivan-sin-violencia","status":"publish","type":"post","link":"https:\/\/samanoticiasdurango.com\/index.php\/2024\/11\/15\/la-violencia-vicaria-es-una-pendiente-prioritario-en-la-agenda-de-claudia-sheinbaum-para-garantizar-que-las-mujeres-vivan-sin-violencia\/","title":{"rendered":"La VIOLENCIA VICARIA es una PENDIENTE PRIORITARIO en la agenda de Claudia Sheinbaum para garantizar que las mujeres vivan sin violencia."},"content":{"rendered":"\n<p>El delito VIOLENCIA VICARIA sigue estando en condiciones de PENDIENTE PRIORITARIO para que en la agenda de la Presidenta Claudia Sheinbaum, logren trabajar a la inmediatez para garantizar el acceso a las mujeres a una vida libre de violencia, precisamente por las condiciones de desigualdad que a\u00fan existen en el marco del derecho y en la impartici\u00f3n de justicia por las carencias y dificultades que a\u00fan existe en la sociedad en general peor a\u00fan trat\u00e1ndose del funcionariado p\u00fablico que a\u00fan normaliza la violencia, que desconoce de la perspectiva de g\u00e9nero que le resulta imposible comprender perspectiva de infancia, los vac\u00edos legales que son oro molido para los victimarios que ejercen una violencia desenfrenada con el af\u00e1n de destruir y acabar con la vida de las MUJERES. <\/p>\n\n\n\n<p>En este sentido exigimos que se trabaje en visibilizar este delito tan recurrente de hombres hacia mujeres desde la comparsa de autoridades omisas y que coadyuvan ejerciendo violencia institucional.<\/p>\n\n\n\n<p>Durango es un estado donde se normaliza esta violencia desde el poder judicial del estado en su m\u00e1s alta esfera existen casos para ejemplificar.<\/p>\n\n\n\n<p>Pero esos casos est\u00e1n a disposici\u00f3n de tratarlos y exponerlos en la mesa de trabajo con la Secretaria Citlalli<\/p>\n\n\n\n<p><\/p>\n","protected":false},"excerpt":{"rendered":"<p>El delito VIOLENCIA VICARIA sigue estando en condiciones de PENDIENTE PRIORITARIO para que en la<\/p>\n","protected":false},"author":1,"featured_media":12195,"comment_status":"open","ping_status":"open","sticky":false,"template":"","format":"standard","meta":{"om_disable_all_campaigns":false,"_monsterinsights_skip_tracking":false,"_monsterinsights_sitenote_active":false,"_monsterinsights_sitenote_note":"","_monsterinsights_sitenote_category":0,"_jetpack_memberships_contains_paid_content":false,"footnotes":"","jetpack_publicize_message":"","jetpack_publicize_feature_enabled":true,"jetpack_social_post_already_shared":false,"jetpack_social_options":{"image_generator_settings":{"template":"highway","enabled":false},"version":2}},"categories":[1,18],"tags":[],"class_list":["post-12194","post","type-post","status-publish","format-standard","has-post-thumbnail","hentry","category-archivo","category-colaboracion"],"jetpack_publicize_connections":[],"aioseo_notices":[],"jetpack_featured_media_url":"https:\/\/samanoticiasdurango.com\/wp-content\/uploads\/33333.jpg","featured_image_urls":{"full":["https:\/\/samanoticiasdurango.com\/wp-content\/uploads\/33333.jpg",828,466,false],"thumbnail":["https:\/\/samanoticiasdurango.com\/wp-content\/uploads\/33333-150x150.jpg",150,150,true],"medium":["https:\/\/samanoticiasdurango.com\/wp-content\/uploads\/33333-300x169.jpg",300,169,true],"medium_large":["https:\/\/samanoticiasdurango.com\/wp-content\/uploads\/33333-768x432.jpg",640,360,true],"large":["https:\/\/samanoticiasdurango.com\/wp-content\/uploads\/33333.jpg",640,360,false],"1536x1536":["https:\/\/samanoticiasdurango.com\/wp-content\/uploads\/33333.jpg",828,466,false],"2048x2048":["https:\/\/samanoticiasdurango.com\/wp-content\/uploads\/33333.jpg",828,466,false],"chromenews-featured":["https:\/\/samanoticiasdurango.com\/wp-content\/uploads\/33333.jpg",828,466,false],"chromenews-large":["https:\/\/samanoticiasdurango.com\/wp-content\/uploads\/33333-825x466.jpg",825,466,true],"chromenews-medium":["https:\/\/samanoticiasdurango.com\/wp-content\/uploads\/33333-590x410.jpg",590,410,true]},"author_info":{"display_name":"Redacci\u00f3n","author_link":"https:\/\/samanoticiasdurango.com\/index.php\/author\/jjsama13gmail-com\/"},"category_info":"<a href=\"https:\/\/samanoticiasdurango.com\/index.php\/category\/archivo\/\" rel=\"category tag\">DURANGO<\/a> <a href=\"https:\/\/samanoticiasdurango.com\/index.php\/category\/colaboracion\/\" rel=\"category tag\">OPINION<\/a>","tag_info":"OPINION","comment_count":"0","jetpack_sharing_enabled":true,"_links":{"self":[{"href":"https:\/\/samanoticiasdurango.com\/index.php\/wp-json\/wp\/v2\/posts\/12194","targetHints":{"allow":["GET"]}}],"collection":[{"href":"https:\/\/samanoticiasdurango.com\/index.php\/wp-json\/wp\/v2\/posts"}],"about":[{"href":"https:\/\/samanoticiasdurango.com\/index.php\/wp-json\/wp\/v2\/types\/post"}],"author":[{"embeddable":true,"href":"https:\/\/samanoticiasdurango.com\/index.php\/wp-json\/wp\/v2\/users\/1"}],"replies":[{"embeddable":true,"href":"https:\/\/samanoticiasdurango.com\/index.php\/wp-json\/wp\/v2\/comments?post=12194"}],"version-history":[{"count":1,"href":"https:\/\/samanoticiasdurango.com\/index.php\/wp-json\/wp\/v2\/posts\/12194\/revisions"}],"predecessor-version":[{"id":12196,"href":"https:\/\/samanoticiasdurango.com\/index.php\/wp-json\/wp\/v2\/posts\/12194\/revisions\/12196"}],"wp:featuredmedia":[{"embeddable":true,"href":"https:\/\/samanoticiasdurango.com\/index.php\/wp-json\/wp\/v2\/media\/12195"}],"wp:attachment":[{"href":"https:\/\/samanoticiasdurango.com\/index.php\/wp-json\/wp\/v2\/media?parent=12194"}],"wp:term":[{"taxonomy":"category","embeddable":true,"href":"https:\/\/samanoticiasdurango.com\/index.php\/wp-json\/wp\/v2\/categories?post=12194"},{"taxonomy":"post_tag","embeddable":true,"href":"https:\/\/samanoticiasdurango.com\/index.php\/wp-json\/wp\/v2\/tags?post=12194"}],"curies":[{"name":"wp","href":"https:\/\/api.w.org\/{rel}","templated":true}]}}