{"id":12206,"date":"2024-11-17T14:26:44","date_gmt":"2024-11-17T14:26:44","guid":{"rendered":"https:\/\/samanoticiasdurango.com\/?p=12206"},"modified":"2024-11-17T14:26:51","modified_gmt":"2024-11-17T14:26:51","slug":"soy-el-principal-responsable-de-la-derrota-admite-javier-aguirre","status":"publish","type":"post","link":"https:\/\/samanoticiasdurango.com\/index.php\/2024\/11\/17\/soy-el-principal-responsable-de-la-derrota-admite-javier-aguirre\/","title":{"rendered":"\u201cSoy el principal responsable de la derrota\u201d, admite Javier Aguirre."},"content":{"rendered":"\n<p>En el marco de la reciente derrota por 0-2 ante Honduras en los cuartos de final de la Liga de Naciones de la Concacaf, Javier Aguirre, entrenador de la selecci\u00f3n mexicana de f\u00fatbol, asumi\u00f3 la total responsabilidad del resultado adverso. <\/p>\n\n\n\n<p>Durante su intervenci\u00f3n posterior al encuentro, Aguirre enfatiz\u00f3: \u201cNo soy de se\u00f1alar a nadie, el principal responsable de la derrota soy yo\u201d. <\/p>\n\n\n\n<p>A pesar del descalabro, el estratega se mostr\u00f3 optimista y confiante en la posibilidad de revertir la situaci\u00f3n en el partido de vuelta que se llevar\u00e1 a cabo en Toluca el pr\u00f3ximo 19 de este mes.<\/p>\n\n\n\n<p>Adem\u00e1s, Aguirre abord\u00f3 un incidente ocurrido al t\u00e9rmino del encuentro, donde un aficionado le lanz\u00f3 una lata, afirmando que no le otorgaba relevancia a ese hecho, lo cual pone de relieve su enfoque en el desempe\u00f1o del equipo y su deseo de continuar luchando para alcanzar el \u00e9xito en la competici\u00f3n.<\/p>\n\n\n\n<p><\/p>\n","protected":false},"excerpt":{"rendered":"<p>En el marco de la reciente derrota por 0-2 ante Honduras en los cuartos de<\/p>\n","protected":false},"author":1,"featured_media":0,"comment_status":"open","ping_status":"open","sticky":false,"template":"","format":"standard","meta":{"om_disable_all_campaigns":false,"_monsterinsights_skip_tracking":false,"_monsterinsights_sitenote_active":false,"_monsterinsights_sitenote_note":"","_monsterinsights_sitenote_category":0,"_jetpack_memberships_contains_paid_content":false,"footnotes":"","jetpack_publicize_message":"","jetpack_publicize_feature_enabled":true,"jetpack_social_post_already_shared":false,"jetpack_social_options":{"image_generator_settings":{"template":"highway","enabled":false},"version":2}},"categories":[1],"tags":[],"class_list":["post-12206","post","type-post","status-publish","format-standard","hentry","category-archivo"],"jetpack_publicize_connections":[],"aioseo_notices":[],"jetpack_featured_media_url":"","featured_image_urls":{"full":"","thumbnail":"","medium":"","medium_large":"","large":"","1536x1536":"","2048x2048":"","chromenews-featured":"","chromenews-large":"","chromenews-medium":""},"author_info":{"display_name":"Redacci\u00f3n","author_link":"https:\/\/samanoticiasdurango.com\/index.php\/author\/jjsama13gmail-com\/"},"category_info":"<a href=\"https:\/\/samanoticiasdurango.com\/index.php\/category\/archivo\/\" rel=\"category tag\">DURANGO<\/a>","tag_info":"DURANGO","comment_count":"0","jetpack_sharing_enabled":true,"_links":{"self":[{"href":"https:\/\/samanoticiasdurango.com\/index.php\/wp-json\/wp\/v2\/posts\/12206","targetHints":{"allow":["GET"]}}],"collection":[{"href":"https:\/\/samanoticiasdurango.com\/index.php\/wp-json\/wp\/v2\/posts"}],"about":[{"href":"https:\/\/samanoticiasdurango.com\/index.php\/wp-json\/wp\/v2\/types\/post"}],"author":[{"embeddable":true,"href":"https:\/\/samanoticiasdurango.com\/index.php\/wp-json\/wp\/v2\/users\/1"}],"replies":[{"embeddable":true,"href":"https:\/\/samanoticiasdurango.com\/index.php\/wp-json\/wp\/v2\/comments?post=12206"}],"version-history":[{"count":1,"href":"https:\/\/samanoticiasdurango.com\/index.php\/wp-json\/wp\/v2\/posts\/12206\/revisions"}],"predecessor-version":[{"id":12207,"href":"https:\/\/samanoticiasdurango.com\/index.php\/wp-json\/wp\/v2\/posts\/12206\/revisions\/12207"}],"wp:attachment":[{"href":"https:\/\/samanoticiasdurango.com\/index.php\/wp-json\/wp\/v2\/media?parent=12206"}],"wp:term":[{"taxonomy":"category","embeddable":true,"href":"https:\/\/samanoticiasdurango.com\/index.php\/wp-json\/wp\/v2\/categories?post=12206"},{"taxonomy":"post_tag","embeddable":true,"href":"https:\/\/samanoticiasdurango.com\/index.php\/wp-json\/wp\/v2\/tags?post=12206"}],"curies":[{"name":"wp","href":"https:\/\/api.w.org\/{rel}","templated":true}]}}