{"id":12215,"date":"2024-11-17T16:38:06","date_gmt":"2024-11-17T16:38:06","guid":{"rendered":"https:\/\/samanoticiasdurango.com\/?p=12215"},"modified":"2024-11-17T16:40:02","modified_gmt":"2024-11-17T16:40:02","slug":"papa-francisco-pide-investigar-posible-genocidio-de-israel-en-gaza","status":"publish","type":"post","link":"https:\/\/samanoticiasdurango.com\/index.php\/2024\/11\/17\/papa-francisco-pide-investigar-posible-genocidio-de-israel-en-gaza\/","title":{"rendered":"Papa Francisco pide investigar posible genocidio de Israel en Gaza."},"content":{"rendered":"\n<p>En su nuevo libro, \u201cLa esperanza no defrauda nunca\u201d, el papa Francisco propone la urgente necesidad de investigar si las acciones de Israel en Gaza constituyen genocidio, una reflexi\u00f3n que ha sido destacada en un avance publicado en el diario italiano \u2018La Stampa\u2019. <\/p>\n\n\n\n<p>El pont\u00edfice enfatiza que, a partir de las observaciones de expertos, es imperativo considerar las caracter\u00edsticas de genocidio en el contexto actual de la regi\u00f3n.<\/p>\n\n\n\n<p>El papa subraya la grave situaci\u00f3n humanitaria en Gaza y critica la falta de acceso a alimentos y asistencia para la poblaci\u00f3n palestina. <\/p>\n\n\n\n<p>Adem\u00e1s, llama la atenci\u00f3n sobre los pa\u00edses vecinos, como Jordania y L\u00edbano, que han abierto sus puertas a millones de personas desplazadas por los conflictos.<\/p>\n\n\n\n<p>En su obra, que se lanzar\u00e1 pr\u00f3ximamente en varias naciones, Francisco aborda temas cr\u00edticos como la geopol\u00edtica, la migraci\u00f3n y la necesidad de una respuesta global ante la indiferencia hacia aquellos que sufren. <\/p>\n\n\n\n<p>Propone que todos los pa\u00edses deben actuar juntos para garantizar derechos fundamentales y un desarrollo humano integral, enfatizando que la verdadera libertad migratoria solo se lograr\u00e1 al eliminar condiciones comerciales desiguales que perpet\u00faan el saqueo de los recursos de las naciones en desarrollo. <\/p>\n\n\n\n<p>Su mensaje concluye con un llamado a la solidaridad y a la acogida de migrantes, resaltando la importancia de su desarrollo personal en todas sus dimensiones.<\/p>\n","protected":false},"excerpt":{"rendered":"<p>En su nuevo libro, \u201cLa esperanza no defrauda nunca\u201d, el papa Francisco propone la urgente<\/p>\n","protected":false},"author":1,"featured_media":12216,"comment_status":"open","ping_status":"open","sticky":false,"template":"","format":"standard","meta":{"om_disable_all_campaigns":false,"_monsterinsights_skip_tracking":false,"_monsterinsights_sitenote_active":false,"_monsterinsights_sitenote_note":"","_monsterinsights_sitenote_category":0,"_jetpack_memberships_contains_paid_content":false,"footnotes":"","jetpack_publicize_message":"","jetpack_publicize_feature_enabled":true,"jetpack_social_post_already_shared":false,"jetpack_social_options":{"image_generator_settings":{"template":"highway","enabled":false},"version":2}},"categories":[6],"tags":[],"class_list":["post-12215","post","type-post","status-publish","format-standard","has-post-thumbnail","hentry","category-internacional"],"jetpack_publicize_connections":[],"aioseo_notices":[],"jetpack_featured_media_url":"https:\/\/samanoticiasdurango.com\/wp-content\/uploads\/Secuencia-01.00_00_01_08.Imagen-fija008.jpg","featured_image_urls":{"full":["https:\/\/samanoticiasdurango.com\/wp-content\/uploads\/Secuencia-01.00_00_01_08.Imagen-fija008.jpg",828,466,false],"thumbnail":["https:\/\/samanoticiasdurango.com\/wp-content\/uploads\/Secuencia-01.00_00_01_08.Imagen-fija008-150x150.jpg",150,150,true],"medium":["https:\/\/samanoticiasdurango.com\/wp-content\/uploads\/Secuencia-01.00_00_01_08.Imagen-fija008-300x169.jpg",300,169,true],"medium_large":["https:\/\/samanoticiasdurango.com\/wp-content\/uploads\/Secuencia-01.00_00_01_08.Imagen-fija008-768x432.jpg",640,360,true],"large":["https:\/\/samanoticiasdurango.com\/wp-content\/uploads\/Secuencia-01.00_00_01_08.Imagen-fija008.jpg",640,360,false],"1536x1536":["https:\/\/samanoticiasdurango.com\/wp-content\/uploads\/Secuencia-01.00_00_01_08.Imagen-fija008.jpg",828,466,false],"2048x2048":["https:\/\/samanoticiasdurango.com\/wp-content\/uploads\/Secuencia-01.00_00_01_08.Imagen-fija008.jpg",828,466,false],"chromenews-featured":["https:\/\/samanoticiasdurango.com\/wp-content\/uploads\/Secuencia-01.00_00_01_08.Imagen-fija008.jpg",828,466,false],"chromenews-large":["https:\/\/samanoticiasdurango.com\/wp-content\/uploads\/Secuencia-01.00_00_01_08.Imagen-fija008-825x466.jpg",825,466,true],"chromenews-medium":["https:\/\/samanoticiasdurango.com\/wp-content\/uploads\/Secuencia-01.00_00_01_08.Imagen-fija008-590x410.jpg",590,410,true]},"author_info":{"display_name":"Redacci\u00f3n","author_link":"https:\/\/samanoticiasdurango.com\/index.php\/author\/jjsama13gmail-com\/"},"category_info":"<a href=\"https:\/\/samanoticiasdurango.com\/index.php\/category\/internacional\/\" rel=\"category tag\">INTERNACIONAL<\/a>","tag_info":"INTERNACIONAL","comment_count":"0","jetpack_sharing_enabled":true,"_links":{"self":[{"href":"https:\/\/samanoticiasdurango.com\/index.php\/wp-json\/wp\/v2\/posts\/12215","targetHints":{"allow":["GET"]}}],"collection":[{"href":"https:\/\/samanoticiasdurango.com\/index.php\/wp-json\/wp\/v2\/posts"}],"about":[{"href":"https:\/\/samanoticiasdurango.com\/index.php\/wp-json\/wp\/v2\/types\/post"}],"author":[{"embeddable":true,"href":"https:\/\/samanoticiasdurango.com\/index.php\/wp-json\/wp\/v2\/users\/1"}],"replies":[{"embeddable":true,"href":"https:\/\/samanoticiasdurango.com\/index.php\/wp-json\/wp\/v2\/comments?post=12215"}],"version-history":[{"count":1,"href":"https:\/\/samanoticiasdurango.com\/index.php\/wp-json\/wp\/v2\/posts\/12215\/revisions"}],"predecessor-version":[{"id":12217,"href":"https:\/\/samanoticiasdurango.com\/index.php\/wp-json\/wp\/v2\/posts\/12215\/revisions\/12217"}],"wp:featuredmedia":[{"embeddable":true,"href":"https:\/\/samanoticiasdurango.com\/index.php\/wp-json\/wp\/v2\/media\/12216"}],"wp:attachment":[{"href":"https:\/\/samanoticiasdurango.com\/index.php\/wp-json\/wp\/v2\/media?parent=12215"}],"wp:term":[{"taxonomy":"category","embeddable":true,"href":"https:\/\/samanoticiasdurango.com\/index.php\/wp-json\/wp\/v2\/categories?post=12215"},{"taxonomy":"post_tag","embeddable":true,"href":"https:\/\/samanoticiasdurango.com\/index.php\/wp-json\/wp\/v2\/tags?post=12215"}],"curies":[{"name":"wp","href":"https:\/\/api.w.org\/{rel}","templated":true}]}}